{"id":21124,"date":"2023-11-29T12:08:17","date_gmt":"2023-11-29T18:08:17","guid":{"rendered":"https:\/\/noticiasveracruz.com\/?p=21124"},"modified":"2023-11-29T12:08:17","modified_gmt":"2023-11-29T18:08:17","slug":"rechaza-amlo-suspension-en-x-de-cuenta-de-fox","status":"publish","type":"post","link":"https:\/\/noticiasveracruz.com\/index.php\/2023\/11\/29\/rechaza-amlo-suspension-en-x-de-cuenta-de-fox\/","title":{"rendered":"Rechaza AMLO suspensi\u00f3n en X de cuenta de Fox"},"content":{"rendered":"<p><span style=\"font-size: 14pt;\">El presidente Andr\u00e9s Manuel L\u00f3pez Obrador expres\u00f3 este mi\u00e9rcoles su rechazo a que haya sido cerrada la cuenta de la red social X del ex presidente Vicente Fox, pero se\u00f1al\u00f3 que el panista debe aprender a autolimitarse, en referencia a los comentarios mis\u00f3ginos hechos en la plataforma virtual por el ex mandatario sobre Mariana Rodr\u00edguez, esposa de Samuel Garc\u00eda, precandidato presidencial de Movimiento Ciudadano.<\/span><\/p>\n<p><span style=\"font-size: 14pt;\">Al responder en su conferencia de prensa diaria a preguntas sobre el cierre de la cuenta de Fox, L\u00f3pez Obrador dijo: \u201cNo, est\u00e1 mal, no deben de cerrarla, yo siempre he estado en contra de la censura, prohibido prohibir y m\u00e1s cuando se trata de la libertad de expresi\u00f3n\u201d.<\/span><\/p>\n<p><span style=\"font-size: 14pt;\">Record\u00f3 que cuando fue cerrada la cuenta de X, entonces llamada Twitter, del ex presidente de Estados Unidos Donald Trump, tambi\u00e9n se opuso.<\/span><\/p>\n<p><span style=\"font-size: 14pt;\">\u201cMe opuse y aqu\u00ed lo manifest\u00e9, y no solo eso, cuando en Twitter, el nuevo directivo, el nuevo due\u00f1o Elon Musk, llev\u00f3 a cabo una consulta para ver si le devolv\u00edan la cuenta a Donald Trum, vot\u00e9 a favor de que le regresaran su cuenta y lo dej\u00e9 de manifiesto\u201d.<\/span><\/p>\n<p><img loading=\"lazy\" decoding=\"async\" class=\"alignnone size-medium wp-image-21127\" src=\"http:\/\/noticiasveracruz.com\/wp-content\/uploads\/2023\/11\/mariana-rodriguez-vestido-rojo-ideal-300x187.jpg\" alt=\"\" width=\"300\" height=\"187\" srcset=\"https:\/\/noticiasveracruz.com\/wp-content\/uploads\/2023\/11\/mariana-rodriguez-vestido-rojo-ideal-300x187.jpg 300w, https:\/\/noticiasveracruz.com\/wp-content\/uploads\/2023\/11\/mariana-rodriguez-vestido-rojo-ideal-1024x637.jpg 1024w, https:\/\/noticiasveracruz.com\/wp-content\/uploads\/2023\/11\/mariana-rodriguez-vestido-rojo-ideal-768x478.jpg 768w, https:\/\/noticiasveracruz.com\/wp-content\/uploads\/2023\/11\/mariana-rodriguez-vestido-rojo-ideal.jpg 1200w\" sizes=\"auto, (max-width: 300px) 100vw, 300px\" \/><\/p>\n<p><span style=\"font-size: 14pt;\">Sobre las expresiones de Fox sobre Marina Rodr\u00edguez, L\u00f3pez Obrador opin\u00f3 que el pol\u00edtico guanajuatense debe \u201cautolimitarse\u201d y dijo que \u201cojal\u00e1 que no lo vuelva a hacer\u201d.<\/span><\/p>\n<p><span style=\"font-size: 14pt;\">\u201cNo me meto en eso, pero lo que quiero decir es que no debe haber censura, nada m\u00e1s que se entienda que todo eso que se hace de manera extravagante, grosera, de manera indebida, tiene un efecto de bumerang, se regresa y afecta a quien env\u00eda un mensaje as\u00ed o se comporta de esa manera\u201d, expres\u00f3.<\/span><\/p>\n<p><span style=\"font-size: 14pt;\">\u201cPor eso hay que aprender a autolimitarnos y no odiar y entender que en la pol\u00edtica se puede tener adversarios, pero no enemigos. Acu\u00e9rdense de la frase b\u00edblica, amar al pr\u00f3jimo como a uno mismo y por mucho enojo que haya que respiren profundo, que cuenten hasta diez o un tafil\u201d.<\/span><\/p>\n","protected":false},"excerpt":{"rendered":"<p>El presidente Andr\u00e9s Manuel L\u00f3pez Obrador expres\u00f3 este mi\u00e9rcoles su rechazo a que haya sido cerrada la cuenta de la<\/p>\n","protected":false},"author":4,"featured_media":21126,"comment_status":"closed","ping_status":"closed","sticky":false,"template":"","format":"standard","meta":{"colormag_page_container_layout":"default_layout","colormag_page_sidebar_layout":"default_layout","_jetpack_memberships_contains_paid_content":false,"footnotes":"","jetpack_publicize_message":"","jetpack_publicize_feature_enabled":true,"jetpack_social_post_already_shared":true,"jetpack_social_options":{"image_generator_settings":{"template":"highway","default_image_id":0,"font":"","enabled":false},"version":2}},"categories":[4],"tags":[],"class_list":["post-21124","post","type-post","status-publish","format-standard","has-post-thumbnail","hentry","category-nacional"],"jetpack_publicize_connections":[],"jetpack_featured_media_url":"https:\/\/noticiasveracruz.com\/wp-content\/uploads\/2023\/11\/vicente.jpg","jetpack_sharing_enabled":true,"publishpress_future_action":{"enabled":false,"date":"2026-05-06 13:59:33","action":"change-status","newStatus":"draft","terms":[],"taxonomy":"category","extraData":[]},"publishpress_future_workflow_manual_trigger":{"enabledWorkflows":[]},"_links":{"self":[{"href":"https:\/\/noticiasveracruz.com\/index.php\/wp-json\/wp\/v2\/posts\/21124","targetHints":{"allow":["GET"]}}],"collection":[{"href":"https:\/\/noticiasveracruz.com\/index.php\/wp-json\/wp\/v2\/posts"}],"about":[{"href":"https:\/\/noticiasveracruz.com\/index.php\/wp-json\/wp\/v2\/types\/post"}],"author":[{"embeddable":true,"href":"https:\/\/noticiasveracruz.com\/index.php\/wp-json\/wp\/v2\/users\/4"}],"replies":[{"embeddable":true,"href":"https:\/\/noticiasveracruz.com\/index.php\/wp-json\/wp\/v2\/comments?post=21124"}],"version-history":[{"count":0,"href":"https:\/\/noticiasveracruz.com\/index.php\/wp-json\/wp\/v2\/posts\/21124\/revisions"}],"wp:featuredmedia":[{"embeddable":true,"href":"https:\/\/noticiasveracruz.com\/index.php\/wp-json\/wp\/v2\/media\/21126"}],"wp:attachment":[{"href":"https:\/\/noticiasveracruz.com\/index.php\/wp-json\/wp\/v2\/media?parent=21124"}],"wp:term":[{"taxonomy":"category","embeddable":true,"href":"https:\/\/noticiasveracruz.com\/index.php\/wp-json\/wp\/v2\/categories?post=21124"},{"taxonomy":"post_tag","embeddable":true,"href":"https:\/\/noticiasveracruz.com\/index.php\/wp-json\/wp\/v2\/tags?post=21124"}],"curies":[{"name":"wp","href":"https:\/\/api.w.org\/{rel}","templated":true}]}}