{"id":21102,"date":"2023-11-29T00:53:24","date_gmt":"2023-11-29T06:53:24","guid":{"rendered":"https:\/\/noticiasveracruz.com\/?p=21102"},"modified":"2023-11-29T00:53:24","modified_gmt":"2023-11-29T06:53:24","slug":"mordaza-a-fox","status":"publish","type":"post","link":"https:\/\/noticiasveracruz.com\/index.php\/2023\/11\/29\/mordaza-a-fox\/","title":{"rendered":"Mordaza a Fox"},"content":{"rendered":"<p><span style=\"font-size: 18pt; color: #cc99ff;\"><strong>ALMA GRANDE<\/strong><\/span><\/p>\n<p><span style=\"font-size: 18pt; color: #cc99ff;\"><strong>Por \u00c1ngel \u00c1lvaro Pe\u00f1a<\/strong><\/span><\/p>\n<p><span style=\"font-size: 14pt;\">La libertad de expresi\u00f3n tiene l\u00edmites cuando se traspasa la frontera de la libertad de ideas y se pasa al libertinaje de insultos. Hay reglas en las redes que nadie puede violar y se castigan con la cancelaci\u00f3n, temporal o definitiva de su uso para el cliente que no supo utilizarlas correctamente.<\/span><\/p>\n<p><span style=\"font-size: 18pt;\">Esto fue lo que le sucedi\u00f3 al ex presidente Vicente Fox, quien, al insultar a una mujer, en este caso a la esposa del candidato de Movimiento Ciudadano a la Presidencia de la Rep\u00fablica, la empresa llamada ahora X y anteriormente Twitter, le cerr\u00f3 la cuenta al guanajuatense.<\/span><\/p>\n<figure id=\"attachment_21104\" aria-describedby=\"caption-attachment-21104\" style=\"width: 300px\" class=\"wp-caption alignnone\"><img loading=\"lazy\" decoding=\"async\" class=\"wp-image-21104 size-medium\" src=\"http:\/\/noticiasveracruz.com\/wp-content\/uploads\/2023\/11\/Vicente-Fox-300x200.jpg\" alt=\"\" width=\"300\" height=\"200\" srcset=\"https:\/\/noticiasveracruz.com\/wp-content\/uploads\/2023\/11\/Vicente-Fox-300x200.jpg 300w, https:\/\/noticiasveracruz.com\/wp-content\/uploads\/2023\/11\/Vicente-Fox-1024x683.jpg 1024w, https:\/\/noticiasveracruz.com\/wp-content\/uploads\/2023\/11\/Vicente-Fox-768x512.jpg 768w, https:\/\/noticiasveracruz.com\/wp-content\/uploads\/2023\/11\/Vicente-Fox.jpg 1200w\" sizes=\"auto, (max-width: 300px) 100vw, 300px\" \/><figcaption id=\"caption-attachment-21104\" class=\"wp-caption-text\">Vicente Fox<\/figcaption><\/figure>\n<p><span style=\"font-size: 14pt;\">Fox Quesada asegur\u00f3 que su cuenta en la red X, \u201cha sido suspendida sin notificaci\u00f3n alguna y de forma arbitraria\u201d. Todo mundo sabe hasta d\u00f3nde se act\u00faa de buena fe y a pesar de los desvar\u00edos de Fox, nunca hab\u00eda llegado tan lejos al nombrar \u201cDama de compa\u00f1\u00eda\u201d a Mariana Rodr\u00edguez, menos a\u00fan trat\u00e1ndose de tiempos pol\u00edticos.<\/span><\/p>\n<figure id=\"attachment_21103\" aria-describedby=\"caption-attachment-21103\" style=\"width: 300px\" class=\"wp-caption alignnone\"><img loading=\"lazy\" decoding=\"async\" class=\"wp-image-21103 size-medium\" src=\"http:\/\/noticiasveracruz.com\/wp-content\/uploads\/2023\/11\/tvazteca.brightspotcdn-2-300x169.jpg\" alt=\"\" width=\"300\" height=\"169\" srcset=\"https:\/\/noticiasveracruz.com\/wp-content\/uploads\/2023\/11\/tvazteca.brightspotcdn-2-300x169.jpg 300w, https:\/\/noticiasveracruz.com\/wp-content\/uploads\/2023\/11\/tvazteca.brightspotcdn-2-768x432.jpg 768w, https:\/\/noticiasveracruz.com\/wp-content\/uploads\/2023\/11\/tvazteca.brightspotcdn-2.jpg 928w\" sizes=\"auto, (max-width: 300px) 100vw, 300px\" \/><figcaption id=\"caption-attachment-21103\" class=\"wp-caption-text\">Mariana Rodr\u00edguez<\/figcaption><\/figure>\n<p><span style=\"font-size: 14pt;\">Esta es una manera de c\u00f3mo trata a las mujeres el ex presidente. En este caso las feministas callaron, nadie sali\u00f3 a la calle a pintar muros y destruir monumentos.<\/span><\/p>\n<p><span style=\"font-size: 14pt;\">Debe subrayarse la constante intervenci\u00f3n de los ex presidentes panistas en busca de los reflectores de los medios. Los ex presidentes del PRI, acostumbrados a una disciplina pol\u00edtica que les dio fuerza social durante muchos a\u00f1os, no hablan y si lo hacen es aisladamente y en el extranjero. Pero los panistas no s\u00f3lo extra\u00f1an ser vistos por la gente sino que deben hacer de sus palabras un esc\u00e1ndalo cada d\u00eda m\u00e1s grande para poder argumentar que, en caso de ser detenidos, por delitos comunes, puedan decir que los detienen por persecuci\u00f3n pol\u00edtica, como ahora se\u00f1alan m\u00e1s de uno de los panistas implicados en el c\u00e1rtel inmobiliario.<\/span><\/p>\n<p><span style=\"font-size: 18pt;\">Cada d\u00eda se hace m\u00e1s evidente la falta de oficio pol\u00edtico entre los panistas, quienes \u00faltimamente han llegado a la escena de la funci\u00f3n p\u00fablica de manera poco clara, con grandes y graves errores como el hecho de que hace una semana haya sido condenado a cuatro a\u00f1os el ex gobernador panista de Aguascalientes, que acaba de dejar el cargo hace un a\u00f1o, por el delito de uso indebido del servicio p\u00fablico y tr\u00e1fico de influencias.<\/span><\/p>\n<p><span style=\"font-size: 14pt;\">La noticia se difundi\u00f3 discretamente y con s\u00f3lo dos o tres p\u00e1rrafos de contenido, como si hubieran pactado no dar m\u00e1s detalles. La lista de delitos por corrupci\u00f3n de panistas es interminable, a pesar de que siempre est\u00e1n responsabilizando de corrupci\u00f3n a sus contrincantes de otros partidos. El ex presidente fue duramente criticado por esta publicaci\u00f3n e incluso fue denunciado ante el INE por violencia pol\u00edtica de g\u00e9nero.<\/span><\/p>\n<p><span style=\"font-size: 14pt;\">Esto es uno de los motivos que los ex presidentes de la Rep\u00fablica busquen los medios para dar a conocer sus cr\u00edticas e insultos principalmente, con el fin de satisfacer su ego y no quedarse en el anonimato una vez que fueron adictos a su figura p\u00fablica en los medios.<\/span><\/p>\n<figure id=\"attachment_21105\" aria-describedby=\"caption-attachment-21105\" style=\"width: 300px\" class=\"wp-caption alignnone\"><img loading=\"lazy\" decoding=\"async\" class=\"wp-image-21105 size-medium\" src=\"http:\/\/noticiasveracruz.com\/wp-content\/uploads\/2023\/11\/felipe-calderon-armas-24-mil-millones-dolares-helicopteros-rusos-410935867-300x155.jpg\" alt=\"\" width=\"300\" height=\"155\" srcset=\"https:\/\/noticiasveracruz.com\/wp-content\/uploads\/2023\/11\/felipe-calderon-armas-24-mil-millones-dolares-helicopteros-rusos-410935867-300x155.jpg 300w, https:\/\/noticiasveracruz.com\/wp-content\/uploads\/2023\/11\/felipe-calderon-armas-24-mil-millones-dolares-helicopteros-rusos-410935867-1024x529.jpg 1024w, https:\/\/noticiasveracruz.com\/wp-content\/uploads\/2023\/11\/felipe-calderon-armas-24-mil-millones-dolares-helicopteros-rusos-410935867-768x397.jpg 768w, https:\/\/noticiasveracruz.com\/wp-content\/uploads\/2023\/11\/felipe-calderon-armas-24-mil-millones-dolares-helicopteros-rusos-410935867.jpg 1200w\" sizes=\"auto, (max-width: 300px) 100vw, 300px\" \/><figcaption id=\"caption-attachment-21105\" class=\"wp-caption-text\">Felipe Calder\u00f3n<\/figcaption><\/figure>\n<p><span style=\"font-size: 18pt;\">Las apariciones de Fox y Calder\u00f3n no s\u00f3lo son frecuentes sino estridentes, cada d\u00eda una debe superar a la anterior para que puedan tener cabida en los medios.<\/span><\/p>\n<p><span style=\"font-size: 14pt;\">Situaciones de las que no est\u00e1 exenta ninguna publicaci\u00f3n en M\u00e9xico, porque son los riesgos del periodismo y la informaci\u00f3n, pero cuando este tipo de declaraciones se hace con la sola intenci\u00f3n de insultar, de llamar la atenci\u00f3n o de ganar espacios de exhibicionismo, no habla de ejercicio pol\u00edtico sino de una manera de agredir al pr\u00f3ximo con premeditaci\u00f3n, alevos\u00eda y ventaja.<\/span><\/p>\n<p><span style=\"font-size: 18pt;\">La herramienta rebas\u00f3 al ser que la maneja porque hay h\u00e1bitos en las comunidades que basta y sobra con que llegue un mensaje al celular con el que se coincide para reproducirlo, y en muchas ocasiones son s\u00f3lo mentiras, manipulaci\u00f3n, intentos de desestabilizaci\u00f3n.<\/span><\/p>\n<p><span style=\"font-size: 14pt;\">Las redes sociales son armas que disparan con el fin de asesinar pol\u00edticamente a algunos, en lugar de debatir sobre los temas con los que no se est\u00e1 de acuerdo. Pero sobre todo las redes aumentan la pasividad en la gente que, en lugar de ser testigos de los hechos, se asoman a una peque\u00f1a pantalla para ver lo que otros quieren que vean y pensar lo que otros quieren que piensen y as\u00ed sucesivamente hasta llegar al extremo de votar por quien otros quieren que voten.<\/span><\/p>\n<p><span style=\"font-size: 18pt;\">Vicente Fox usa tan seguido y de manera tan agresiva las redes sociales que no se sabe si su prioridad es que le regresen su pensi\u00f3n o las herramientas de su celular.<\/span><\/p>\n<p><span style=\"font-size: 14pt;\"><strong>PEGA Y CORRE.-<\/strong> La visita de la precandidata de Morena a la Presidencia de la Rep\u00fablica, Claudia Shienbaum a Palacio Nacional, a Andr\u00e9s Manuel L\u00f3pez Obrador, indign\u00f3 a la oposici\u00f3n, que lo interpret\u00f3 como una clara intervenci\u00f3n del Ejecutivo en la campa\u00f1a partidista\u2026Esta columna se publica los lunes, mi\u00e9rcoles y viernes.<\/span><\/p>\n<p><img loading=\"lazy\" decoding=\"async\" class=\"alignnone wp-image-20959 size-full\" src=\"http:\/\/noticiasveracruz.com\/wp-content\/uploads\/2023\/11\/FIRMA-EDITORIAL-PD-3.jpg\" alt=\"\" width=\"1024\" height=\"125\" srcset=\"https:\/\/noticiasveracruz.com\/wp-content\/uploads\/2023\/11\/FIRMA-EDITORIAL-PD-3.jpg 1024w, https:\/\/noticiasveracruz.com\/wp-content\/uploads\/2023\/11\/FIRMA-EDITORIAL-PD-3-300x37.jpg 300w, https:\/\/noticiasveracruz.com\/wp-content\/uploads\/2023\/11\/FIRMA-EDITORIAL-PD-3-768x94.jpg 768w\" sizes=\"auto, (max-width: 1024px) 100vw, 1024px\" \/><\/p>\n","protected":false},"excerpt":{"rendered":"<p>ALMA GRANDE Por \u00c1ngel \u00c1lvaro Pe\u00f1a La libertad de expresi\u00f3n tiene l\u00edmites cuando se traspasa la frontera de la libertad<\/p>\n","protected":false},"author":4,"featured_media":18628,"comment_status":"closed","ping_status":"closed","sticky":false,"template":"","format":"standard","meta":{"colormag_page_container_layout":"default_layout","colormag_page_sidebar_layout":"default_layout","_jetpack_memberships_contains_paid_content":false,"footnotes":"","jetpack_publicize_message":"","jetpack_publicize_feature_enabled":true,"jetpack_social_post_already_shared":true,"jetpack_social_options":{"image_generator_settings":{"template":"highway","default_image_id":0,"font":"","enabled":false},"version":2}},"categories":[6],"tags":[],"class_list":["post-21102","post","type-post","status-publish","format-standard","has-post-thumbnail","hentry","category-columnistas"],"jetpack_publicize_connections":[],"jetpack_featured_media_url":"https:\/\/noticiasveracruz.com\/wp-content\/uploads\/2023\/09\/ANGEL-ALVARO-PENA-800x445-1.png","jetpack_sharing_enabled":true,"publishpress_future_action":{"enabled":false,"date":"2026-05-06 09:22:47","action":"change-status","newStatus":"draft","terms":[],"taxonomy":"category","extraData":[]},"publishpress_future_workflow_manual_trigger":{"enabledWorkflows":[]},"_links":{"self":[{"href":"https:\/\/noticiasveracruz.com\/index.php\/wp-json\/wp\/v2\/posts\/21102","targetHints":{"allow":["GET"]}}],"collection":[{"href":"https:\/\/noticiasveracruz.com\/index.php\/wp-json\/wp\/v2\/posts"}],"about":[{"href":"https:\/\/noticiasveracruz.com\/index.php\/wp-json\/wp\/v2\/types\/post"}],"author":[{"embeddable":true,"href":"https:\/\/noticiasveracruz.com\/index.php\/wp-json\/wp\/v2\/users\/4"}],"replies":[{"embeddable":true,"href":"https:\/\/noticiasveracruz.com\/index.php\/wp-json\/wp\/v2\/comments?post=21102"}],"version-history":[{"count":0,"href":"https:\/\/noticiasveracruz.com\/index.php\/wp-json\/wp\/v2\/posts\/21102\/revisions"}],"wp:featuredmedia":[{"embeddable":true,"href":"https:\/\/noticiasveracruz.com\/index.php\/wp-json\/wp\/v2\/media\/18628"}],"wp:attachment":[{"href":"https:\/\/noticiasveracruz.com\/index.php\/wp-json\/wp\/v2\/media?parent=21102"}],"wp:term":[{"taxonomy":"category","embeddable":true,"href":"https:\/\/noticiasveracruz.com\/index.php\/wp-json\/wp\/v2\/categories?post=21102"},{"taxonomy":"post_tag","embeddable":true,"href":"https:\/\/noticiasveracruz.com\/index.php\/wp-json\/wp\/v2\/tags?post=21102"}],"curies":[{"name":"wp","href":"https:\/\/api.w.org\/{rel}","templated":true}]}}