{"id":21100,"date":"2023-11-28T20:36:51","date_gmt":"2023-11-29T02:36:51","guid":{"rendered":"https:\/\/noticiasveracruz.com\/?p=21100"},"modified":"2023-11-28T20:36:51","modified_gmt":"2023-11-29T02:36:51","slug":"vino-del-pueblo-y-se-volvio-ladino","status":"publish","type":"post","link":"https:\/\/noticiasveracruz.com\/index.php\/2023\/11\/28\/vino-del-pueblo-y-se-volvio-ladino\/","title":{"rendered":"Vino del pueblo y se volvi\u00f3 ladino"},"content":{"rendered":"<p><span style=\"font-size: 14pt;\"><strong>Por Mois\u00e9s S\u00e1nchez Lim\u00f3n<\/strong><\/span><\/p>\n<p><span style=\"font-size: 14pt;\">Ayer, en San Lunes, el licenciado presidente apareci\u00f3 en la ma\u00f1anera cual v\u00edctima del destino, con el reproche como divisa porque se siente malquerido.<\/span><\/p>\n<p><span style=\"font-size: 14pt;\">S\u00ed, presumi\u00f3 que la gente es feliz \u2013aunque no toda&#8211;, madre\u00f3 a quienes madrea, dir\u00edase como con harto coraje. Aunque, en su homil\u00eda salpicaba reproche: \u00bfpor qu\u00e9 a \u00e9l que tanto ha trabajado por los m\u00e1s pobres ahora lo persiguen, le reclaman y mientan la madre?<\/span><\/p>\n<p><span style=\"font-size: 14pt;\">\u00a1Por qu\u00e9 me han abandonado!, gritar\u00eda.<\/span><\/p>\n<p><span style=\"font-size: 14pt;\">Pero se reserva porque, pues qu\u00e9 culpa tiene la excelsa mezzosoprano y doctora Sheinbaum que anda en busca de ser su extensi\u00f3n en el Maximato. Juanita en potencia con el mensaje estudiado, incapaz de salirse del guion. \u00a1Ni Dios quiera!<\/span><\/p>\n<p><span style=\"font-size: 14pt;\">Pero, bueno\u2026<\/span><\/p>\n<p><span style=\"font-size: 14pt;\">Alguien del gabinete de seguridad, en una de esas reuniones convocadas a las seis de la ma\u00f1ana en Palacio, debe armarse de valor y decir al Duce que inici\u00f3 el \u00faltimo a\u00f1o de su gobierno y est\u00e1 en la ruta cr\u00edtica de p\u00e9rdida del poder.<\/span><\/p>\n<p><span style=\"font-size: 14pt;\">Peor. Se le acab\u00f3 la fuerza de la mano izquierda \u2013Jos\u00e9 Alfredo Jim\u00e9nez dixit\u2014y la derecha no le sirve, no la usa porque es neoliberal y conservadora. \u00a1Ja!<\/span><\/p>\n<p><span style=\"font-size: 14pt;\">\u201cY ahora me da mucho gusto de que voy ahora a la gira a Guerrero y a Oaxaca y est\u00e1 la gente feliz, la mayor\u00eda de la gente\u201d, dijo.<\/span><\/p>\n<p><span style=\"font-size: 14pt;\">S\u00ed, pues, pero en Tlapa, en la Monta\u00f1a de Guerrero, debi\u00f3 entender que los maestros de la CNTE nunca le declararon amor y fidelidad eterna y el domingo, hace dos d\u00edas, se aparecieron en el CRIT para entregarle un pliego petitorio que se resume, como es harto conocido, en el tema de m\u00e1s dinero. Hicieron, elemental, un desmadre y\u2026<\/span><\/p>\n<p><span style=\"font-size: 14pt;\">\u00a1Ah!, el licenciado L\u00f3pez Obrador en sus d\u00edas gloriosos de campa\u00f1a como opositor habr\u00eda acudido sin reparo al encuentro con los maistros para prometerles de todo y decirles que es su aliado contra los neoliberales que aprobaron \u201cla mal llamada reforma educativa\u201d.<\/span><\/p>\n<p><span style=\"font-size: 14pt;\">\u00a1Rec\u00f3rcholis, Quique Pe\u00f1a!<\/span><\/p>\n<p><span style=\"font-size: 14pt;\">\u00a1Caray!, el tiempo no pasa en vano y sufre delirio de persecuci\u00f3n. Sabe que su gobierno ha sido puro rollo y que de aquel man\u00e1 ofrecido hasta el cielo se robaron sus cuates, compadres, amigotes, familiares y todos los etc\u00e9teras que han hecho negocio al amparo de la cacareada honestidad de la 4T.<\/span><\/p>\n<p><span style=\"font-size: 14pt;\">\u201cImag\u00ednense: voy all\u00e1 y hay una agresi\u00f3n, de pura casualidad estaban todos los medios: Radio F\u00f3rmula, \u00bfc\u00f3mo se llama el pasqu\u00edn inmundo?, ah\u00ed estaban los del Reforma, esperando que me agredieran, que me humillaran, esa era la nota que esperaban\u201d, se quej\u00f3 y justific\u00f3 su ausencia en ese acto.<\/span><\/p>\n<p><span style=\"font-size: 14pt;\">Si usted se atrevi\u00f3 a sintonizar su tele para ver y o\u00edr la ma\u00f1anera de ayer lunes, habr\u00e1 notado que apareci\u00f3 un exultante Duce.<\/span><\/p>\n<p><span style=\"font-size: 14pt;\">Y coincidir\u00e1 conmigo en que no es raro ese extra\u00f1o brillo de placer en la mirada de Su Alteza Seren\u00edsima cuando se ensa\u00f1a con el ausente o aquel aludido que prefiere no meterse en problemas con el oligarca mayor del pa\u00eds y acepta, silente, insultos y descalificaciones.<\/span><\/p>\n<p><span style=\"font-size: 14pt;\">\u00a1Ajaj\u00e1! Y se fij\u00f3 que hasta dijo que no iba a la Feria Internacional del Libro porque, caray, dizque, es una especie de c\u00f3nclave de derecha \u2013\u201cah\u00ed llegan todos los intelectuales: Vargas Llosa,\u00a0Krauze, Aguilar Cam\u00edn\u201d, cit\u00f3&#8211;, aunque Paco Taibo II, mero, mero del Fondo de Cultura Econ\u00f3mica, no se la pierde ni tiene pinta de derechista.<\/span><\/p>\n<p><span style=\"font-size: 14pt;\">Adem\u00e1s, dice el licenciado presidente que \u201c(\u2026) algunos sectores\u00a0aspiracionistas\u00a0de clase media que de manera inexplicable act\u00faan de manera o en forma clasista;\u00a0vienen del pueblo y se vuelven ladinos\u201d.<\/span><\/p>\n<p><span style=\"font-size: 14pt;\">\u00bfDe d\u00f3nde vino el aspiracionista licenciado Andr\u00e9s Manuel L\u00f3pez Obrador? \u00bfEra clasemediero o clase calcet\u00edn all\u00e1 en Tabasco?<\/span><\/p>\n<p><span style=\"font-size: 14pt;\">\u00a1Acert\u00f3! Se nos volvi\u00f3 ladino.<\/span><\/p>\n<p><span style=\"font-size: 14pt;\">Y as\u00ed como dice una cosa, dice la otra. Y miente como respira y su pecho, con todo y marcapasos, no es bodega, primo hermano.<\/span><\/p>\n<p><span style=\"font-size: 14pt;\">El hecho es que, el domingo no inaugur\u00f3 el CRIT pero s\u00ed encabez\u00f3, en alg\u00fan lugar de Tlapa de Comonfort, una reuni\u00f3n de evaluaci\u00f3n de caminos en el estado de Guerrero.<\/span><\/p>\n<p><span style=\"font-size: 14pt;\">Y \u00bfqui\u00e9n cree usted que estuvo presente, inmaculada, pr\u00edstina, maquillada para Vogue?<\/span><\/p>\n<p><span style=\"font-size: 14pt;\">\u00a1S\u00ed!, la adolescente que juega a ser gobernadora de Guerrero y hace buena mancuerna con la licenciada que no tiene ni la m\u00e1s remota idea de cu\u00e1l es la funci\u00f3n de la Secretar\u00eda de Gobernaci\u00f3n.<\/span><\/p>\n<p><span style=\"font-size: 14pt;\">Pero, vaya, ante un selecto y conocedor equipazo de colaboradores y hasta autoridades de las regiones Monta\u00f1a y Costa Chica de Guerrero, el licenciado presidente se sincer\u00f3. Ya sabe usted c\u00f3mo es de ilustrativo escuchar al Duce. Y m\u00e1s hoy que anda medio sentido, como jarrito de Tlaquepaque porque ya no lo quieren y hasta le mientan la madre.<\/span><\/p>\n<p><span style=\"font-size: 14pt;\">\u201cEste d\u00eda ten\u00eda programada la inauguraci\u00f3n del centro de rehabilitaci\u00f3n para ni\u00f1as y ni\u00f1os con discapacidad en La Monta\u00f1a, sin embargo, no fue posible realizar este acto porque un grupo de maestros estaban en actitud de provocaci\u00f3n y en busca de conflicto (\u2026)\u201d, refiri\u00f3.<\/span><\/p>\n<p><span style=\"font-size: 14pt;\">Y, a punto de soltar la l\u00e1grima comparti\u00f3:<\/span><\/p>\n<p><span style=\"font-size: 14pt;\">\u201cYa llevo mucho tiempo evadiendo el acoso de extremistas y de oligarcas, luchando por la justicia y aplicando el principio de la no violencia\u201d.<\/span><\/p>\n<p><span style=\"font-size: 14pt;\">\u00a1Snif, snif!<\/span><\/p>\n<p><span style=\"font-size: 14pt;\">Bueno, licenciado presidente, todo indica que se pelea con fantasmas y ha comenzado a ver enemigos en todos lados, resaca de esa borrachera que se peg\u00f3 en cinco a\u00f1os. Andr\u00e9s Manuel, enti\u00e9ndalo.<\/span><\/p>\n<p><span style=\"font-size: 14pt;\">Porque, a ver, a ver, \u00bfpor qu\u00e9 no fue a la Feria Internacional del Libro e incluso oblig\u00f3, \u00bfa poco no?, a la mezzosoprano Claudia Sheinbaum a mentir con aquello de que su agenda no lo permit\u00eda.<\/span><\/p>\n<p><span style=\"font-size: 14pt;\">&#8212; \u00bfPor qu\u00e9 no fue, licenciado?<\/span><\/p>\n<p><span style=\"font-size: 14pt;\">&#8212; A m\u00ed me han invitado durante algunos a\u00f1os; nunca he ido, nunca he ido, porque desde el principio\u2026<\/span><\/p>\n<p><span style=\"font-size: 14pt;\">No \u2013prosigui\u00f3&#8211;, y tiene fama, buena fama porque incluso son muy buenos para la simulaci\u00f3n, siempre lo hemos dicho, entonces se invitaba a Saramago y a escritores buenos y progresistas; adem\u00e1s, como se destinaba y se sigue destinando mucho dinero p\u00fablico para eso, pues son gastos pagados en los mejores hoteles, buenos vi\u00e1ticos.<\/span><\/p>\n<p><span style=\"font-size: 14pt;\">Y no estoy en contra, \u00bfeh?\u00a0Nada m\u00e1s\u00a0decir\u00a0que tiene una tendencia conservadora. Yo por eso no voy&#8211;, argument\u00f3 el licenciado presidente.<\/span><\/p>\n<p><span style=\"font-size: 14pt;\">\u00a1Qu\u00e9 bueno! Nos ten\u00eda con harta preocupaci\u00f3n, sobre todo porque usted presume, Andr\u00e9s Manuel, que sus libros han sido best seller, \u00bfigual que El Rey del Cash y El Gran Corruptor? \u00a1Ups! Vaya, vaya con el que vino del pueblo y se volvi\u00f3 ladino. Rima.<\/span><\/p>\n<p><span style=\"font-size: 14pt;\">\u00bfY usted qu\u00e9 opina? &#8211;Nino Can\u00fan dixit&#8211;. \u00bfPos no que muy intelectual, escritor, historiador y hasta compadre de la CNTE?<\/span><\/p>\n<p><span style=\"font-size: 14pt;\">\u00a1Pamplinas! \u00a1Agu\u00e1ntame el corte!<\/span><\/p>\n<p><span style=\"font-size: 14pt;\">\u201cEl tiempo pasa\/ Y no te puedo olvidar\/ Te traigo en mi pensamiento, constante, mi amor\/ Y aunque trato de olvidarte, cada d\u00eda te extra\u00f1o m\u00e1s\u201d, apr\u00e9ndase la letra de esta rolita de Antonio Aguilar, licenciado presidente. \u00a1C\u00e1spita, Drakko! Digo.<\/span><\/p>\n<p><img loading=\"lazy\" decoding=\"async\" class=\"alignnone wp-image-20959 size-full\" src=\"http:\/\/noticiasveracruz.com\/wp-content\/uploads\/2023\/11\/FIRMA-EDITORIAL-PD-3.jpg\" alt=\"\" width=\"1024\" height=\"125\" srcset=\"https:\/\/noticiasveracruz.com\/wp-content\/uploads\/2023\/11\/FIRMA-EDITORIAL-PD-3.jpg 1024w, https:\/\/noticiasveracruz.com\/wp-content\/uploads\/2023\/11\/FIRMA-EDITORIAL-PD-3-300x37.jpg 300w, https:\/\/noticiasveracruz.com\/wp-content\/uploads\/2023\/11\/FIRMA-EDITORIAL-PD-3-768x94.jpg 768w\" sizes=\"auto, (max-width: 1024px) 100vw, 1024px\" \/><\/p>\n","protected":false},"excerpt":{"rendered":"<p>Por Mois\u00e9s S\u00e1nchez Lim\u00f3n Ayer, en San Lunes, el licenciado presidente apareci\u00f3 en la ma\u00f1anera cual v\u00edctima del destino, con<\/p>\n","protected":false},"author":4,"featured_media":12769,"comment_status":"closed","ping_status":"closed","sticky":false,"template":"","format":"standard","meta":{"colormag_page_container_layout":"default_layout","colormag_page_sidebar_layout":"default_layout","_jetpack_memberships_contains_paid_content":false,"footnotes":"","jetpack_publicize_message":"","jetpack_publicize_feature_enabled":true,"jetpack_social_post_already_shared":true,"jetpack_social_options":{"image_generator_settings":{"template":"highway","default_image_id":0,"font":"","enabled":false},"version":2}},"categories":[6],"tags":[],"class_list":["post-21100","post","type-post","status-publish","format-standard","has-post-thumbnail","hentry","category-columnistas"],"jetpack_publicize_connections":[],"jetpack_featured_media_url":"https:\/\/noticiasveracruz.com\/wp-content\/uploads\/2023\/02\/P-MOISES-SANCHEZ.png","jetpack_sharing_enabled":true,"publishpress_future_action":{"enabled":false,"date":"2026-05-06 08:36:57","action":"change-status","newStatus":"draft","terms":[],"taxonomy":"category","extraData":[]},"publishpress_future_workflow_manual_trigger":{"enabledWorkflows":[]},"_links":{"self":[{"href":"https:\/\/noticiasveracruz.com\/index.php\/wp-json\/wp\/v2\/posts\/21100","targetHints":{"allow":["GET"]}}],"collection":[{"href":"https:\/\/noticiasveracruz.com\/index.php\/wp-json\/wp\/v2\/posts"}],"about":[{"href":"https:\/\/noticiasveracruz.com\/index.php\/wp-json\/wp\/v2\/types\/post"}],"author":[{"embeddable":true,"href":"https:\/\/noticiasveracruz.com\/index.php\/wp-json\/wp\/v2\/users\/4"}],"replies":[{"embeddable":true,"href":"https:\/\/noticiasveracruz.com\/index.php\/wp-json\/wp\/v2\/comments?post=21100"}],"version-history":[{"count":0,"href":"https:\/\/noticiasveracruz.com\/index.php\/wp-json\/wp\/v2\/posts\/21100\/revisions"}],"wp:featuredmedia":[{"embeddable":true,"href":"https:\/\/noticiasveracruz.com\/index.php\/wp-json\/wp\/v2\/media\/12769"}],"wp:attachment":[{"href":"https:\/\/noticiasveracruz.com\/index.php\/wp-json\/wp\/v2\/media?parent=21100"}],"wp:term":[{"taxonomy":"category","embeddable":true,"href":"https:\/\/noticiasveracruz.com\/index.php\/wp-json\/wp\/v2\/categories?post=21100"},{"taxonomy":"post_tag","embeddable":true,"href":"https:\/\/noticiasveracruz.com\/index.php\/wp-json\/wp\/v2\/tags?post=21100"}],"curies":[{"name":"wp","href":"https:\/\/api.w.org\/{rel}","templated":true}]}}