{"id":21053,"date":"2023-11-28T10:15:06","date_gmt":"2023-11-28T16:15:06","guid":{"rendered":"https:\/\/noticiasveracruz.com\/?p=21053"},"modified":"2023-11-28T10:15:06","modified_gmt":"2023-11-28T16:15:06","slug":"cafetaleros-exigiran-pago-de-compensacion","status":"publish","type":"post","link":"https:\/\/noticiasveracruz.com\/index.php\/2023\/11\/28\/cafetaleros-exigiran-pago-de-compensacion\/","title":{"rendered":"Cafetaleros exigir\u00e1n pago de compensaci\u00f3n"},"content":{"rendered":"<p><span style=\"font-size: 14pt;\">Totutla, Ver.- Productores de caf\u00e9 exigir\u00e1n al gobierno federal el pago de un seguro de compensaci\u00f3n ante el desplome en los precios del producto que pasaron de 15 pesos hasta seis pesos el kilo de caf\u00e9 cereza.<\/span><\/p>\n<p><span style=\"font-size: 14pt;\">Reunidos en un foro de caf\u00e9 en Totutla, productores de diversas regiones de Veracruz calificaron la situaci\u00f3n como \u201ccatastr\u00f3fica\u201d y el pr\u00f3ximo 4 de diciembre se reunir\u00e1n con la Secretar\u00eda de Agricultura y Desarrollo Rural, para hacerle planteamientos para salvar la producci\u00f3n este a\u00f1o.<\/span><\/p>\n<p><span style=\"font-size: 14pt;\">Jos\u00e9 Julio Espinoza integrante de la comisi\u00f3n de precios del caf\u00e9 inform\u00f3 que solicitar\u00e1n un programa de compensaci\u00f3n fiscal que ayude a capitalizar a\u00a0 los productores ante la ca\u00edda de precios que oscila entre los 7 y hasta 6 pesos el kilo de caf\u00e9 cereza.<\/span><\/p>\n<p><img loading=\"lazy\" decoding=\"async\" class=\"alignnone size-medium wp-image-21055\" src=\"http:\/\/noticiasveracruz.com\/wp-content\/uploads\/2023\/11\/8b1-1-135x300.jpg\" alt=\"\" width=\"135\" height=\"300\" srcset=\"https:\/\/noticiasveracruz.com\/wp-content\/uploads\/2023\/11\/8b1-1-135x300.jpg 135w, https:\/\/noticiasveracruz.com\/wp-content\/uploads\/2023\/11\/8b1-1-460x1024.jpg 460w, https:\/\/noticiasveracruz.com\/wp-content\/uploads\/2023\/11\/8b1-1.jpg 575w\" sizes=\"auto, (max-width: 135px) 100vw, 135px\" \/><\/p>\n<p><span style=\"font-size: 14pt;\">La compensaci\u00f3n ser\u00eda un apoyo emergente de al menos 10 mil pesos por hect\u00e1rea y que los productores sean apoyados con el programa de fertilizantes. \u201cEstamos hablando de que los cafeticultores perdieron entre el 60 o 70% de los ingresos esperados para este a\u00f1o\u201d, dijo.<\/span><\/p>\n<p><span style=\"font-size: 14pt;\">En el foro, Fernando Celis, asesor general de la Coordinadora Nacional de Organizaciones Cafetaleras (CNOC), detall\u00f3 que el desplome de precios es multifactorial y depende de la bolsa de valores de New York, pero se alert\u00f3 a las autoridades federales de la situaci\u00f3n y fueron omisas en apoyar a los productores.\u00a0 Detallaron que hay productores que prefieren dejar perder la cosecha ante los bajos precios, pues cosechar les representa mayor p\u00e9rdida porque implica pagar cortadores y transporte.<\/span><\/p>\n<p><span style=\"font-size: 14pt;\">Este lunes en Plaza lerdo en Xalapa, el presidente del consejo regional del caf\u00e9, Cirilo Elotl\u00e1n inform\u00f3 que desde la Amecaf\u00e9 se dirigi\u00f3 un escrito al Presidente Andr\u00e9s Manuel L\u00f3pez Obrador explicando la situaci\u00f3n de los cafetaleros y el pr\u00f3ximo 14 de diciembre habr\u00e1 un foro nacional cafetalero y asistir\u00e1n a la ma\u00f1anera para plantearle sus demandas.<\/span><\/p>\n","protected":false},"excerpt":{"rendered":"<p>Totutla, Ver.- Productores de caf\u00e9 exigir\u00e1n al gobierno federal el pago de un seguro de compensaci\u00f3n ante el desplome en<\/p>\n","protected":false},"author":4,"featured_media":21054,"comment_status":"closed","ping_status":"closed","sticky":false,"template":"","format":"standard","meta":{"colormag_page_container_layout":"default_layout","colormag_page_sidebar_layout":"default_layout","_jetpack_memberships_contains_paid_content":false,"footnotes":"","jetpack_publicize_message":"","jetpack_publicize_feature_enabled":true,"jetpack_social_post_already_shared":true,"jetpack_social_options":{"image_generator_settings":{"template":"highway","default_image_id":0,"font":"","enabled":false},"version":2}},"categories":[356],"tags":[],"class_list":["post-21053","post","type-post","status-publish","format-standard","has-post-thumbnail","hentry","category-veracruz"],"jetpack_publicize_connections":[],"jetpack_featured_media_url":"https:\/\/noticiasveracruz.com\/wp-content\/uploads\/2023\/11\/8b-4.jpg","jetpack_sharing_enabled":true,"publishpress_future_action":{"enabled":false,"date":"2026-05-06 12:55:11","action":"change-status","newStatus":"draft","terms":[],"taxonomy":"category","extraData":[]},"publishpress_future_workflow_manual_trigger":{"enabledWorkflows":[]},"_links":{"self":[{"href":"https:\/\/noticiasveracruz.com\/index.php\/wp-json\/wp\/v2\/posts\/21053","targetHints":{"allow":["GET"]}}],"collection":[{"href":"https:\/\/noticiasveracruz.com\/index.php\/wp-json\/wp\/v2\/posts"}],"about":[{"href":"https:\/\/noticiasveracruz.com\/index.php\/wp-json\/wp\/v2\/types\/post"}],"author":[{"embeddable":true,"href":"https:\/\/noticiasveracruz.com\/index.php\/wp-json\/wp\/v2\/users\/4"}],"replies":[{"embeddable":true,"href":"https:\/\/noticiasveracruz.com\/index.php\/wp-json\/wp\/v2\/comments?post=21053"}],"version-history":[{"count":0,"href":"https:\/\/noticiasveracruz.com\/index.php\/wp-json\/wp\/v2\/posts\/21053\/revisions"}],"wp:featuredmedia":[{"embeddable":true,"href":"https:\/\/noticiasveracruz.com\/index.php\/wp-json\/wp\/v2\/media\/21054"}],"wp:attachment":[{"href":"https:\/\/noticiasveracruz.com\/index.php\/wp-json\/wp\/v2\/media?parent=21053"}],"wp:term":[{"taxonomy":"category","embeddable":true,"href":"https:\/\/noticiasveracruz.com\/index.php\/wp-json\/wp\/v2\/categories?post=21053"},{"taxonomy":"post_tag","embeddable":true,"href":"https:\/\/noticiasveracruz.com\/index.php\/wp-json\/wp\/v2\/tags?post=21053"}],"curies":[{"name":"wp","href":"https:\/\/api.w.org\/{rel}","templated":true}]}}