{"id":21030,"date":"2023-11-27T18:42:41","date_gmt":"2023-11-28T00:42:41","guid":{"rendered":"https:\/\/noticiasveracruz.com\/?p=21030"},"modified":"2023-11-27T18:42:41","modified_gmt":"2023-11-28T00:42:41","slug":"universidad-pedagogica-veracruzana-centro-regional-tuxpan-participa-en-lunes-civico","status":"publish","type":"post","link":"https:\/\/noticiasveracruz.com\/index.php\/2023\/11\/27\/universidad-pedagogica-veracruzana-centro-regional-tuxpan-participa-en-lunes-civico\/","title":{"rendered":"Universidad Pedag\u00f3gica Veracruzana, Centro Regional Tuxpan, participa en Lunes C\u00edvico"},"content":{"rendered":"<p><span style=\"font-size: 14pt;\">Tuxpan, Ver., 27 noviembre 2023.- El gobierno de Tuxpan realiz\u00f3 esta ma\u00f1ana el lunes c\u00edvico en el marco del aniversario de la promulgaci\u00f3n del Plan de Ayala.<\/span><\/p>\n<p><span style=\"font-size: 14pt;\">Participaron alumnas, alumnos y personal docente de la Universidad Pedag\u00f3gica Veracruzana, Centro Regional Tuxpan.<\/span><\/p>\n<p><img loading=\"lazy\" decoding=\"async\" class=\"alignnone size-medium wp-image-21034\" src=\"http:\/\/noticiasveracruz.com\/wp-content\/uploads\/2023\/11\/WhatsApp-Image-2023-11-27-at-2.26.00-PM-300x225.jpeg\" alt=\"\" width=\"300\" height=\"225\" srcset=\"https:\/\/noticiasveracruz.com\/wp-content\/uploads\/2023\/11\/WhatsApp-Image-2023-11-27-at-2.26.00-PM-300x225.jpeg 300w, https:\/\/noticiasveracruz.com\/wp-content\/uploads\/2023\/11\/WhatsApp-Image-2023-11-27-at-2.26.00-PM-768x576.jpeg 768w, https:\/\/noticiasveracruz.com\/wp-content\/uploads\/2023\/11\/WhatsApp-Image-2023-11-27-at-2.26.00-PM.jpeg 1024w\" sizes=\"auto, (max-width: 300px) 100vw, 300px\" \/><\/p>\n<p><span style=\"font-size: 14pt;\">El acto estuvo encabezado por la coordinadora de actos c\u00edvicos, Nadia D\u00edaz Carrillo, en representaci\u00f3n del alcalde Jos\u00e9 Manuel Pozos Castro; los regidores Luis Demetrio L\u00f3pez Mar\u00edn, comisionado en Educaci\u00f3n y Actos C\u00edvicos y Juan G\u00f3mez Garc\u00eda; el Lic. Juan Carpio Isidro, en representaci\u00f3n de la Delegaci\u00f3n Regional de la SEV en Tuxpan.<\/span><\/p>\n<p><img loading=\"lazy\" decoding=\"async\" class=\"alignnone size-medium wp-image-21033\" src=\"http:\/\/noticiasveracruz.com\/wp-content\/uploads\/2023\/11\/WhatsApp-Image-2023-11-27-at-2.26.00-PM-2-300x225.jpeg\" alt=\"\" width=\"300\" height=\"225\" srcset=\"https:\/\/noticiasveracruz.com\/wp-content\/uploads\/2023\/11\/WhatsApp-Image-2023-11-27-at-2.26.00-PM-2-300x225.jpeg 300w, https:\/\/noticiasveracruz.com\/wp-content\/uploads\/2023\/11\/WhatsApp-Image-2023-11-27-at-2.26.00-PM-2-768x576.jpeg 768w, https:\/\/noticiasveracruz.com\/wp-content\/uploads\/2023\/11\/WhatsApp-Image-2023-11-27-at-2.26.00-PM-2.jpeg 1024w\" sizes=\"auto, (max-width: 300px) 100vw, 300px\" \/><\/p>\n<p><span style=\"font-size: 14pt;\">La Mtra. Luc\u00eda Reyes Hern\u00e1ndez, directora de la Universidad Pedag\u00f3gica Veracruzana; la Mtra. Marisol Miquelajauregui Guzm\u00e1n, directora de Museos y Bibliotecas.<\/span><\/p>\n<p><img loading=\"lazy\" decoding=\"async\" class=\"alignnone size-medium wp-image-21031\" src=\"http:\/\/noticiasveracruz.com\/wp-content\/uploads\/2023\/11\/WhatsApp-Image-2023-11-27-at-2.25.59-PM-300x225.jpeg\" alt=\"\" width=\"300\" height=\"225\" srcset=\"https:\/\/noticiasveracruz.com\/wp-content\/uploads\/2023\/11\/WhatsApp-Image-2023-11-27-at-2.25.59-PM-300x225.jpeg 300w, https:\/\/noticiasveracruz.com\/wp-content\/uploads\/2023\/11\/WhatsApp-Image-2023-11-27-at-2.25.59-PM-768x576.jpeg 768w, https:\/\/noticiasveracruz.com\/wp-content\/uploads\/2023\/11\/WhatsApp-Image-2023-11-27-at-2.25.59-PM.jpeg 1024w\" sizes=\"auto, (max-width: 300px) 100vw, 300px\" \/><\/p>\n<p><span style=\"font-size: 14pt;\">Estudiantes del grupo 702 presentaron las efem\u00e9rides de esta semana, y el alumno Ricardo Pascassio relat\u00f3 una rese\u00f1a acerca del D\u00eda Internacional para la Abolici\u00f3n de la Esclavitud.<\/span><\/p>\n<p><span style=\"font-size: 14pt;\">A este evento tambi\u00e9n asistieron directores y coordinadores de las diferentes \u00e1reas del Ayuntamiento; y elementos de Polic\u00eda Municipal.<\/span><\/p>\n","protected":false},"excerpt":{"rendered":"<p>Tuxpan, Ver., 27 noviembre 2023.- El gobierno de Tuxpan realiz\u00f3 esta ma\u00f1ana el lunes c\u00edvico en el marco del aniversario<\/p>\n","protected":false},"author":4,"featured_media":21032,"comment_status":"closed","ping_status":"closed","sticky":false,"template":"","format":"standard","meta":{"colormag_page_container_layout":"default_layout","colormag_page_sidebar_layout":"default_layout","_jetpack_memberships_contains_paid_content":false,"footnotes":"","jetpack_publicize_message":"","jetpack_publicize_feature_enabled":true,"jetpack_social_post_already_shared":true,"jetpack_social_options":{"image_generator_settings":{"template":"highway","default_image_id":0,"font":"","enabled":false},"version":2}},"categories":[356],"tags":[],"class_list":["post-21030","post","type-post","status-publish","format-standard","has-post-thumbnail","hentry","category-veracruz"],"jetpack_publicize_connections":[],"jetpack_featured_media_url":"https:\/\/noticiasveracruz.com\/wp-content\/uploads\/2023\/11\/WhatsApp-Image-2023-11-27-at-2.26.00-PM-1.jpeg","jetpack_sharing_enabled":true,"publishpress_future_action":{"enabled":false,"date":"2026-05-06 09:18:45","action":"change-status","newStatus":"draft","terms":[],"taxonomy":"category","extraData":[]},"publishpress_future_workflow_manual_trigger":{"enabledWorkflows":[]},"_links":{"self":[{"href":"https:\/\/noticiasveracruz.com\/index.php\/wp-json\/wp\/v2\/posts\/21030","targetHints":{"allow":["GET"]}}],"collection":[{"href":"https:\/\/noticiasveracruz.com\/index.php\/wp-json\/wp\/v2\/posts"}],"about":[{"href":"https:\/\/noticiasveracruz.com\/index.php\/wp-json\/wp\/v2\/types\/post"}],"author":[{"embeddable":true,"href":"https:\/\/noticiasveracruz.com\/index.php\/wp-json\/wp\/v2\/users\/4"}],"replies":[{"embeddable":true,"href":"https:\/\/noticiasveracruz.com\/index.php\/wp-json\/wp\/v2\/comments?post=21030"}],"version-history":[{"count":0,"href":"https:\/\/noticiasveracruz.com\/index.php\/wp-json\/wp\/v2\/posts\/21030\/revisions"}],"wp:featuredmedia":[{"embeddable":true,"href":"https:\/\/noticiasveracruz.com\/index.php\/wp-json\/wp\/v2\/media\/21032"}],"wp:attachment":[{"href":"https:\/\/noticiasveracruz.com\/index.php\/wp-json\/wp\/v2\/media?parent=21030"}],"wp:term":[{"taxonomy":"category","embeddable":true,"href":"https:\/\/noticiasveracruz.com\/index.php\/wp-json\/wp\/v2\/categories?post=21030"},{"taxonomy":"post_tag","embeddable":true,"href":"https:\/\/noticiasveracruz.com\/index.php\/wp-json\/wp\/v2\/tags?post=21030"}],"curies":[{"name":"wp","href":"https:\/\/api.w.org\/{rel}","templated":true}]}}