{"id":21027,"date":"2023-11-27T13:14:48","date_gmt":"2023-11-27T19:14:48","guid":{"rendered":"https:\/\/noticiasveracruz.com\/?p=21027"},"modified":"2023-11-27T13:14:48","modified_gmt":"2023-11-27T19:14:48","slug":"lider-campesina-asume-como-nueva-canciller-de-bolivia","status":"publish","type":"post","link":"https:\/\/noticiasveracruz.com\/index.php\/2023\/11\/27\/lider-campesina-asume-como-nueva-canciller-de-bolivia\/","title":{"rendered":"L\u00edder campesina asume como nueva canciller de Bolivia"},"content":{"rendered":"<p><span style=\"font-size: 14pt;\">Una mujer de las organizaciones campesinas asumi\u00f3 el lunes como canciller de Bolivia en remplazo del abogado Rogelio Mayta, quien fue elegido magistrado del Tribunal de Justicia de la Comunidad Andina de Naciones.<\/span><\/p>\n<p><span style=\"font-size: 14pt;\">Celinda Sosa, la nueva ministra de Relaciones Exteriores, dijo en su discurso de posesi\u00f3n que Bolivia apoyar\u00e1 \u201cla autodeterminaci\u00f3n del pueblo palestino\u201d y denunciar\u00e1 en foros internacionales los abusos de Israel. El pa\u00eds rompi\u00f3 relaciones diplom\u00e1ticas con Israel hace casi dos semanas por los ataques a la Franja de Gaza.<\/span><\/p>\n<p><span style=\"font-size: 14pt;\">Despu\u00e9s de Bolivia, Belice en la costa caribe\u00f1a tambi\u00e9n rompi\u00f3 v\u00ednculos con Israel. Son las dos \u00fanicas naciones en Latinoam\u00e9rica que tomaron esa decisi\u00f3n.<\/span><\/p>\n<p><span style=\"font-size: 14pt;\">Sin carrera diplom\u00e1tica, pero con trayectoria como dirigente de movimientos sociales e ind\u00edgenas en los que promocion\u00f3 a mujeres de sectores populares, Sosa es la segunda mujer en el gabinete de 16 carteras de Luis Arce. Fue ministra de Producci\u00f3n y Microempresa en el primer gobierno de Evo Morales (2006-2019).<\/span><\/p>\n<p><span style=\"font-size: 14pt;\">\u201cEs una mujer valiente y comprometida\u201d, la defini\u00f3 Arce. En su discurso de toma de juramento a su nueva canciller, el mandatario no aludi\u00f3 el conflicto entre Ham\u00e1s e Israel y dijo que Bolivia todav\u00eda sufre las consecuencias de la guerra entre Ucrania y Rusia debido al incremento en el precio de los combustibles que debe importar para su consumo.<\/span><\/p>\n<p><span style=\"font-size: 14pt;\">Bolivia pas\u00f3 de ser productor a importador de combustibles en los \u00faltimos a\u00f1os debido a un estancamiento de su industria petrolera por falta de inversiones.<\/span><\/p>\n","protected":false},"excerpt":{"rendered":"<p>Una mujer de las organizaciones campesinas asumi\u00f3 el lunes como canciller de Bolivia en remplazo del abogado Rogelio Mayta, quien<\/p>\n","protected":false},"author":4,"featured_media":21028,"comment_status":"closed","ping_status":"closed","sticky":false,"template":"","format":"standard","meta":{"colormag_page_container_layout":"default_layout","colormag_page_sidebar_layout":"default_layout","_jetpack_memberships_contains_paid_content":false,"footnotes":"","jetpack_publicize_message":"","jetpack_publicize_feature_enabled":true,"jetpack_social_post_already_shared":true,"jetpack_social_options":{"image_generator_settings":{"template":"highway","default_image_id":0,"font":"","enabled":false},"version":2}},"categories":[355],"tags":[],"class_list":["post-21027","post","type-post","status-publish","format-standard","has-post-thumbnail","hentry","category-internacional"],"jetpack_publicize_connections":[],"jetpack_featured_media_url":"https:\/\/noticiasveracruz.com\/wp-content\/uploads\/2023\/11\/celinda_sosa_luna_canciller.jpg","jetpack_sharing_enabled":true,"publishpress_future_action":{"enabled":false,"date":"2026-05-06 10:02:21","action":"change-status","newStatus":"draft","terms":[],"taxonomy":"category","extraData":[]},"publishpress_future_workflow_manual_trigger":{"enabledWorkflows":[]},"_links":{"self":[{"href":"https:\/\/noticiasveracruz.com\/index.php\/wp-json\/wp\/v2\/posts\/21027","targetHints":{"allow":["GET"]}}],"collection":[{"href":"https:\/\/noticiasveracruz.com\/index.php\/wp-json\/wp\/v2\/posts"}],"about":[{"href":"https:\/\/noticiasveracruz.com\/index.php\/wp-json\/wp\/v2\/types\/post"}],"author":[{"embeddable":true,"href":"https:\/\/noticiasveracruz.com\/index.php\/wp-json\/wp\/v2\/users\/4"}],"replies":[{"embeddable":true,"href":"https:\/\/noticiasveracruz.com\/index.php\/wp-json\/wp\/v2\/comments?post=21027"}],"version-history":[{"count":0,"href":"https:\/\/noticiasveracruz.com\/index.php\/wp-json\/wp\/v2\/posts\/21027\/revisions"}],"wp:featuredmedia":[{"embeddable":true,"href":"https:\/\/noticiasveracruz.com\/index.php\/wp-json\/wp\/v2\/media\/21028"}],"wp:attachment":[{"href":"https:\/\/noticiasveracruz.com\/index.php\/wp-json\/wp\/v2\/media?parent=21027"}],"wp:term":[{"taxonomy":"category","embeddable":true,"href":"https:\/\/noticiasveracruz.com\/index.php\/wp-json\/wp\/v2\/categories?post=21027"},{"taxonomy":"post_tag","embeddable":true,"href":"https:\/\/noticiasveracruz.com\/index.php\/wp-json\/wp\/v2\/tags?post=21027"}],"curies":[{"name":"wp","href":"https:\/\/api.w.org\/{rel}","templated":true}]}}