{"id":21023,"date":"2023-11-27T13:11:29","date_gmt":"2023-11-27T19:11:29","guid":{"rendered":"https:\/\/noticiasveracruz.com\/?p=21023"},"modified":"2023-11-27T13:11:29","modified_gmt":"2023-11-27T19:11:29","slug":"declaran-toque-de-queda-nacional-en-sierra-leona","status":"publish","type":"post","link":"https:\/\/noticiasveracruz.com\/index.php\/2023\/11\/27\/declaran-toque-de-queda-nacional-en-sierra-leona\/","title":{"rendered":"Declaran toque de queda nacional en Sierra Leona"},"content":{"rendered":"<p><span style=\"font-size: 14pt;\">El presidente de Sierra Leona, Julius Maada Bio, declar\u00f3 toque de queda a nivel nacional el domingo luego de que hombres armados atacaron el principal cuartel de las fuerzas militares en el pa\u00eds e invadieron c\u00e1rceles.<\/span><\/p>\n<p><span style=\"font-size: 14pt;\">Esto aument\u00f3 los temores de una ruptura del orden en medio de un repunte de golpes de Estado en la regi\u00f3n.<\/span><\/p>\n<p><span style=\"font-size: 14pt;\">Los centros de detenci\u00f3n, incluidas las prisiones de Pademba Road, que albergan a m\u00e1s de 2 mil reclusos, fueron atacados justo cuando las fuerzas de seguridad luchaban por restablecer la calma durante los tiroteos sostenidos en el cuartel de Wilberforce, seg\u00fan el ministro de Informaci\u00f3n, Chernor Bah.<\/span><\/p>\n<p><span style=\"font-size: 14pt;\">\u201cLas c\u00e1rceles fueron invadidas y algunos prisioneros fueron secuestrados por los agresores, mientras que muchos otros fueron liberados\u201d, dijo Bah. Las fuerzas de seguridad lograron \u201chacer retroceder\u201d a los agresores a las afueras de la ciudad, donde contin\u00faan los combates, a\u00f1adi\u00f3.<\/span><\/p>\n<p><span style=\"font-size: 14pt;\">Poco antes, el presidente Bio declar\u00f3 un toque de queda en todo el pa\u00eds en respuesta a los ataques.<\/span><\/p>\n<p><span style=\"font-size: 14pt;\">\u201cMientras el equipo combinado de nuestras Fuerzas de Seguridad contin\u00faa erradicando el remanente de los renegados huidos, se ha declarado el toque de queda en todo el pa\u00eds y se anima a los ciudadanos a permanecer en sus casas\u201d, se\u00f1al\u00f3.<\/span><\/p>\n<p><img loading=\"lazy\" decoding=\"async\" class=\"alignnone size-medium wp-image-21024\" src=\"http:\/\/noticiasveracruz.com\/wp-content\/uploads\/2023\/11\/1d5974993c78d964a33263d9efd39f40_XL-300x225.jpg\" alt=\"\" width=\"300\" height=\"225\" srcset=\"https:\/\/noticiasveracruz.com\/wp-content\/uploads\/2023\/11\/1d5974993c78d964a33263d9efd39f40_XL-300x225.jpg 300w, https:\/\/noticiasveracruz.com\/wp-content\/uploads\/2023\/11\/1d5974993c78d964a33263d9efd39f40_XL-768x576.jpg 768w, https:\/\/noticiasveracruz.com\/wp-content\/uploads\/2023\/11\/1d5974993c78d964a33263d9efd39f40_XL.jpg 900w\" sizes=\"auto, (max-width: 300px) 100vw, 300px\" \/><\/p>\n<p><span style=\"font-size: 14pt;\">El Ministerio de Informaci\u00f3n y Educaci\u00f3n tambi\u00e9n afirm\u00f3 en un comunicado que el gobierno y las fuerzas de seguridad ten\u00edan \u201cbajo control\u201d la situaci\u00f3n, tratando de desestimar los temores a una posible escalada de violencia en el pa\u00eds, cuya poblaci\u00f3n de 8 millones de habitantes se encuentra entre las m\u00e1s pobres del mundo.<\/span><\/p>\n<p><span style=\"font-size: 14pt;\">Un periodista de The Associated Press en la capital afirm\u00f3 que a\u00fan se o\u00edan disparos en la ciudad horas despu\u00e9s de que el gobierno asegurara que la situaci\u00f3n estaba bajo control, aunque no estaba claro qui\u00e9n estaba detr\u00e1s del intercambio de disparos, ni si se hab\u00eda producido alg\u00fan arresto.<\/span><\/p>\n<p><span style=\"font-size: 14pt;\">No se han dado a conocer detalles sobre los pistoleros ni sobre el motivo del ataque, que se produce meses despu\u00e9s de que Bio fuera reelegido para un segundo mandato en una disputada votaci\u00f3n en la que el principal partido de la oposici\u00f3n acus\u00f3 a la comisi\u00f3n electoral de ama\u00f1ar los resultados.<\/span><\/p>\n<p><span style=\"font-size: 14pt;\">Videos publicados en internet mostraban a soldados patrullando las calles vac\u00edas de Freetown y captaban las fuertes r\u00e1fagas de disparos al amanecer. La AP no pudo verificar de inmediato la autenticidad de los videos.<\/span><\/p>\n<p><span style=\"font-size: 14pt;\">El bloque econ\u00f3mico regional CEDEAO \u2014del que Sierra Leona es miembro\u2014 describi\u00f3 el incidente como un complot \u201cpara adquirir armas y perturbar la paz y el orden constitucional\u201d en el pa\u00eds. En los \u00faltimos meses, el bloque ha intentado revertir el aumento de golpes de Estado en \u00c1frica Occidental y Central, que ha registrado ocho golpes militares desde 2020, los \u00faltimos en N\u00edger y Gab\u00f3n este a\u00f1o.<\/span><\/p>\n","protected":false},"excerpt":{"rendered":"<p>El presidente de Sierra Leona, Julius Maada Bio, declar\u00f3 toque de queda a nivel nacional el domingo luego de que<\/p>\n","protected":false},"author":4,"featured_media":21025,"comment_status":"closed","ping_status":"closed","sticky":false,"template":"","format":"standard","meta":{"colormag_page_container_layout":"default_layout","colormag_page_sidebar_layout":"default_layout","_jetpack_memberships_contains_paid_content":false,"footnotes":"","jetpack_publicize_message":"","jetpack_publicize_feature_enabled":true,"jetpack_social_post_already_shared":true,"jetpack_social_options":{"image_generator_settings":{"template":"highway","default_image_id":0,"font":"","enabled":false},"version":2}},"categories":[355],"tags":[],"class_list":["post-21023","post","type-post","status-publish","format-standard","has-post-thumbnail","hentry","category-internacional"],"jetpack_publicize_connections":[],"jetpack_featured_media_url":"https:\/\/noticiasveracruz.com\/wp-content\/uploads\/2023\/11\/185883221.jpg","jetpack_sharing_enabled":true,"publishpress_future_action":{"enabled":false,"date":"2026-05-06 10:46:37","action":"change-status","newStatus":"draft","terms":[],"taxonomy":"category","extraData":[]},"publishpress_future_workflow_manual_trigger":{"enabledWorkflows":[]},"_links":{"self":[{"href":"https:\/\/noticiasveracruz.com\/index.php\/wp-json\/wp\/v2\/posts\/21023","targetHints":{"allow":["GET"]}}],"collection":[{"href":"https:\/\/noticiasveracruz.com\/index.php\/wp-json\/wp\/v2\/posts"}],"about":[{"href":"https:\/\/noticiasveracruz.com\/index.php\/wp-json\/wp\/v2\/types\/post"}],"author":[{"embeddable":true,"href":"https:\/\/noticiasveracruz.com\/index.php\/wp-json\/wp\/v2\/users\/4"}],"replies":[{"embeddable":true,"href":"https:\/\/noticiasveracruz.com\/index.php\/wp-json\/wp\/v2\/comments?post=21023"}],"version-history":[{"count":0,"href":"https:\/\/noticiasveracruz.com\/index.php\/wp-json\/wp\/v2\/posts\/21023\/revisions"}],"wp:featuredmedia":[{"embeddable":true,"href":"https:\/\/noticiasveracruz.com\/index.php\/wp-json\/wp\/v2\/media\/21025"}],"wp:attachment":[{"href":"https:\/\/noticiasveracruz.com\/index.php\/wp-json\/wp\/v2\/media?parent=21023"}],"wp:term":[{"taxonomy":"category","embeddable":true,"href":"https:\/\/noticiasveracruz.com\/index.php\/wp-json\/wp\/v2\/categories?post=21023"},{"taxonomy":"post_tag","embeddable":true,"href":"https:\/\/noticiasveracruz.com\/index.php\/wp-json\/wp\/v2\/tags?post=21023"}],"curies":[{"name":"wp","href":"https:\/\/api.w.org\/{rel}","templated":true}]}}