{"id":21020,"date":"2023-11-27T12:54:01","date_gmt":"2023-11-27T18:54:01","guid":{"rendered":"https:\/\/noticiasveracruz.com\/?p=21020"},"modified":"2023-11-27T12:54:01","modified_gmt":"2023-11-27T18:54:01","slug":"bolsonaristas-exigen-salida-de-juez-a-cargo-de-caso-de-asonada-en-brasil","status":"publish","type":"post","link":"https:\/\/noticiasveracruz.com\/index.php\/2023\/11\/27\/bolsonaristas-exigen-salida-de-juez-a-cargo-de-caso-de-asonada-en-brasil\/","title":{"rendered":"Bolsonaristas exigen salida de juez a cargo de caso de asonada en Brasil"},"content":{"rendered":"<p><span style=\"font-size: 14pt;\">Sao Paulo.- Seguidores del expresidente ultraderechista Jair Bolsonaro se manifestaron este domingo en la capital econ\u00f3mica de Brasil, Sao Paulo, para pedir la salida del juez de la corte suprema que lleva el caso contra los bolsonaristas acusados de invadir los poderes p\u00fablicos el 8 de enero.<\/span><\/p>\n<p><span style=\"font-size: 14pt;\">La marcha, por la c\u00e9ntrica avenida Paulista, reuni\u00f3 a cerca de 3 mil personas, muchos de ellos vestidos con los colores patrios -verde y amarillo- y ondeando la bandera brasile\u00f1a, observ\u00f3 un fot\u00f3grafo de la AFP.<\/span><\/p>\n<p><span style=\"font-size: 14pt;\">Unos manifestantes levantaban una pancarta que le\u00eda \u00abFuera Xand\u00e3o\u00bb en referencia al juez del Supremo Tribunal Federal (STF) Alexandre de Moraes, quien lleva los casos por la invasi\u00f3n de las sedes de los poderes p\u00fablicos en Brasilia el 8 de enero.<\/span><\/p>\n<p><span style=\"font-size: 14pt;\">Ese d\u00eda seguidores de Bolsonaro (2019-2022) traspasaron los per\u00edmetros de seguridad e invadieron el palacio presidencial, as\u00ed como las sedes del Congreso y el STF, arrasando con mobiliario y obras de arte, en un llamado a los militares a deponer al presidente izquierdista Luiz In\u00e1cio Lula da Silva.<\/span><\/p>\n<p><span style=\"font-size: 14pt;\">Varios han sido condenados a duras penas de m\u00e1s de 10 a\u00f1os de prisi\u00f3n, por cargos que incluyen golpe de Estado.<\/span><\/p>\n<p><span style=\"font-size: 14pt;\">Entre los manifestantes, tambi\u00e9n se alzaba una pancarta con los rostros de Bolsonaro, Javier Milei, el ultraderechista electo presidente de Argentina y el exmandatario estadunidense Donald Trump.<\/span><\/p>\n<p><span style=\"font-size: 14pt;\">\u00abTr\u00edo maravilla\u00bb, dec\u00eda.<\/span><\/p>\n<p><span style=\"font-size: 14pt;\">Bolsonaro hab\u00eda participado de un video mostrando su apoyo a la marcha, convocada \u00aben defensa del Estado Democr\u00e1tico de Derecho y los derechos humanos\u00bb.<\/span><\/p>\n<p><span style=\"font-size: 14pt;\">Pero el exgobernante no asisti\u00f3.<\/span><\/p>\n<p><span style=\"font-size: 14pt;\">Bolsonaro enfrenta una acusaci\u00f3n enviada a la Justicia de parte de una comisi\u00f3n del Congreso de Brasil por \u00abgolpe de Estado\u00bb, debido a la asonada protagonizada por sus seguidores.<\/span><\/p>\n<p><span style=\"font-size: 14pt;\">Adem\u00e1s, es investigado en el Supremo Tribunal Federal por presuntamente instigar esos ataques.<\/span><\/p>\n","protected":false},"excerpt":{"rendered":"<p>Sao Paulo.- Seguidores del expresidente ultraderechista Jair Bolsonaro se manifestaron este domingo en la capital econ\u00f3mica de Brasil, Sao Paulo,<\/p>\n","protected":false},"author":4,"featured_media":21021,"comment_status":"closed","ping_status":"closed","sticky":false,"template":"","format":"standard","meta":{"colormag_page_container_layout":"default_layout","colormag_page_sidebar_layout":"default_layout","_jetpack_memberships_contains_paid_content":false,"footnotes":"","jetpack_publicize_message":"","jetpack_publicize_feature_enabled":true,"jetpack_social_post_already_shared":true,"jetpack_social_options":{"image_generator_settings":{"template":"highway","default_image_id":0,"font":"","enabled":false},"version":2}},"categories":[355],"tags":[],"class_list":["post-21020","post","type-post","status-publish","format-standard","has-post-thumbnail","hentry","category-internacional"],"jetpack_publicize_connections":[],"jetpack_featured_media_url":"https:\/\/noticiasveracruz.com\/wp-content\/uploads\/2023\/11\/86cd040109c9f0cf69c4ec3713a83485f9c1d9d0.jpg","jetpack_sharing_enabled":true,"publishpress_future_action":{"enabled":false,"date":"2026-05-06 11:31:21","action":"change-status","newStatus":"draft","terms":[],"taxonomy":"category","extraData":[]},"publishpress_future_workflow_manual_trigger":{"enabledWorkflows":[]},"_links":{"self":[{"href":"https:\/\/noticiasveracruz.com\/index.php\/wp-json\/wp\/v2\/posts\/21020","targetHints":{"allow":["GET"]}}],"collection":[{"href":"https:\/\/noticiasveracruz.com\/index.php\/wp-json\/wp\/v2\/posts"}],"about":[{"href":"https:\/\/noticiasveracruz.com\/index.php\/wp-json\/wp\/v2\/types\/post"}],"author":[{"embeddable":true,"href":"https:\/\/noticiasveracruz.com\/index.php\/wp-json\/wp\/v2\/users\/4"}],"replies":[{"embeddable":true,"href":"https:\/\/noticiasveracruz.com\/index.php\/wp-json\/wp\/v2\/comments?post=21020"}],"version-history":[{"count":0,"href":"https:\/\/noticiasveracruz.com\/index.php\/wp-json\/wp\/v2\/posts\/21020\/revisions"}],"wp:featuredmedia":[{"embeddable":true,"href":"https:\/\/noticiasveracruz.com\/index.php\/wp-json\/wp\/v2\/media\/21021"}],"wp:attachment":[{"href":"https:\/\/noticiasveracruz.com\/index.php\/wp-json\/wp\/v2\/media?parent=21020"}],"wp:term":[{"taxonomy":"category","embeddable":true,"href":"https:\/\/noticiasveracruz.com\/index.php\/wp-json\/wp\/v2\/categories?post=21020"},{"taxonomy":"post_tag","embeddable":true,"href":"https:\/\/noticiasveracruz.com\/index.php\/wp-json\/wp\/v2\/tags?post=21020"}],"curies":[{"name":"wp","href":"https:\/\/api.w.org\/{rel}","templated":true}]}}