{"id":21011,"date":"2023-11-27T12:40:10","date_gmt":"2023-11-27T18:40:10","guid":{"rendered":"https:\/\/noticiasveracruz.com\/?p=21011"},"modified":"2023-11-27T12:40:10","modified_gmt":"2023-11-27T18:40:10","slug":"concreta-santander-acuerdo-con-yastas-para-depositos-o-pago-de-tarjetas","status":"publish","type":"post","link":"https:\/\/noticiasveracruz.com\/index.php\/2023\/11\/27\/concreta-santander-acuerdo-con-yastas-para-depositos-o-pago-de-tarjetas\/","title":{"rendered":"Concreta Santander acuerdo con Yastas para dep\u00f3sitos o pago de tarjetas"},"content":{"rendered":"<p><span style=\"font-size: 14pt;\">Santander M\u00e9xico dio a conocer que concret\u00f3 un acuerdo con Yastas, la red de corresponsales operada por Gentera, para que sus clientes puedan hacer dep\u00f3sitos o pago de tarjetas en las m\u00e1s de cinco mil 400 tiendas que cuentan con este servicio.<\/span><\/p>\n<p><span style=\"font-size: 14pt;\">El banco indic\u00f3 que el monto m\u00e1ximo por operaci\u00f3n ser\u00e1 de cinco mil pesos, hasta 10 mil pesos por cuenta y por d\u00eda, con un costo de 12 pesos por transacci\u00f3n.<\/span><\/p>\n<p><span style=\"font-size: 14pt;\">As\u00ed, los clientes de Santander podr\u00e1n realizar estas operaciones en un horario extendido de 06:00 a 22:00 horas de lunes a domingo, los 365 d\u00edas del a\u00f1o, y todas las transacciones se acreditan en l\u00ednea.<\/span><\/p>\n<p><span style=\"font-size: 14pt;\">\u201cCcon este nuevo convenio, Santander extiende sus acuerdos de corresponsal\u00eda bancaria contando al d\u00eda de hoy con 40,000 puntos de atenci\u00f3n en todo el pa\u00eds, buscando acercar m\u00e1s los servicios bancarios y con ello apoyar la inclusi\u00f3n financiera\u201d, dijo Ernesto Higuera, director ejecutivo de operaci\u00f3n red en Banco Santander M\u00e9xico.<\/span><\/p>\n<p><span style=\"font-size: 14pt;\">Al cierre de 2022, seg\u00fan cifras de la Comisi\u00f3n Nacional Bancaria y de Valores (CNBV), Yastas es la segunda red m\u00e1s grande de corresponsales bancarios que opera en el pa\u00eds, con un total de seis 631 puntos de atenci\u00f3n o el equivalente al 13 por ciento del total.<\/span><\/p>\n","protected":false},"excerpt":{"rendered":"<p>Santander M\u00e9xico dio a conocer que concret\u00f3 un acuerdo con Yastas, la red de corresponsales operada por Gentera, para que<\/p>\n","protected":false},"author":4,"featured_media":21012,"comment_status":"closed","ping_status":"closed","sticky":false,"template":"","format":"standard","meta":{"colormag_page_container_layout":"default_layout","colormag_page_sidebar_layout":"default_layout","_jetpack_memberships_contains_paid_content":false,"footnotes":"","jetpack_publicize_message":"","jetpack_publicize_feature_enabled":true,"jetpack_social_post_already_shared":true,"jetpack_social_options":{"image_generator_settings":{"template":"highway","default_image_id":0,"font":"","enabled":false},"version":2}},"categories":[1947],"tags":[],"class_list":["post-21011","post","type-post","status-publish","format-standard","has-post-thumbnail","hentry","category-economia"],"jetpack_publicize_connections":[],"jetpack_featured_media_url":"https:\/\/noticiasveracruz.com\/wp-content\/uploads\/2023\/11\/SDEMH_7408.jpg","jetpack_sharing_enabled":true,"publishpress_future_action":{"enabled":false,"date":"2026-05-06 09:20:09","action":"change-status","newStatus":"draft","terms":[],"taxonomy":"category","extraData":[]},"publishpress_future_workflow_manual_trigger":{"enabledWorkflows":[]},"_links":{"self":[{"href":"https:\/\/noticiasveracruz.com\/index.php\/wp-json\/wp\/v2\/posts\/21011","targetHints":{"allow":["GET"]}}],"collection":[{"href":"https:\/\/noticiasveracruz.com\/index.php\/wp-json\/wp\/v2\/posts"}],"about":[{"href":"https:\/\/noticiasveracruz.com\/index.php\/wp-json\/wp\/v2\/types\/post"}],"author":[{"embeddable":true,"href":"https:\/\/noticiasveracruz.com\/index.php\/wp-json\/wp\/v2\/users\/4"}],"replies":[{"embeddable":true,"href":"https:\/\/noticiasveracruz.com\/index.php\/wp-json\/wp\/v2\/comments?post=21011"}],"version-history":[{"count":0,"href":"https:\/\/noticiasveracruz.com\/index.php\/wp-json\/wp\/v2\/posts\/21011\/revisions"}],"wp:featuredmedia":[{"embeddable":true,"href":"https:\/\/noticiasveracruz.com\/index.php\/wp-json\/wp\/v2\/media\/21012"}],"wp:attachment":[{"href":"https:\/\/noticiasveracruz.com\/index.php\/wp-json\/wp\/v2\/media?parent=21011"}],"wp:term":[{"taxonomy":"category","embeddable":true,"href":"https:\/\/noticiasveracruz.com\/index.php\/wp-json\/wp\/v2\/categories?post=21011"},{"taxonomy":"post_tag","embeddable":true,"href":"https:\/\/noticiasveracruz.com\/index.php\/wp-json\/wp\/v2\/tags?post=21011"}],"curies":[{"name":"wp","href":"https:\/\/api.w.org\/{rel}","templated":true}]}}