{"id":21008,"date":"2023-11-27T12:36:44","date_gmt":"2023-11-27T18:36:44","guid":{"rendered":"https:\/\/noticiasveracruz.com\/?p=21008"},"modified":"2023-11-27T12:36:44","modified_gmt":"2023-11-27T18:36:44","slug":"se-empezara-a-equipar-el-almacen-de-la-mega-farmacia-amlo","status":"publish","type":"post","link":"https:\/\/noticiasveracruz.com\/index.php\/2023\/11\/27\/se-empezara-a-equipar-el-almacen-de-la-mega-farmacia-amlo\/","title":{"rendered":"Se empezar\u00e1 a equipar el almac\u00e9n de la \u00abmega farmacia\u00bb: AMLO"},"content":{"rendered":"<p><span style=\"font-size: 14pt;\">El presidente Andr\u00e9s Manuel L\u00f3pez Obrador asever\u00f3 que el almac\u00e9n que su gobierno ha adquirido para instalar la llamada \u201cmega farmacia\u201d a\u00fan est\u00e1 vac\u00edo debido a que se acaba de comprar en cerca de 2 mil millones de pesos, aunque enfatiz\u00f3 que en breve se empezar\u00e1 a equipar.<\/span><\/p>\n<p><span style=\"font-size: 14pt;\">Durante la ma\u00f1anera de este lunes en Palacio Nacional, el jefe del Ejecutivo se refiri\u00f3 a este tema y las cr\u00edticas que se han dado desde algunos medios en torno a que este espacio no cuenta a\u00fan con los medicamentos comprometidos, pues el propio tabasque\u00f1o ha insistido en diversas ocasiones que ah\u00ed se tendr\u00e1n todos los f\u00e1rmacos necesarios para el pa\u00eds.<\/span><\/p>\n<p><span style=\"font-size: 14pt;\">Indic\u00f3 que si \u00e9sta no pude estar lista el 29 de diciembre para su inauguraci\u00f3n, se podr\u00eda hacer el 15 de enero.<\/span><\/p>\n<p><span style=\"font-size: 14pt;\">\u201cFue un esc\u00e1ndalo, todos, todos, hasta (el ex presidente Vicente) Fox con el almac\u00e9n la farmacia, fue un esc\u00e1ndalo\u201d. Y agreg\u00f3 que algunos medios y otros sectores de la oligarqu\u00eda se\u00f1alaron que se trataba de un almac\u00e9n de la cadena Liverpool.<\/span><\/p>\n<p><span style=\"font-size: 14pt;\">\u201cPues s\u00ed, es un almac\u00e9n de Liverpool que se compr\u00f3, no s\u00f3lo un almac\u00e9n, son como dos o tres almacenes que se compraron como en, no s\u00e9, alrededor de 2 mil millones de pesos.<\/span><\/p>\n<p><span style=\"font-size: 14pt;\">\u201cEstamos hablando de como cinco Z\u00f3calos techados para tener todos los medicamentos, y est\u00e1 vaci\u00f3 pues s\u00ed, est\u00e1 vaci\u00f3 porque lo acabamos de adquirir porque se hizo un avalu\u00f3 porque as\u00ed tiene que ser de acuerdo a los procedimientos legales y se lleg\u00f3 al acuerdo de adquirirlo\u201d.<\/span><\/p>\n<p><span style=\"font-size: 14pt;\">Detall\u00f3 que su administraci\u00f3n ya entreg\u00f3 10 por ciento del costo total y se firm\u00f3 el convenio de compra-venta.<\/span><\/p>\n<p><span style=\"font-size: 14pt;\">\u201cYa nos entregaron las instalaciones ya se acord\u00f3 que se paga totalmente en febrero, pero que desde ahora ya se est\u00e1 trabajando para adaptarlo\u201d.<\/span><\/p>\n<p><span style=\"font-size: 14pt;\">Asimismo, inimiz\u00f3 la posibilidad de que esta \u00abmega farmacia\u00bb no se inaugure a fines de diciembre como lo ha prometido debido a \u201cimprevistos\u201d, pues podr\u00eda reprogramarse la apertura para el 15 de enero de 2024.<\/span><\/p>\n<p><span style=\"font-size: 14pt;\">\u201cVamos a suponer de que no podamos el 29 por imprevistos, yo quiero pues que todo lo que hagamos lo pronto posible, ahora voy a poner de ejemplo el Tren Maya, pero bueno, no se pudo el 29 de diciembre, pero se pudo el 15 de enero. Claro que va a ser el 29 pero ya se avanz\u00f3\u201d.<\/span><\/p>\n","protected":false},"excerpt":{"rendered":"<p>El presidente Andr\u00e9s Manuel L\u00f3pez Obrador asever\u00f3 que el almac\u00e9n que su gobierno ha adquirido para instalar la llamada \u201cmega<\/p>\n","protected":false},"author":4,"featured_media":21009,"comment_status":"closed","ping_status":"closed","sticky":false,"template":"","format":"standard","meta":{"colormag_page_container_layout":"default_layout","colormag_page_sidebar_layout":"default_layout","_jetpack_memberships_contains_paid_content":false,"footnotes":"","jetpack_publicize_message":"","jetpack_publicize_feature_enabled":true,"jetpack_social_post_already_shared":true,"jetpack_social_options":{"image_generator_settings":{"template":"highway","default_image_id":0,"font":"","enabled":false},"version":2}},"categories":[4],"tags":[],"class_list":["post-21008","post","type-post","status-publish","format-standard","has-post-thumbnail","hentry","category-nacional"],"jetpack_publicize_connections":[],"jetpack_featured_media_url":"https:\/\/noticiasveracruz.com\/wp-content\/uploads\/2023\/11\/imgonline-com-ua-dexifydXtWBicPOhj.jpg","jetpack_sharing_enabled":true,"publishpress_future_action":{"enabled":false,"date":"2026-05-06 08:35:57","action":"change-status","newStatus":"draft","terms":[],"taxonomy":"category","extraData":[]},"publishpress_future_workflow_manual_trigger":{"enabledWorkflows":[]},"_links":{"self":[{"href":"https:\/\/noticiasveracruz.com\/index.php\/wp-json\/wp\/v2\/posts\/21008","targetHints":{"allow":["GET"]}}],"collection":[{"href":"https:\/\/noticiasveracruz.com\/index.php\/wp-json\/wp\/v2\/posts"}],"about":[{"href":"https:\/\/noticiasveracruz.com\/index.php\/wp-json\/wp\/v2\/types\/post"}],"author":[{"embeddable":true,"href":"https:\/\/noticiasveracruz.com\/index.php\/wp-json\/wp\/v2\/users\/4"}],"replies":[{"embeddable":true,"href":"https:\/\/noticiasveracruz.com\/index.php\/wp-json\/wp\/v2\/comments?post=21008"}],"version-history":[{"count":0,"href":"https:\/\/noticiasveracruz.com\/index.php\/wp-json\/wp\/v2\/posts\/21008\/revisions"}],"wp:featuredmedia":[{"embeddable":true,"href":"https:\/\/noticiasveracruz.com\/index.php\/wp-json\/wp\/v2\/media\/21009"}],"wp:attachment":[{"href":"https:\/\/noticiasveracruz.com\/index.php\/wp-json\/wp\/v2\/media?parent=21008"}],"wp:term":[{"taxonomy":"category","embeddable":true,"href":"https:\/\/noticiasveracruz.com\/index.php\/wp-json\/wp\/v2\/categories?post=21008"},{"taxonomy":"post_tag","embeddable":true,"href":"https:\/\/noticiasveracruz.com\/index.php\/wp-json\/wp\/v2\/tags?post=21008"}],"curies":[{"name":"wp","href":"https:\/\/api.w.org\/{rel}","templated":true}]}}