{"id":21004,"date":"2023-11-27T12:33:12","date_gmt":"2023-11-27T18:33:12","guid":{"rendered":"https:\/\/noticiasveracruz.com\/?p=21004"},"modified":"2023-11-27T12:33:12","modified_gmt":"2023-11-27T18:33:12","slug":"diciembre-sera-el-mes-de-las-inauguraciones","status":"publish","type":"post","link":"https:\/\/noticiasveracruz.com\/index.php\/2023\/11\/27\/diciembre-sera-el-mes-de-las-inauguraciones\/","title":{"rendered":"Diciembre ser\u00e1 el mes de las inauguraciones"},"content":{"rendered":"<p><span style=\"font-size: 14pt;\">Diciembre ser\u00e1 el mes de las inauguraciones de acuerdo con el presidente Andr\u00e9s Manuel L\u00f3pez Obrador, pues en las pr\u00f3ximas semanas se podr\u00e1n en operaci\u00f3n obras p\u00fablicas en el norte, centro y sur-sureste del pa\u00eds.<\/span><\/p>\n<p><span style=\"font-size: 14pt;\">En la ma\u00f1anera indic\u00f3 que el viernes 1 de diciembre se inaugurar\u00e1 el aeropuerto internacional de Tulum, Quintana Roo. Ese d\u00eda, agreg\u00f3, se cumplen cinco a\u00f1os de gobierno y en medio de la inauguraci\u00f3n de esa terminal a\u00e9rea dar\u00e1 un mensaje \u2014aunque no informe\u2014 a la naci\u00f3n con motivo de esa fecha.<\/span><\/p>\n<p><span style=\"font-size: 14pt;\">Previamente tendr\u00e1 ma\u00f1anera en Palacio Nacional.<\/span><\/p>\n<p><span style=\"font-size: 14pt;\">D\u00edas despu\u00e9s, el 15, pondr\u00e1 en operaci\u00f3n la primera etapa del Tren Maya (de Campeche a Canc\u00fan, que corresponden a los tramos 2, 3 y 4).<\/span><\/p>\n<p><img loading=\"lazy\" decoding=\"async\" class=\"size-medium wp-image-21005\" src=\"http:\/\/noticiasveracruz.com\/wp-content\/uploads\/2023\/11\/947818_AMLO-Ferrocarril-del-Itsmo-6_impreso-scaled-1-300x200.jpg\" alt=\"\" width=\"300\" height=\"200\" srcset=\"https:\/\/noticiasveracruz.com\/wp-content\/uploads\/2023\/11\/947818_AMLO-Ferrocarril-del-Itsmo-6_impreso-scaled-1-300x200.jpg 300w, https:\/\/noticiasveracruz.com\/wp-content\/uploads\/2023\/11\/947818_AMLO-Ferrocarril-del-Itsmo-6_impreso-scaled-1-1024x682.jpg 1024w, https:\/\/noticiasveracruz.com\/wp-content\/uploads\/2023\/11\/947818_AMLO-Ferrocarril-del-Itsmo-6_impreso-scaled-1-768x511.jpg 768w, https:\/\/noticiasveracruz.com\/wp-content\/uploads\/2023\/11\/947818_AMLO-Ferrocarril-del-Itsmo-6_impreso-scaled-1-1536x1022.jpg 1536w, https:\/\/noticiasveracruz.com\/wp-content\/uploads\/2023\/11\/947818_AMLO-Ferrocarril-del-Itsmo-6_impreso-scaled-1-2048x1363.jpg 2048w\" sizes=\"auto, (max-width: 300px) 100vw, 300px\" \/><\/p>\n<p><span style=\"font-size: 14pt;\">El 22 de diciembre se pondr\u00e1 en marcha el Tren del Corredor Interoce\u00e1nico del Istmo de Tehuantepec, que unir\u00e1 en Pac\u00edfico con el Atl\u00e1ntico, desde Salina Cruz, Oaxaca, hasta Coatzacoalcos, Veracruz.<\/span><\/p>\n<p><span style=\"font-size: 14pt;\">Cuatro d\u00edas despu\u00e9s, asegur\u00f3, volver\u00e1 a volar Mexicana de Aviaci\u00f3n, esto despu\u00e9s que su gobierno adquiera la marca a los trabajadores en el movimiento de resistencia tras la quiebra de la empresa.<\/span><\/p>\n<p><span style=\"font-size: 14pt;\">\u201cTodo es como la justicia: que tarda pero llega\u201d, plante\u00f3 a manera de respuesta a sus cr\u00edticos.<\/span><\/p>\n<p><span style=\"font-size: 14pt;\">\u201cEntones s\u00ed va a haber Mexicana y va a iniciar la nueva l\u00ednea. Estamos pensando que para el 26 de diciembre. Es que es bastante trabajo, en diciembre vamos a inaugurar muchas obras\u201d.<\/span><\/p>\n<p><span style=\"font-size: 14pt;\">Tambi\u00e9n se estima que el tramo 1 del Tren Maya (que inicia en Palenque) sea inaugurado a finales del pr\u00f3ximo mes, con lo que se completar\u00eda la ruta de Palenque a Canc\u00fan, y quedar\u00edan pendientes los tramos 5, 6 y 7.<\/span><\/p>\n<p><span style=\"font-size: 14pt;\">Agreg\u00f3 que en los pr\u00f3ximos d\u00edas tambi\u00e9n se inaugurar\u00e1n varias obras hidr\u00e1ulicas y sistemas de abastecimiento de agua como la presa Santa Maria, en Sinaloa.<\/span><br \/>\n<span style=\"font-size: 14pt;\">\u201cVamos a inaugurar muchas obras en el norte, en el centro y en el sur-sureste\u201d.<\/span><\/p>\n<p><span style=\"font-size: 14pt;\">A\u00f1adi\u00f3 que ya s\u00f3lo falta una sucursal del Banco del Bienestar, en San Felipe, Baja California, pues hasta ahora, dijo, ya se han inaugurado 2 mil 749 sedes de esta instituci\u00f3n.<\/span><\/p>\n<p><span style=\"font-size: 14pt;\">\u201cEs el banco con m\u00e1s sucursales en todo el pa\u00eds. \u00a1Imag\u00ednense lo que signific\u00f3! No estamos hablando de construcci\u00f3n en los lugares m\u00e1s cercanos. No, (sino) en la monta\u00f1a de Guerrero, en las zonas m\u00e1s apartadas, para que el adulto mayor, los que reciben los beneficios no tengan que trasladarse en mucho tiempo. Todo hecho por los ingenieros militares.<\/span><\/p>\n<p><span style=\"font-size: 14pt;\">Tambi\u00e9n destac\u00f3 los avances del programa Internet para Todos, con la instalaci\u00f3n de 12 mil antenas defiera \u00f3ptica. E inclusive dijo que en su gira el fin de semana por Oaxaca y Guerrero constat\u00f3 que ya muchas comunidades cuentan con la se\u00f1al de datos, \u201caunque faltan, pero estamos trabajando\u201d.<\/span><\/p>\n","protected":false},"excerpt":{"rendered":"<p>Diciembre ser\u00e1 el mes de las inauguraciones de acuerdo con el presidente Andr\u00e9s Manuel L\u00f3pez Obrador, pues en las pr\u00f3ximas<\/p>\n","protected":false},"author":4,"featured_media":21006,"comment_status":"closed","ping_status":"closed","sticky":false,"template":"","format":"standard","meta":{"colormag_page_container_layout":"default_layout","colormag_page_sidebar_layout":"default_layout","_jetpack_memberships_contains_paid_content":false,"footnotes":"","jetpack_publicize_message":"","jetpack_publicize_feature_enabled":true,"jetpack_social_post_already_shared":true,"jetpack_social_options":{"image_generator_settings":{"template":"highway","default_image_id":0,"font":"","enabled":false},"version":2}},"categories":[4],"tags":[],"class_list":["post-21004","post","type-post","status-publish","format-standard","has-post-thumbnail","hentry","category-nacional"],"jetpack_publicize_connections":[],"jetpack_featured_media_url":"https:\/\/noticiasveracruz.com\/wp-content\/uploads\/2023\/11\/3013132.jpg","jetpack_sharing_enabled":true,"publishpress_future_action":{"enabled":false,"date":"2026-05-06 09:20:09","action":"change-status","newStatus":"draft","terms":[],"taxonomy":"category","extraData":[]},"publishpress_future_workflow_manual_trigger":{"enabledWorkflows":[]},"_links":{"self":[{"href":"https:\/\/noticiasveracruz.com\/index.php\/wp-json\/wp\/v2\/posts\/21004","targetHints":{"allow":["GET"]}}],"collection":[{"href":"https:\/\/noticiasveracruz.com\/index.php\/wp-json\/wp\/v2\/posts"}],"about":[{"href":"https:\/\/noticiasveracruz.com\/index.php\/wp-json\/wp\/v2\/types\/post"}],"author":[{"embeddable":true,"href":"https:\/\/noticiasveracruz.com\/index.php\/wp-json\/wp\/v2\/users\/4"}],"replies":[{"embeddable":true,"href":"https:\/\/noticiasveracruz.com\/index.php\/wp-json\/wp\/v2\/comments?post=21004"}],"version-history":[{"count":0,"href":"https:\/\/noticiasveracruz.com\/index.php\/wp-json\/wp\/v2\/posts\/21004\/revisions"}],"wp:featuredmedia":[{"embeddable":true,"href":"https:\/\/noticiasveracruz.com\/index.php\/wp-json\/wp\/v2\/media\/21006"}],"wp:attachment":[{"href":"https:\/\/noticiasveracruz.com\/index.php\/wp-json\/wp\/v2\/media?parent=21004"}],"wp:term":[{"taxonomy":"category","embeddable":true,"href":"https:\/\/noticiasveracruz.com\/index.php\/wp-json\/wp\/v2\/categories?post=21004"},{"taxonomy":"post_tag","embeddable":true,"href":"https:\/\/noticiasveracruz.com\/index.php\/wp-json\/wp\/v2\/tags?post=21004"}],"curies":[{"name":"wp","href":"https:\/\/api.w.org\/{rel}","templated":true}]}}