{"id":20967,"date":"2023-11-27T00:19:36","date_gmt":"2023-11-27T06:19:36","guid":{"rendered":"https:\/\/noticiasveracruz.com\/?p=20967"},"modified":"2023-11-27T00:19:36","modified_gmt":"2023-11-27T06:19:36","slug":"pepe-yunes-esta-vez-puede-ganar","status":"publish","type":"post","link":"https:\/\/noticiasveracruz.com\/index.php\/2023\/11\/27\/pepe-yunes-esta-vez-puede-ganar\/","title":{"rendered":"Pepe Yunes: esta vez puede ganar"},"content":{"rendered":"<p><span style=\"font-size: 14pt;\">Si de veras se unen los\u00a0 partidos integrantes de la coalici\u00f3n Fuerza y Coraz\u00f3n por Veracruz y logran el apoyo de la sociedad civil; si los y las dem\u00e1s aspirantes a la gubernatura, H\u00e9ctor Yunes incluido,\u00a0 \u00a0no dejan solo a Pepe Yunes Zorrilla, esta vez s\u00ed\u00a0 \u00a0puede ganar.<\/span><\/p>\n<p><span style=\"font-size: 14pt;\">El 2018 fue arrasado debido a la divisi\u00f3n interna y, sobre todo, por el efecto L\u00f3pez Obrador. Parafraseando a Uriel Flores Aguayo, Morena habr\u00eda triunfado hasta con una vaca. \u00bfVerdad, Cuitl\u00e1huac?<\/span><\/p>\n<p><span style=\"font-size: 14pt;\">Pepe Yunes se enfrentar\u00e1 a una Roc\u00edo Nahle respaldada con todo el poder presidencial y, para comenzar, viene cargada de costales y costales repletos de billetes para conseguir votos al precio que sea. Hasta con amenazas y toda laya de presiones.<\/span><\/p>\n<p><span style=\"font-size: 14pt;\">En el \u00e1mbito nacional, X\u00f3chitl G\u00e1lvez parece encaminada hacia una victoria inminente.<\/span><\/p>\n<p><span style=\"font-size: 14pt;\">En el caso de la gubernatura de Veracruz, en mayo les dar\u00e9 mi pron\u00f3stico.<\/span><\/p>\n<p><span style=\"font-size: 14pt;\">\u00bfA qui\u00e9n le van, amables lectores? \u00bfPepe Yunes o Roc\u00edo Nahle?<\/span><\/p>\n<p><img loading=\"lazy\" decoding=\"async\" class=\"alignnone wp-image-20959 size-full\" src=\"http:\/\/noticiasveracruz.com\/wp-content\/uploads\/2023\/11\/FIRMA-EDITORIAL-PD-3.jpg\" alt=\"\" width=\"1024\" height=\"125\" srcset=\"https:\/\/noticiasveracruz.com\/wp-content\/uploads\/2023\/11\/FIRMA-EDITORIAL-PD-3.jpg 1024w, https:\/\/noticiasveracruz.com\/wp-content\/uploads\/2023\/11\/FIRMA-EDITORIAL-PD-3-300x37.jpg 300w, https:\/\/noticiasveracruz.com\/wp-content\/uploads\/2023\/11\/FIRMA-EDITORIAL-PD-3-768x94.jpg 768w\" sizes=\"auto, (max-width: 1024px) 100vw, 1024px\" \/><\/p>\n","protected":false},"excerpt":{"rendered":"<p>Si de veras se unen los\u00a0 partidos integrantes de la coalici\u00f3n Fuerza y Coraz\u00f3n por Veracruz y logran el apoyo<\/p>\n","protected":false},"author":4,"featured_media":3786,"comment_status":"closed","ping_status":"closed","sticky":false,"template":"","format":"standard","meta":{"colormag_page_container_layout":"default_layout","colormag_page_sidebar_layout":"default_layout","_jetpack_memberships_contains_paid_content":false,"footnotes":"","jetpack_publicize_message":"","jetpack_publicize_feature_enabled":true,"jetpack_social_post_already_shared":true,"jetpack_social_options":{"image_generator_settings":{"template":"highway","default_image_id":0,"font":"","enabled":false},"version":2}},"categories":[6],"tags":[],"class_list":["post-20967","post","type-post","status-publish","format-standard","has-post-thumbnail","hentry","category-columnistas"],"jetpack_publicize_connections":[],"jetpack_featured_media_url":"https:\/\/noticiasveracruz.com\/wp-content\/uploads\/2022\/05\/PEPE-VALENCIA.png","jetpack_sharing_enabled":true,"publishpress_future_action":{"enabled":false,"date":"2026-05-06 13:27:20","action":"change-status","newStatus":"draft","terms":[],"taxonomy":"category","extraData":[]},"publishpress_future_workflow_manual_trigger":{"enabledWorkflows":[]},"_links":{"self":[{"href":"https:\/\/noticiasveracruz.com\/index.php\/wp-json\/wp\/v2\/posts\/20967","targetHints":{"allow":["GET"]}}],"collection":[{"href":"https:\/\/noticiasveracruz.com\/index.php\/wp-json\/wp\/v2\/posts"}],"about":[{"href":"https:\/\/noticiasveracruz.com\/index.php\/wp-json\/wp\/v2\/types\/post"}],"author":[{"embeddable":true,"href":"https:\/\/noticiasveracruz.com\/index.php\/wp-json\/wp\/v2\/users\/4"}],"replies":[{"embeddable":true,"href":"https:\/\/noticiasveracruz.com\/index.php\/wp-json\/wp\/v2\/comments?post=20967"}],"version-history":[{"count":0,"href":"https:\/\/noticiasveracruz.com\/index.php\/wp-json\/wp\/v2\/posts\/20967\/revisions"}],"wp:featuredmedia":[{"embeddable":true,"href":"https:\/\/noticiasveracruz.com\/index.php\/wp-json\/wp\/v2\/media\/3786"}],"wp:attachment":[{"href":"https:\/\/noticiasveracruz.com\/index.php\/wp-json\/wp\/v2\/media?parent=20967"}],"wp:term":[{"taxonomy":"category","embeddable":true,"href":"https:\/\/noticiasveracruz.com\/index.php\/wp-json\/wp\/v2\/categories?post=20967"},{"taxonomy":"post_tag","embeddable":true,"href":"https:\/\/noticiasveracruz.com\/index.php\/wp-json\/wp\/v2\/tags?post=20967"}],"curies":[{"name":"wp","href":"https:\/\/api.w.org\/{rel}","templated":true}]}}