{"id":20958,"date":"2023-11-27T00:04:31","date_gmt":"2023-11-27T06:04:31","guid":{"rendered":"https:\/\/noticiasveracruz.com\/?p=20958"},"modified":"2023-11-27T00:04:31","modified_gmt":"2023-11-27T06:04:31","slug":"ya-hay-tiro-para-el-2024","status":"publish","type":"post","link":"https:\/\/noticiasveracruz.com\/index.php\/2023\/11\/27\/ya-hay-tiro-para-el-2024\/","title":{"rendered":"Ya hay tiro para el 2024"},"content":{"rendered":"<p><span style=\"font-size: 14pt;\"><strong>Por: Luis Ram\u00edrez Baqueiro<\/strong><\/span><\/p>\n<p><span style=\"font-size: 12pt;\"><em>\u201cUn estado es gobernado mejor por un hombre bueno que por unas buenas leyes.\u201d \u2013 Arist\u00f3teles.<\/em><\/span><\/p>\n<p><span style=\"font-size: 14pt;\">Finalmente, el pasado viernes qued\u00f3 definida la contienda por la gubernatura de Veracruz.<\/span><\/p>\n<p><span style=\"font-size: 14pt;\">El PRI determin\u00f3 despu\u00e9s de su proceso \u201cdedosc\u00f3pico\u201d que el vencedor mejor calificado era el diputado federal, Jos\u00e9 Francisco Yunes Zorrilla, quien ciertamente, cuenta con la expertis y el conocimiento necesario para disputar la contienda.<\/span><\/p>\n<p><span style=\"font-size: 14pt;\">Mientras tanto, de golpe y porrazo, los veracruzanos, seguir\u00e1n esperando se les consulte su opini\u00f3n respecto a quien desear\u00edan que fuera el candidato, pues, como aqu\u00ed mismo lo se\u00f1alamos, el mentado Consejo C\u00edvico Ciudadano de Veracruz, result\u00f3 una vacilada.<\/span><\/p>\n<p><span style=\"font-size: 14pt;\">Desde el principio asumieron un rol, sin ser propuestos por la sociedad, ni por grupos organizados, ni academias, ni organizaciones, simplemente aparecieron, se autodenominaron y se pretendieron erigir en la voz cr\u00edtica de la sociedad.<\/span><\/p>\n<p><span style=\"font-size: 14pt;\">Era evidente que muchos de ellos, ex funcionarios y ex legisladores, formaban parte de un fraguado plan para pretender vender la idea de que, en la oposici\u00f3n, al fin, emplear\u00eda un modelo abierto a la sociedad, democr\u00e1tico y que permitiera convencernos de que los viejos partidos pol\u00edticos \u2013PAN, PRI y PRD- se abrir\u00edan al escrutinio ciudadano.<\/span><\/p>\n<p><span style=\"font-size: 14pt;\">M\u00e1s a\u00fan, se esperaba que, por primera vez, verdaderamente se abrieran a la sociedad, y de ella emanara una oferta, al menos decente, que pudiera rivalizar con la oligarqu\u00eda partidista.<\/span><\/p>\n<p><span style=\"font-size: 14pt;\">La pregunta es \u00bfpara qui\u00e9n trabajaban?\u00a0<\/span><\/p>\n<p><span style=\"font-size: 14pt;\">En la resoluci\u00f3n dada a conocer el viernes, parece quedar la evidencia, pues fueron ellos, los que casualmente propusieron la dichosa encuesta.<\/span><\/p>\n<p><span style=\"font-size: 14pt;\">Pero la ilusa y siempre cruel realidad, dej\u00f3 claro, cual fue desde el principio el acuerdo o pacto entre los notables pol\u00edticos de la oposici\u00f3n, que en sospechosa complicidad con el actual r\u00e9gimen, pareciera construyeron su interminado plan -porque hasta no ganar la elecci\u00f3n, sabremos si funcion\u00f3 o no-.<\/span><\/p>\n<p><span style=\"font-size: 14pt;\">De esta manera todo est\u00e1 listo para que Roc\u00edo Nahle Garc\u00eda, coordinadora de los Comit\u00e9s de la Defensa de la Cuarta Transformaci\u00f3n confronte propuestas y proyectos en favor de Veracruz, con el perote\u00f1o, Pepe Yunes Zorilla.<\/span><\/p>\n<p><span style=\"font-size: 14pt;\">Conociendo la calidad y clase de Pepe, seguramente el di\u00e1logo de la confrontaci\u00f3n ir\u00e1 por elevar el nivel y la calidad pol\u00edtica, m\u00e1s a\u00fan cuando su contrincante es una dama, a la que habr\u00e1 que tratar con respeto, pero siempre contrastando proyectos.<\/span><\/p>\n<p><span style=\"font-size: 14pt;\">Valiosa ha sido la apreciaci\u00f3n de la ex secretar\u00eda de Energ\u00eda, Roc\u00edo Nahle al se\u00f1alar este domingo en un acto en Banderilla ante cerca de 20 mil personas, que \u201cla oposici\u00f3n no est\u00e1 dormida\u201d.<\/span><\/p>\n<p><span style=\"font-size: 14pt;\">Y es que a pesar de que su partido Morena y aliados (PT y PVEM) mantienen una preferencia en las encuestas de cerca del 54 % sobre la oposici\u00f3n, en los hechos, el malestar por el desempe\u00f1o del actual Gobierno Estatal es muy alto.<\/span><\/p>\n<p><span style=\"font-size: 14pt;\">Mucho da\u00f1o le hicieron a Cuitl\u00e1huac Garc\u00eda Jim\u00e9nez, aferrarse a la necedad de mantener a personajes que hoy est\u00e1n desaparecidos, de mantener, a sus aliados, que, junto con \u00e9l, tanto da\u00f1o provocaron en la sociedad, la cual espera el momento de cobrarse la afrenta.<\/span><\/p>\n<p><span style=\"font-size: 14pt;\">M\u00e1s le valdr\u00eda, al actual Gobierno empezar por asentar fuertes acciones y severos castigos a dichos personajes, pues los negativos que le provocan a la actual coordinadora de la 4T, se ver\u00e1n reflejados en las urnas, de no actuar a tiempo.<\/span><\/p>\n<p><span style=\"font-size: 14pt;\">Por lo pronto, las acciones emprendidas por la misma Nahle Garc\u00eda evidencian, que al menos a ella, no le temblar\u00e1 el pulso para castigar a los desleales y traidores.<\/span><\/p>\n<p><span style=\"font-size: 14pt;\">\u00a0Al tiempo.<\/span><\/p>\n<p><img loading=\"lazy\" decoding=\"async\" class=\"alignnone wp-image-20959 size-full\" src=\"http:\/\/noticiasveracruz.com\/wp-content\/uploads\/2023\/11\/FIRMA-EDITORIAL-PD-3.jpg\" alt=\"\" width=\"1024\" height=\"125\" srcset=\"https:\/\/noticiasveracruz.com\/wp-content\/uploads\/2023\/11\/FIRMA-EDITORIAL-PD-3.jpg 1024w, https:\/\/noticiasveracruz.com\/wp-content\/uploads\/2023\/11\/FIRMA-EDITORIAL-PD-3-300x37.jpg 300w, https:\/\/noticiasveracruz.com\/wp-content\/uploads\/2023\/11\/FIRMA-EDITORIAL-PD-3-768x94.jpg 768w\" sizes=\"auto, (max-width: 1024px) 100vw, 1024px\" \/><\/p>\n","protected":false},"excerpt":{"rendered":"<p>Por: Luis Ram\u00edrez Baqueiro \u201cUn estado es gobernado mejor por un hombre bueno que por unas buenas leyes.\u201d \u2013 Arist\u00f3teles.<\/p>\n","protected":false},"author":4,"featured_media":3572,"comment_status":"closed","ping_status":"closed","sticky":false,"template":"","format":"standard","meta":{"colormag_page_container_layout":"default_layout","colormag_page_sidebar_layout":"default_layout","_jetpack_memberships_contains_paid_content":false,"footnotes":"","jetpack_publicize_message":"","jetpack_publicize_feature_enabled":true,"jetpack_social_post_already_shared":true,"jetpack_social_options":{"image_generator_settings":{"template":"highway","default_image_id":0,"font":"","enabled":false},"version":2}},"categories":[6],"tags":[],"class_list":["post-20958","post","type-post","status-publish","format-standard","has-post-thumbnail","hentry","category-columnistas"],"jetpack_publicize_connections":[],"jetpack_featured_media_url":"https:\/\/noticiasveracruz.com\/wp-content\/uploads\/2022\/04\/LUIS-RAMI\u0301REZ-BAQUEIRO.png","jetpack_sharing_enabled":true,"publishpress_future_action":{"enabled":false,"date":"2026-05-06 16:21:51","action":"change-status","newStatus":"draft","terms":[],"taxonomy":"category","extraData":[]},"publishpress_future_workflow_manual_trigger":{"enabledWorkflows":[]},"_links":{"self":[{"href":"https:\/\/noticiasveracruz.com\/index.php\/wp-json\/wp\/v2\/posts\/20958","targetHints":{"allow":["GET"]}}],"collection":[{"href":"https:\/\/noticiasveracruz.com\/index.php\/wp-json\/wp\/v2\/posts"}],"about":[{"href":"https:\/\/noticiasveracruz.com\/index.php\/wp-json\/wp\/v2\/types\/post"}],"author":[{"embeddable":true,"href":"https:\/\/noticiasveracruz.com\/index.php\/wp-json\/wp\/v2\/users\/4"}],"replies":[{"embeddable":true,"href":"https:\/\/noticiasveracruz.com\/index.php\/wp-json\/wp\/v2\/comments?post=20958"}],"version-history":[{"count":0,"href":"https:\/\/noticiasveracruz.com\/index.php\/wp-json\/wp\/v2\/posts\/20958\/revisions"}],"wp:featuredmedia":[{"embeddable":true,"href":"https:\/\/noticiasveracruz.com\/index.php\/wp-json\/wp\/v2\/media\/3572"}],"wp:attachment":[{"href":"https:\/\/noticiasveracruz.com\/index.php\/wp-json\/wp\/v2\/media?parent=20958"}],"wp:term":[{"taxonomy":"category","embeddable":true,"href":"https:\/\/noticiasveracruz.com\/index.php\/wp-json\/wp\/v2\/categories?post=20958"},{"taxonomy":"post_tag","embeddable":true,"href":"https:\/\/noticiasveracruz.com\/index.php\/wp-json\/wp\/v2\/tags?post=20958"}],"curies":[{"name":"wp","href":"https:\/\/api.w.org\/{rel}","templated":true}]}}