{"id":20944,"date":"2023-11-25T16:42:20","date_gmt":"2023-11-25T22:42:20","guid":{"rendered":"https:\/\/noticiasveracruz.com\/?p=20944"},"modified":"2023-11-25T16:42:20","modified_gmt":"2023-11-25T22:42:20","slug":"noche-de-las-estrellas-60-anos-de-las-mujeres-en-el-espacio","status":"publish","type":"post","link":"https:\/\/noticiasveracruz.com\/index.php\/2023\/11\/25\/noche-de-las-estrellas-60-anos-de-las-mujeres-en-el-espacio\/","title":{"rendered":"Noche de las Estrellas, \u201c60 A\u00f1os de las Mujeres en el Espacio\u201d."},"content":{"rendered":"<p><span style=\"font-size: 14pt;\">Este s\u00e1bado 25 de noviembre, a partir de las 17:00 horas en la Escuela Secundaria General #1 \u00abEmiliano Zapata\u00bb, se realizar\u00e1 la Noche de las Estrellas, \u201c60 A\u00f1os de las Mujeres en el Espacio\u201d.<\/span><\/p>\n<p><span style=\"font-size: 14pt;\">Los asistentes podr\u00e1n disfrutar gratuitamente de conferencias, talleres y actividades l\u00fadicas enfocadas en temas astron\u00f3micos.<\/span><\/p>\n<p><span style=\"font-size: 14pt;\">\u00a1Est\u00e1n todos invitados a esta fascinante jornada!<\/span><\/p>\n","protected":false},"excerpt":{"rendered":"<p>Este s\u00e1bado 25 de noviembre, a partir de las 17:00 horas en la Escuela Secundaria General #1 \u00abEmiliano Zapata\u00bb, se<\/p>\n","protected":false},"author":4,"featured_media":20945,"comment_status":"closed","ping_status":"closed","sticky":false,"template":"","format":"standard","meta":{"colormag_page_container_layout":"default_layout","colormag_page_sidebar_layout":"default_layout","_jetpack_memberships_contains_paid_content":false,"footnotes":"","jetpack_publicize_message":"","jetpack_publicize_feature_enabled":true,"jetpack_social_post_already_shared":true,"jetpack_social_options":{"image_generator_settings":{"template":"highway","default_image_id":0,"font":"","enabled":false},"version":2}},"categories":[356],"tags":[],"class_list":["post-20944","post","type-post","status-publish","format-standard","has-post-thumbnail","hentry","category-veracruz"],"jetpack_publicize_connections":[],"jetpack_featured_media_url":"https:\/\/noticiasveracruz.com\/wp-content\/uploads\/2023\/11\/WhatsApp-Image-2023-11-25-at-15.39.48.jpeg","jetpack_sharing_enabled":true,"publishpress_future_action":{"enabled":false,"date":"2026-05-06 18:33:12","action":"change-status","newStatus":"draft","terms":[],"taxonomy":"category","extraData":[]},"publishpress_future_workflow_manual_trigger":{"enabledWorkflows":[]},"_links":{"self":[{"href":"https:\/\/noticiasveracruz.com\/index.php\/wp-json\/wp\/v2\/posts\/20944","targetHints":{"allow":["GET"]}}],"collection":[{"href":"https:\/\/noticiasveracruz.com\/index.php\/wp-json\/wp\/v2\/posts"}],"about":[{"href":"https:\/\/noticiasveracruz.com\/index.php\/wp-json\/wp\/v2\/types\/post"}],"author":[{"embeddable":true,"href":"https:\/\/noticiasveracruz.com\/index.php\/wp-json\/wp\/v2\/users\/4"}],"replies":[{"embeddable":true,"href":"https:\/\/noticiasveracruz.com\/index.php\/wp-json\/wp\/v2\/comments?post=20944"}],"version-history":[{"count":0,"href":"https:\/\/noticiasveracruz.com\/index.php\/wp-json\/wp\/v2\/posts\/20944\/revisions"}],"wp:featuredmedia":[{"embeddable":true,"href":"https:\/\/noticiasveracruz.com\/index.php\/wp-json\/wp\/v2\/media\/20945"}],"wp:attachment":[{"href":"https:\/\/noticiasveracruz.com\/index.php\/wp-json\/wp\/v2\/media?parent=20944"}],"wp:term":[{"taxonomy":"category","embeddable":true,"href":"https:\/\/noticiasveracruz.com\/index.php\/wp-json\/wp\/v2\/categories?post=20944"},{"taxonomy":"post_tag","embeddable":true,"href":"https:\/\/noticiasveracruz.com\/index.php\/wp-json\/wp\/v2\/tags?post=20944"}],"curies":[{"name":"wp","href":"https:\/\/api.w.org\/{rel}","templated":true}]}}