{"id":20936,"date":"2023-11-25T12:41:11","date_gmt":"2023-11-25T18:41:11","guid":{"rendered":"https:\/\/noticiasveracruz.com\/?p=20936"},"modified":"2023-11-25T12:41:11","modified_gmt":"2023-11-25T18:41:11","slug":"llama-sspc-a-la-sociedad-a-comprometerse-contra-violencia-hacia-mujeres","status":"publish","type":"post","link":"https:\/\/noticiasveracruz.com\/index.php\/2023\/11\/25\/llama-sspc-a-la-sociedad-a-comprometerse-contra-violencia-hacia-mujeres\/","title":{"rendered":"Llama SSPC a la sociedad a comprometerse contra violencia hacia mujeres"},"content":{"rendered":"<p><span style=\"font-size: 14pt;\">La titular de la Secretar\u00eda de Seguridad y Protecci\u00f3n Ciudadana (SSPC), Rosa Icela Rodr\u00edguez hizo un llamado a los servidores p\u00fablicos y a toda la sociedad a \u00abasumir un compromiso de cero tolerancia a la violencia contra las mujeres\u00bb.<\/span><\/p>\n<p class=\"western\"><span style=\"font-size: 14pt;\">Lo anterior, al iniciar las actividades de los 16 D\u00edas de Activismo contra la Violencia hacia las Mujeres, y en la ceremonia con motivo del D\u00eda Internacional de la Eliminaci\u00f3n de la Violencia contra la Mujer, la funcionaria federal record\u00f3 que esas acciones no son normales, sino un delito.<\/span><\/p>\n<p class=\"western\"><span style=\"font-size: 14pt;\">\u201cLa violencia contra las mujeres representa una violaci\u00f3n a los derechos humanos, es de hecho la m\u00e1s sistem\u00e1tica y devastadora violaci\u00f3n a los derechos en la historia de M\u00e9xico y del mundo\u201d, se\u00f1al\u00f3 Rodr\u00edguez Vel\u00e1zquez.<\/span><\/p>\n<p class=\"western\"><span style=\"font-size: 14pt;\">En su discurso, la coordinadora del Gabinete Nacional de Seguridad puntualiz\u00f3 que el<\/span><\/p>\n<p class=\"western\"><span style=\"font-size: 14pt;\">gobierno de M\u00e9xico \u00abha transformado las pol\u00edticas p\u00fablicas en la prevenci\u00f3n, atenci\u00f3n, sanci\u00f3n y erradicaci\u00f3n de las violencias\u00bb y que desde el pasado mes de marzo se reforz\u00f3 la Estrategia Integral contra la Violencia hacia las Mujeres y las Ni\u00f1as, en los 15 municipios con mayor incidencia de delitos de g\u00e9nero. En esta acci\u00f3n participan autoridades de los tres niveles de gobierno.<\/span><\/p>\n<p class=\"western\"><span style=\"font-size: 14pt;\">Las labores han permitido llegar a m\u00e1s de 580 mil personas, e incluso se logr\u00f3, de marzo a octubre de 2023, disminuir en 16 por ciento las carpetas de investigaci\u00f3n por feminicidio en comparaci\u00f3n con el mismo periodo de 2022.<\/span><\/p>\n","protected":false},"excerpt":{"rendered":"<p>La titular de la Secretar\u00eda de Seguridad y Protecci\u00f3n Ciudadana (SSPC), Rosa Icela Rodr\u00edguez hizo un llamado a los servidores<\/p>\n","protected":false},"author":4,"featured_media":20937,"comment_status":"closed","ping_status":"closed","sticky":false,"template":"","format":"standard","meta":{"colormag_page_container_layout":"default_layout","colormag_page_sidebar_layout":"default_layout","_jetpack_memberships_contains_paid_content":false,"footnotes":"","jetpack_publicize_message":"","jetpack_publicize_feature_enabled":true,"jetpack_social_post_already_shared":true,"jetpack_social_options":{"image_generator_settings":{"template":"highway","default_image_id":0,"font":"","enabled":false},"version":2}},"categories":[4],"tags":[],"class_list":["post-20936","post","type-post","status-publish","format-standard","has-post-thumbnail","hentry","category-nacional"],"jetpack_publicize_connections":[],"jetpack_featured_media_url":"https:\/\/noticiasveracruz.com\/wp-content\/uploads\/2023\/11\/rosaicelarodriguez-focus-0.04-min0.33-983-557-e1604169537136-1160x700-1-1160x700-1.jpg","jetpack_sharing_enabled":true,"publishpress_future_action":{"enabled":false,"date":"2026-05-06 17:53:19","action":"change-status","newStatus":"draft","terms":[],"taxonomy":"category","extraData":[]},"publishpress_future_workflow_manual_trigger":{"enabledWorkflows":[]},"_links":{"self":[{"href":"https:\/\/noticiasveracruz.com\/index.php\/wp-json\/wp\/v2\/posts\/20936","targetHints":{"allow":["GET"]}}],"collection":[{"href":"https:\/\/noticiasveracruz.com\/index.php\/wp-json\/wp\/v2\/posts"}],"about":[{"href":"https:\/\/noticiasveracruz.com\/index.php\/wp-json\/wp\/v2\/types\/post"}],"author":[{"embeddable":true,"href":"https:\/\/noticiasveracruz.com\/index.php\/wp-json\/wp\/v2\/users\/4"}],"replies":[{"embeddable":true,"href":"https:\/\/noticiasveracruz.com\/index.php\/wp-json\/wp\/v2\/comments?post=20936"}],"version-history":[{"count":0,"href":"https:\/\/noticiasveracruz.com\/index.php\/wp-json\/wp\/v2\/posts\/20936\/revisions"}],"wp:featuredmedia":[{"embeddable":true,"href":"https:\/\/noticiasveracruz.com\/index.php\/wp-json\/wp\/v2\/media\/20937"}],"wp:attachment":[{"href":"https:\/\/noticiasveracruz.com\/index.php\/wp-json\/wp\/v2\/media?parent=20936"}],"wp:term":[{"taxonomy":"category","embeddable":true,"href":"https:\/\/noticiasveracruz.com\/index.php\/wp-json\/wp\/v2\/categories?post=20936"},{"taxonomy":"post_tag","embeddable":true,"href":"https:\/\/noticiasveracruz.com\/index.php\/wp-json\/wp\/v2\/tags?post=20936"}],"curies":[{"name":"wp","href":"https:\/\/api.w.org\/{rel}","templated":true}]}}