{"id":20933,"date":"2023-11-25T12:38:17","date_gmt":"2023-11-25T18:38:17","guid":{"rendered":"https:\/\/noticiasveracruz.com\/?p=20933"},"modified":"2023-11-25T12:38:17","modified_gmt":"2023-11-25T18:38:17","slug":"la-unam-botin-para-descontentos-con-su-autonomia-patricia-davila","status":"publish","type":"post","link":"https:\/\/noticiasveracruz.com\/index.php\/2023\/11\/25\/la-unam-botin-para-descontentos-con-su-autonomia-patricia-davila\/","title":{"rendered":"\u00abLa UNAM, bot\u00edn para descontentos con su autonom\u00eda\u00bb: Patricia D\u00e1vila"},"content":{"rendered":"<p><span style=\"font-size: 14pt;\">Aunque la Universidad Nacional Aut\u00f3noma de M\u00e9xico (UNAM) <q>siempre estar\u00e1 dispuesta a dialogar<\/q> con grupos inconformes, <q>nadie tiene derecho de violentar s\u00f3lo por violentar y no lo vamos a permitir<\/q>, por lo que en la medida de sus posibilidades la instituci\u00f3n remitir\u00e1 o denunciar\u00e1 a quienes incurran en actos agresivos.<\/span><\/p>\n<p><span style=\"font-size: 14pt;\">La secretaria general de la m\u00e1xima casa de estudios, Patricia D\u00e1vila Aranda, se\u00f1al\u00f3 que aunque la universidad es vista como <q>un bot\u00edn<\/q> por muchos sectores descontentos con su autonom\u00eda, es gracias a dicho elemento normativo que \u201cseguiremos diciendo \u2018no\u2019 a lo que tengamos que hacerlo\u201d.<\/span><\/p>\n<p><span style=\"font-size: 14pt;\">Un par de d\u00edas despu\u00e9s de ser nombrada por el rector Leonardo Lomel\u00ed Vanegas como la primera mujer en ocupar dicho puesto (el segundo m\u00e1s importante en la estructura de la UNAM), la funcionaria recibi\u00f3 a <em>La Jornada<\/em> para hablar sobre los planes de trabajo que tiene en su nuevo encargo y los retos que ve a futuro.<\/span><\/p>\n<p><span style=\"font-size: 14pt;\">La charla con D\u00e1vila, quien hasta hace poco era la secretaria de desarrollo institucional de la universidad, ocurri\u00f3 el mismo d\u00eda en que tuvieron lugar enfrentamientos en la Facultad de Contadur\u00eda y Administraci\u00f3n (FCA), y en estos temas D\u00e1vila hizo \u00e9nfasis especial.<\/span><\/p>\n","protected":false},"excerpt":{"rendered":"<p>Aunque la Universidad Nacional Aut\u00f3noma de M\u00e9xico (UNAM) siempre estar\u00e1 dispuesta a dialogar con grupos inconformes, nadie tiene derecho de<\/p>\n","protected":false},"author":4,"featured_media":20934,"comment_status":"closed","ping_status":"closed","sticky":false,"template":"","format":"standard","meta":{"colormag_page_container_layout":"default_layout","colormag_page_sidebar_layout":"default_layout","_jetpack_memberships_contains_paid_content":false,"footnotes":"","jetpack_publicize_message":"","jetpack_publicize_feature_enabled":true,"jetpack_social_post_already_shared":true,"jetpack_social_options":{"image_generator_settings":{"template":"highway","default_image_id":0,"font":"","enabled":false},"version":2}},"categories":[4],"tags":[],"class_list":["post-20933","post","type-post","status-publish","format-standard","has-post-thumbnail","hentry","category-nacional"],"jetpack_publicize_connections":[],"jetpack_featured_media_url":"https:\/\/noticiasveracruz.com\/wp-content\/uploads\/2023\/11\/888-2_1-7570691_20231122010926.jpg","jetpack_sharing_enabled":true,"publishpress_future_action":{"enabled":false,"date":"2026-05-06 18:42:15","action":"change-status","newStatus":"draft","terms":[],"taxonomy":"category","extraData":[]},"publishpress_future_workflow_manual_trigger":{"enabledWorkflows":[]},"_links":{"self":[{"href":"https:\/\/noticiasveracruz.com\/index.php\/wp-json\/wp\/v2\/posts\/20933","targetHints":{"allow":["GET"]}}],"collection":[{"href":"https:\/\/noticiasveracruz.com\/index.php\/wp-json\/wp\/v2\/posts"}],"about":[{"href":"https:\/\/noticiasveracruz.com\/index.php\/wp-json\/wp\/v2\/types\/post"}],"author":[{"embeddable":true,"href":"https:\/\/noticiasveracruz.com\/index.php\/wp-json\/wp\/v2\/users\/4"}],"replies":[{"embeddable":true,"href":"https:\/\/noticiasveracruz.com\/index.php\/wp-json\/wp\/v2\/comments?post=20933"}],"version-history":[{"count":0,"href":"https:\/\/noticiasveracruz.com\/index.php\/wp-json\/wp\/v2\/posts\/20933\/revisions"}],"wp:featuredmedia":[{"embeddable":true,"href":"https:\/\/noticiasveracruz.com\/index.php\/wp-json\/wp\/v2\/media\/20934"}],"wp:attachment":[{"href":"https:\/\/noticiasveracruz.com\/index.php\/wp-json\/wp\/v2\/media?parent=20933"}],"wp:term":[{"taxonomy":"category","embeddable":true,"href":"https:\/\/noticiasveracruz.com\/index.php\/wp-json\/wp\/v2\/categories?post=20933"},{"taxonomy":"post_tag","embeddable":true,"href":"https:\/\/noticiasveracruz.com\/index.php\/wp-json\/wp\/v2\/tags?post=20933"}],"curies":[{"name":"wp","href":"https:\/\/api.w.org\/{rel}","templated":true}]}}