{"id":20920,"date":"2023-11-25T12:18:57","date_gmt":"2023-11-25T18:18:57","guid":{"rendered":"https:\/\/noticiasveracruz.com\/?p=20920"},"modified":"2023-11-25T12:18:57","modified_gmt":"2023-11-25T18:18:57","slug":"fuerte-cierre-de-la-economia-en-el-tercer-trimestre-inegi","status":"publish","type":"post","link":"https:\/\/noticiasveracruz.com\/index.php\/2023\/11\/25\/fuerte-cierre-de-la-economia-en-el-tercer-trimestre-inegi\/","title":{"rendered":"Fuerte cierre de la econom\u00eda en el tercer trimestre: Inegi"},"content":{"rendered":"<p><span style=\"font-size: 14pt;\">La econom\u00eda mexicana cerr\u00f3 el tercer trimestre del a\u00f1o <q>con fuerza<\/q>. El Instituto Nacional de Estad\u00edstica y Geograf\u00eda (Inegi) anunci\u00f3 una revisi\u00f3n al alza de 0.9 a 1.1 por ciento en el crecimiento de julio-septiembre respecto de abril-junio y la tasa anual se mantuvo en 3.3 por ciento, determinado principalmente por el impulso de la industria y servicios.<\/span><\/p>\n<p><span style=\"font-size: 14pt;\">El ajuste del crecimiento trimestral se explic\u00f3 por el avance del Indicador Global de la Actividad Econ\u00f3mica (IGAE), que muestra una aproximaci\u00f3n mensual del comportamiento del producto interno bruto (PIB), de 0.6 por ciento en septiembre frente a agosto.<\/span><\/p>\n<p><img loading=\"lazy\" decoding=\"async\" class=\"alignnone size-medium wp-image-20921\" src=\"http:\/\/noticiasveracruz.com\/wp-content\/uploads\/2023\/11\/fuerte-cierre-de-la-economia-en-el-tercer-trimestre-reporta-el-inegi-3064html-igaejpg-9560html-09a7a2da-398b-4724-931d-38297c4a167a-260x300.jpg\" alt=\"\" width=\"260\" height=\"300\" srcset=\"https:\/\/noticiasveracruz.com\/wp-content\/uploads\/2023\/11\/fuerte-cierre-de-la-economia-en-el-tercer-trimestre-reporta-el-inegi-3064html-igaejpg-9560html-09a7a2da-398b-4724-931d-38297c4a167a-260x300.jpg 260w, https:\/\/noticiasveracruz.com\/wp-content\/uploads\/2023\/11\/fuerte-cierre-de-la-economia-en-el-tercer-trimestre-reporta-el-inegi-3064html-igaejpg-9560html-09a7a2da-398b-4724-931d-38297c4a167a.jpg 421w\" sizes=\"auto, (max-width: 260px) 100vw, 260px\" \/><\/p>\n<p><span style=\"font-size: 14pt;\">Este dato caus\u00f3 sorpresa, pues analistas de Citibanamex, Ve Por M\u00e1s y Monex esperaban un menor dinamismo. No obstante, resaltaron que el resultado del IGAE del noveno mes explic\u00f3 la revisi\u00f3n al alza del crecimiento trimestral de la econom\u00eda mexicana.<\/span><\/p>\n<p><span style=\"font-size: 14pt;\">Con el resultado de julio-septiembre, la econom\u00eda mexicana sum\u00f3 ocho avances trimestrales consecutivos, aunque la cifra a tasa anual fue la menor en cinco lecturas consecutivas.<\/span><\/p>\n<p><span style=\"font-size: 14pt;\">El dinamismo de la actividad econ\u00f3mica en el periodo de referencia fue impulsado por el comercio y los servicios, cuyo crecimiento fue 0.9 por ciento, tras ser revisada desde 0.6 por ciento.<\/span><\/p>\n<p><span style=\"font-size: 14pt;\">La industria avanz\u00f3 1.3 por ciento en el tercer trimestre frente al lapso anterior, aunque fue ajustada ligeramente 0.1 puntos porcentuales.<\/span><\/p>\n<p><span style=\"font-size: 14pt;\">Las actividades primarias mostraron un crecimiento de 2.6 por ciento, aunque previamente se estim\u00f3 3.2 por ciento.<\/span><\/p>\n<p><span style=\"font-size: 14pt;\">Citibanamex subray\u00f3 que el crecimiento econ\u00f3mico ha estado impulsado por el avance sostenido del consumo privado y una expansi\u00f3n significativa en la construcci\u00f3n y las exportaciones automotrices.<\/span><\/p>\n<p><span style=\"font-size: 14pt;\">No obstante, uno de los principales motores econ\u00f3micos ha sido la construcci\u00f3n, debido a las obras insignia de la administraci\u00f3n del presidente Andr\u00e9s Manuel L\u00f3pez Obrador. Esto pese a que esta industria observ\u00f3 una reducci\u00f3n en el dato mensual del IGAE de septiembre.<\/span><\/p>\n<p><span style=\"font-size: 14pt;\">El crecimiento anual de la econom\u00eda mexicana se mantuvo en 3.3 por ciento, luego de que el Inegi ajust\u00f3 al alza 0.1 puntos porcentuales el avance de las actividades terciarias, es decir, comercio y servicios.<\/span><\/p>\n<p><span style=\"font-size: 14pt;\">El crecimiento de la industria observ\u00f3 una correcci\u00f3n a la baja de 0.1 puntos porcentuales, por lo que se ubic\u00f3 en 4.4 por ciento.<\/span><\/p>\n<p><span style=\"font-size: 14pt;\">Las actividades primarias, que engloban a la agricultura, ganader\u00eda y pesca, tuvieron una revisi\u00f3n a la baja de 0.2 puntos porcentuales para ubicarlas en 5.5 por ciento.<\/span><\/p>\n<p><span style=\"font-size: 14pt;\">La econom\u00eda mexicana sum\u00f3 un crecimiento de 3.4 por ciento en los primeros nueve meses del a\u00f1o. Aunque el dato tambi\u00e9n se corrigi\u00f3 a la baja en 0.1 puntos porcentuales, se mantuvo en l\u00ednea con las estimaciones de la Secretar\u00eda de Hacienda.<\/span><\/p>\n<p><span style=\"font-size: 14pt;\">El avance mensual de 0.6 por ciento del IGAE, el mayor en cinco lecturas consecutivas, se explic\u00f3 por el crecimiento de 0.9 por ciento del comercio y servicios, la industria 0.2 por ciento y las actividades primarias cayeron 3 por ciento. A tasa anual creci\u00f3 1.1 por ciento, pues las actividades secundarias y terciarias avanzaron 4.5 y 3.5 por ciento, respectivamente, frente a septiembre del a\u00f1o pasado.<\/span><\/p>\n<p><span style=\"font-size: 14pt;\">Monex destac\u00f3 que la econom\u00eda mexicana se encamina a un crecimiento anual 3.7 por ciento al cierre de 2023, por el impulso del consumo en los dos \u00faltimos meses del a\u00f1o, los aumentos salariales y otras transferencias.<\/span><\/p>\n<p><span style=\"font-size: 14pt;\">Citibanamex estim\u00f3 un menor dinamismo a futuro por la eventual desaceleraci\u00f3n en EU, as\u00ed como por las secuelas del hurac\u00e1n <em>Otis<\/em>.<\/span><\/p>\n","protected":false},"excerpt":{"rendered":"<p>La econom\u00eda mexicana cerr\u00f3 el tercer trimestre del a\u00f1o con fuerza. El Instituto Nacional de Estad\u00edstica y Geograf\u00eda (Inegi) anunci\u00f3<\/p>\n","protected":false},"author":4,"featured_media":20922,"comment_status":"closed","ping_status":"closed","sticky":false,"template":"","format":"standard","meta":{"colormag_page_container_layout":"default_layout","colormag_page_sidebar_layout":"default_layout","_jetpack_memberships_contains_paid_content":false,"footnotes":"","jetpack_publicize_message":"","jetpack_publicize_feature_enabled":true,"jetpack_social_post_already_shared":true,"jetpack_social_options":{"image_generator_settings":{"template":"highway","default_image_id":0,"font":"","enabled":false},"version":2}},"categories":[1947],"tags":[],"class_list":["post-20920","post","type-post","status-publish","format-standard","has-post-thumbnail","hentry","category-economia"],"jetpack_publicize_connections":[],"jetpack_featured_media_url":"https:\/\/noticiasveracruz.com\/wp-content\/uploads\/2023\/11\/PIB-mexicano-1024x597-1.jpg","jetpack_sharing_enabled":true,"publishpress_future_action":{"enabled":false,"date":"2026-05-06 21:47:56","action":"change-status","newStatus":"draft","terms":[],"taxonomy":"category","extraData":[]},"publishpress_future_workflow_manual_trigger":{"enabledWorkflows":[]},"_links":{"self":[{"href":"https:\/\/noticiasveracruz.com\/index.php\/wp-json\/wp\/v2\/posts\/20920","targetHints":{"allow":["GET"]}}],"collection":[{"href":"https:\/\/noticiasveracruz.com\/index.php\/wp-json\/wp\/v2\/posts"}],"about":[{"href":"https:\/\/noticiasveracruz.com\/index.php\/wp-json\/wp\/v2\/types\/post"}],"author":[{"embeddable":true,"href":"https:\/\/noticiasveracruz.com\/index.php\/wp-json\/wp\/v2\/users\/4"}],"replies":[{"embeddable":true,"href":"https:\/\/noticiasveracruz.com\/index.php\/wp-json\/wp\/v2\/comments?post=20920"}],"version-history":[{"count":0,"href":"https:\/\/noticiasveracruz.com\/index.php\/wp-json\/wp\/v2\/posts\/20920\/revisions"}],"wp:featuredmedia":[{"embeddable":true,"href":"https:\/\/noticiasveracruz.com\/index.php\/wp-json\/wp\/v2\/media\/20922"}],"wp:attachment":[{"href":"https:\/\/noticiasveracruz.com\/index.php\/wp-json\/wp\/v2\/media?parent=20920"}],"wp:term":[{"taxonomy":"category","embeddable":true,"href":"https:\/\/noticiasveracruz.com\/index.php\/wp-json\/wp\/v2\/categories?post=20920"},{"taxonomy":"post_tag","embeddable":true,"href":"https:\/\/noticiasveracruz.com\/index.php\/wp-json\/wp\/v2\/tags?post=20920"}],"curies":[{"name":"wp","href":"https:\/\/api.w.org\/{rel}","templated":true}]}}