{"id":20917,"date":"2023-11-25T12:08:27","date_gmt":"2023-11-25T18:08:27","guid":{"rendered":"https:\/\/noticiasveracruz.com\/?p=20917"},"modified":"2023-11-25T12:08:27","modified_gmt":"2023-11-25T18:08:27","slug":"amlo-vera-otra-vez-a-biden-para-tratar-tema-de-migracion","status":"publish","type":"post","link":"https:\/\/noticiasveracruz.com\/index.php\/2023\/11\/25\/amlo-vera-otra-vez-a-biden-para-tratar-tema-de-migracion\/","title":{"rendered":"AMLO ver\u00e1 otra vez a Biden para tratar tema de migraci\u00f3n"},"content":{"rendered":"<div class=\"col col1\">\n<p class=\"s-s\"><span style=\"font-size: 14pt;\">En materia migratoria, el presidente Andr\u00e9s Manuel L\u00f3pez Obrador reconoci\u00f3 avances en la colaboraci\u00f3n bilateral con Estados Unidos, aunque faltan muchas acciones, entre las cuales destac\u00f3 la regularizaci\u00f3n de la situaci\u00f3n de 12 millones de hispanos que residen y <q>trabajan all\u00e1 desde hace mucho tiempo y todav\u00eda no tienen sus papeles como estadunidenses y que deben de tener la doble nacionalidad<\/q>.<\/span><\/p>\n<p><span style=\"font-size: 14pt;\">En su conferencia efectuada desde esta ciudad, inform\u00f3 que en el reciente encuentro con su hom\u00f3logo estadunidense, Joe Biden \u2013con quien acord\u00f3 una nueva reuni\u00f3n antes de concluir su sexenio\u2013, se abordaron los retos en este rubro.<\/span><\/p>\n<p><span style=\"font-size: 14pt;\"><q>Yo tengo confianza de que lo va a hacer el presidente Biden. Nos vamos a volver a reunir, se acord\u00f3 eso. Y tengo confianza de que va a hacer una propuesta.<\/q><\/span><\/p>\n<p><span style=\"font-size: 14pt;\">El mandatario recrimin\u00f3 la postura adoptada por pol\u00edticos republicanos, como los gobernadores de Florida y Texas, Ron DeSantis y Greg Abbott, respectivamente, quienes asumen <q>actitudes muy antinmigrantes, inhumanas y politiqueras<\/q>, porque vienen las elecciones y quieren conectar con los sectores de la sociedad estadunidense que no admiten a los indocumentados.<\/span><\/p>\n<\/div>\n<div class=\"col col2\">\n<p><span style=\"font-size: 14pt;\">L\u00f3pez Obrador asegur\u00f3 que esto no les ha funcionado porque han reducido su presencia entre los aspirantes con mayores preferencias entre los electores.<\/span><\/p>\n<p><span style=\"font-size: 14pt;\">En Estados Unidos, <q>que se constituy\u00f3 en la gran naci\u00f3n que es gracias a los migrantes, existe esta actitud muy hip\u00f3crita que se da siempre, pero se agrava o se profundiza cuando hay elecciones<\/q>.<\/span><\/p>\n<p><span style=\"font-size: 14pt;\">Agreg\u00f3 que tambi\u00e9n falta alcanzar un acuerdo que permita destinar fondos para las naciones de donde proviene el mayor n\u00famero de indocumentados, <q>para llevar a cabo un plan de desarrollo, de cooperaci\u00f3n para ayudar a los pueblos de Am\u00e9rica Latina, en especial de Centroam\u00e9rica y del Caribe, porque est\u00e1n enfrentando crisis de bienestar severas<\/q>.<\/span><\/p>\n<p><span style=\"font-size: 14pt;\">De igual forma, si bien subray\u00f3 la importancia de que Estados Unidos haya abierto una v\u00eda legal mediante el otorgamiento de visas temporales para laborar a quienes las soliciten en sus pa\u00edses de origen, <q>lo que queremos es que se ampl\u00ede a otros pa\u00edses y tambi\u00e9n que se den m\u00e1s visas, que sea m\u00e1s la aceptaci\u00f3n de migrantes<\/q>.<\/span><\/p>\n<\/div>\n","protected":false},"excerpt":{"rendered":"<p>En materia migratoria, el presidente Andr\u00e9s Manuel L\u00f3pez Obrador reconoci\u00f3 avances en la colaboraci\u00f3n bilateral con Estados Unidos, aunque faltan<\/p>\n","protected":false},"author":4,"featured_media":20918,"comment_status":"closed","ping_status":"closed","sticky":false,"template":"","format":"standard","meta":{"colormag_page_container_layout":"default_layout","colormag_page_sidebar_layout":"default_layout","_jetpack_memberships_contains_paid_content":false,"footnotes":"","jetpack_publicize_message":"","jetpack_publicize_feature_enabled":true,"jetpack_social_post_already_shared":true,"jetpack_social_options":{"image_generator_settings":{"template":"highway","default_image_id":0,"font":"","enabled":false},"version":2}},"categories":[355],"tags":[],"class_list":["post-20917","post","type-post","status-publish","format-standard","has-post-thumbnail","hentry","category-internacional"],"jetpack_publicize_connections":[],"jetpack_featured_media_url":"https:\/\/noticiasveracruz.com\/wp-content\/uploads\/2023\/11\/Conferencia_presidente_9.57.07_AM__1_.jpeg","jetpack_sharing_enabled":true,"publishpress_future_action":{"enabled":false,"date":"2026-05-06 22:22:21","action":"change-status","newStatus":"draft","terms":[],"taxonomy":"category","extraData":[]},"publishpress_future_workflow_manual_trigger":{"enabledWorkflows":[]},"_links":{"self":[{"href":"https:\/\/noticiasveracruz.com\/index.php\/wp-json\/wp\/v2\/posts\/20917","targetHints":{"allow":["GET"]}}],"collection":[{"href":"https:\/\/noticiasveracruz.com\/index.php\/wp-json\/wp\/v2\/posts"}],"about":[{"href":"https:\/\/noticiasveracruz.com\/index.php\/wp-json\/wp\/v2\/types\/post"}],"author":[{"embeddable":true,"href":"https:\/\/noticiasveracruz.com\/index.php\/wp-json\/wp\/v2\/users\/4"}],"replies":[{"embeddable":true,"href":"https:\/\/noticiasveracruz.com\/index.php\/wp-json\/wp\/v2\/comments?post=20917"}],"version-history":[{"count":0,"href":"https:\/\/noticiasveracruz.com\/index.php\/wp-json\/wp\/v2\/posts\/20917\/revisions"}],"wp:featuredmedia":[{"embeddable":true,"href":"https:\/\/noticiasveracruz.com\/index.php\/wp-json\/wp\/v2\/media\/20918"}],"wp:attachment":[{"href":"https:\/\/noticiasveracruz.com\/index.php\/wp-json\/wp\/v2\/media?parent=20917"}],"wp:term":[{"taxonomy":"category","embeddable":true,"href":"https:\/\/noticiasveracruz.com\/index.php\/wp-json\/wp\/v2\/categories?post=20917"},{"taxonomy":"post_tag","embeddable":true,"href":"https:\/\/noticiasveracruz.com\/index.php\/wp-json\/wp\/v2\/tags?post=20917"}],"curies":[{"name":"wp","href":"https:\/\/api.w.org\/{rel}","templated":true}]}}