{"id":20906,"date":"2023-11-25T11:33:42","date_gmt":"2023-11-25T17:33:42","guid":{"rendered":"https:\/\/noticiasveracruz.com\/?p=20906"},"modified":"2023-11-25T11:33:42","modified_gmt":"2023-11-25T17:33:42","slug":"sindicalizados-toman-dependencias-de-la-sev","status":"publish","type":"post","link":"https:\/\/noticiasveracruz.com\/index.php\/2023\/11\/25\/sindicalizados-toman-dependencias-de-la-sev\/","title":{"rendered":"Sindicalizados toman  dependencias de la SEV"},"content":{"rendered":"<p>Xalapa<\/p>\n<p>Docentes sindicalizados tomaron diversas instalaciones de la Secretar\u00eda de Educaci\u00f3n de Veracruz (SEV) en la ciudad de Xalapa, para exigir que cesen las presuntas violaciones a sus derechos laborales.<\/p>\n<p>Se trata de agremiados del Sindicato Independiente de Regeneraci\u00f3n Magisterial (SIRMA), quienes protestaron y cerraron los accesos de las oficinas del Departamento de Administraci\u00f3n y Personal Estatal (DAPE) y de la Direcci\u00f3n General de Educaci\u00f3n Preescolar (DGEP).<\/p>\n<p><img loading=\"lazy\" decoding=\"async\" class=\"alignnone size-medium wp-image-20907\" src=\"http:\/\/noticiasveracruz.com\/wp-content\/uploads\/2023\/11\/9a-4-300x225.jpg\" alt=\"\" width=\"300\" height=\"225\" srcset=\"https:\/\/noticiasveracruz.com\/wp-content\/uploads\/2023\/11\/9a-4-300x225.jpg 300w, https:\/\/noticiasveracruz.com\/wp-content\/uploads\/2023\/11\/9a-4.jpg 677w\" sizes=\"auto, (max-width: 300px) 100vw, 300px\" \/><\/p>\n<p>Los empleados se\u00f1alaron la presunta incompetencia de los funcionarios de esas dependencias para resolver los diferentes asuntos de los trabajadores.<\/p>\n<p>De acuerdo con el secretario general de SIRMA, Tonatiuh Paredes Rangel, se tomaron las oficinas la ma\u00f1ana de este viernes 24 de noviembre y se liberar\u00edan hasta las cinco de la tarde.<\/p>\n<p>El l\u00edder sindical sentenci\u00f3 que, en caso de no obtener una respuesta favorable, tomar\u00e1n las oficinas centrales de la SEV el pr\u00f3ximo lunes 27 de noviembre.<\/p>\n<p>El entrevistado coment\u00f3 que la Administraci\u00f3n de Personal Estatal est\u00e1 deteniendo los tr\u00e1mites de los agremiados, ocasionando hasta la suspensi\u00f3n del pago a algunos de ellos.<\/p>\n<p>Se trata de tr\u00e1mites que deben demorar no m\u00e1s de 90 d\u00edas y a veces pasa m\u00e1s de un a\u00f1o sin resolverse.<\/p>\n<p>\u201cA partir del d\u00eda lunes, si no hay una respuesta que satisfaga, vamos a tomar las oficinas centrales de la SEV; vamos a tomar de manera indefinida las instalaciones de las oficinas centrales, para lo cual ya estamos convocando a todos los compa\u00f1eros del estado para reforzar la toma de instalaciones educativas\u201d, expres\u00f3.<\/p>\n","protected":false},"excerpt":{"rendered":"<p>Xalapa Docentes sindicalizados tomaron diversas instalaciones de la Secretar\u00eda de Educaci\u00f3n de Veracruz (SEV) en la ciudad de Xalapa, para<\/p>\n","protected":false},"author":4,"featured_media":20908,"comment_status":"closed","ping_status":"closed","sticky":false,"template":"","format":"standard","meta":{"colormag_page_container_layout":"default_layout","colormag_page_sidebar_layout":"default_layout","_jetpack_memberships_contains_paid_content":false,"footnotes":"","jetpack_publicize_message":"","jetpack_publicize_feature_enabled":true,"jetpack_social_post_already_shared":true,"jetpack_social_options":{"image_generator_settings":{"template":"highway","default_image_id":0,"font":"","enabled":false},"version":2}},"categories":[356],"tags":[],"class_list":["post-20906","post","type-post","status-publish","format-standard","has-post-thumbnail","hentry","category-veracruz"],"jetpack_publicize_connections":[],"jetpack_featured_media_url":"https:\/\/noticiasveracruz.com\/wp-content\/uploads\/2023\/11\/9a1-3.jpg","jetpack_sharing_enabled":true,"publishpress_future_action":{"enabled":false,"date":"2026-05-06 21:30:44","action":"change-status","newStatus":"draft","terms":[],"taxonomy":"category","extraData":[]},"publishpress_future_workflow_manual_trigger":{"enabledWorkflows":[]},"_links":{"self":[{"href":"https:\/\/noticiasveracruz.com\/index.php\/wp-json\/wp\/v2\/posts\/20906","targetHints":{"allow":["GET"]}}],"collection":[{"href":"https:\/\/noticiasveracruz.com\/index.php\/wp-json\/wp\/v2\/posts"}],"about":[{"href":"https:\/\/noticiasveracruz.com\/index.php\/wp-json\/wp\/v2\/types\/post"}],"author":[{"embeddable":true,"href":"https:\/\/noticiasveracruz.com\/index.php\/wp-json\/wp\/v2\/users\/4"}],"replies":[{"embeddable":true,"href":"https:\/\/noticiasveracruz.com\/index.php\/wp-json\/wp\/v2\/comments?post=20906"}],"version-history":[{"count":0,"href":"https:\/\/noticiasveracruz.com\/index.php\/wp-json\/wp\/v2\/posts\/20906\/revisions"}],"wp:featuredmedia":[{"embeddable":true,"href":"https:\/\/noticiasveracruz.com\/index.php\/wp-json\/wp\/v2\/media\/20908"}],"wp:attachment":[{"href":"https:\/\/noticiasveracruz.com\/index.php\/wp-json\/wp\/v2\/media?parent=20906"}],"wp:term":[{"taxonomy":"category","embeddable":true,"href":"https:\/\/noticiasveracruz.com\/index.php\/wp-json\/wp\/v2\/categories?post=20906"},{"taxonomy":"post_tag","embeddable":true,"href":"https:\/\/noticiasveracruz.com\/index.php\/wp-json\/wp\/v2\/tags?post=20906"}],"curies":[{"name":"wp","href":"https:\/\/api.w.org\/{rel}","templated":true}]}}