{"id":20896,"date":"2023-11-24T21:59:05","date_gmt":"2023-11-25T03:59:05","guid":{"rendered":"https:\/\/noticiasveracruz.com\/?p=20896"},"modified":"2023-11-24T21:59:05","modified_gmt":"2023-11-25T03:59:05","slug":"miguel-basanez-en-xalapa","status":"publish","type":"post","link":"https:\/\/noticiasveracruz.com\/index.php\/2023\/11\/24\/miguel-basanez-en-xalapa\/","title":{"rendered":"Miguel Bas\u00e1\u00f1ez en Xalapa"},"content":{"rendered":"<ul>\n<li><span style=\"font-size: 14pt;\">La presentaci\u00f3n del libro \u00bfQui\u00e9n manda en M\u00e9xico\u2019 en el COLVER<\/span><\/li>\n<li><span style=\"font-size: 14pt;\">Considerado como un nuevo cl\u00e1sico de la ciencia pol\u00edtica en M\u00e9xico<\/span><\/li>\n<li><span style=\"font-size: 14pt;\">El futuro del pa\u00eds lo definir\u00e1n los j\u00f3venes n\u00f3madas digitales<\/span><\/li>\n<\/ul>\n<p><span style=\"font-size: 14pt;\">Por Miguel \u00c1ngel Cristiani G.<\/span><\/p>\n<p><span style=\"font-size: 14pt;\">Estuvo en la capital del estado de Veracruz, Miguel Bas\u00e1\u00f1ez Ebergenyi considerado como uno de los acad\u00e9micos e investigadores de la realidad pol\u00edtica m\u00e1s prestigiados en la actualidad, quien vino a la presentaci\u00f3n de su libro \u00bfQui\u00e9n Manda en M\u00e9xico? En el Colegio de Veracruz.<\/span><\/p>\n<p><span style=\"font-size: 14pt;\">M\u00e9xico est\u00e1 sobre un andamiaje de miles de micro injusticias, afirm\u00f3 Miguel Bas\u00e1\u00f1ez al presentar el libro &#8216;\u00bb \u00bfQui\u00e9n Manda en M\u00e9xico?\u00bb de editorial MA Porr\u00faa en el auditorio \u00bb Arist\u00f3teles\u00bb del Colegio de Veracruz en Xalapa, donde resalt\u00f3 que nuestro sistema jur\u00eddico es producto del colonialismo, por lo que la poblaci\u00f3n al advertir que la legislaci\u00f3n no produce la justicia que les beneficie, la rechazan o no la observan, explic\u00f3 el autor del libro.<\/span><\/p>\n<p><span style=\"font-size: 14pt;\">Miguel Bas\u00e1\u00f1ez es acad\u00e9mico, cient\u00edfico social y diplom\u00e1tico veracruzano, &#8211; fue embajador de M\u00e9xico en los Estados Unidos- ha publicado libros de vanguardia cultural en el mundo, como la \u00bb Encuesta Mundial de Valores\u00bb y \u00bb Un Mundo de Tres Culturas\u201d, que propone nuevas f\u00f3rmulas para un cambio cultural en el mundo y nuevos \u00edndices para medir el desarrollo de los pa\u00edses, quien ahora present\u00f3 un libro ya considerado por acad\u00e9micos, libreros y analistas de este pa\u00eds, como un nuevo cl\u00e1sico de la ciencia pol\u00edtica en M\u00e9xico.<\/span><\/p>\n<p><span style=\"font-size: 14pt;\">En la presentaci\u00f3n Ricardo Corzo Ram\u00edrez, destacado soci\u00f3logo e historiador de la Universidad Veracruzana, ponder\u00f3 la obra de Bas\u00e1\u00f1ez por el rigor cient\u00edfico de sus estudios y por las grandes aportaciones al an\u00e1lisis del estado de derecho y la democracia en el M\u00e9xico contempor\u00e1neo.<\/span><\/p>\n<p><span style=\"font-size: 14pt;\">Por su parte Mario Ra\u00fal Mijares S\u00e1nchez, Rector del Colegio de Veracruz se\u00f1al\u00f3 que el Colegio Veracruz se honraba en recibir en su auditorio a uno de los pensadores m\u00e1s importantes de M\u00e9xico, con una obra como \u00ab\u00bfQui\u00e9n Manda en M\u00e9xico? que sirve para profundizar en el conocimiento de la sociolog\u00eda politica y de las dimensiones del poder en nuestro pa\u00eds.<\/span><\/p>\n<p><span style=\"font-size: 14pt;\">La presentaci\u00f3n del libro fue m\u00e1s bien una c\u00e1tedra a los alumnos y maestros del Colegio Veracruz, los cuales llenaron el auditorio y participaron con numerosas preguntas.<\/span><\/p>\n<p><span style=\"font-size: 14pt;\">Miguel Bas\u00e1\u00f1ez dijo que en su libro explica el desarrollo pol\u00edtico del pa\u00eds en los \u00faltimos 35 a\u00f1os, las crisis econ\u00f3micas y el papel que ha jugado el estado mexicano, advirtiendo que el futuro del pa\u00eds lo definir\u00e1n los j\u00f3venes n\u00f3madas digitales, los trabajadores informales y los ciudadanos binacionales que env\u00edan millones de d\u00f3lares cada a\u00f1o a sus familias en M\u00e9xico<\/span><\/p>\n<p><span style=\"font-size: 14pt;\">Detall\u00f3 que L\u00f3pez Obrador, con su ideal de \u00abPrimero los Pobres \u00bb est\u00e1 destruyendo los pilares de una decadente globalizaci\u00f3n, del neoliberalismo rampante que instaur\u00f3 Carlos Salinas sobre el estado nacional.<\/span><\/p>\n<p><span style=\"font-size: 14pt;\">Luego de dar a conocer los resultados de una encuesta realizada recientemente entre la poblaci\u00f3n a la que se le pregunt\u00f3 \u00bfqui\u00e9n manda en M\u00e9xico?, al final del d\u00eda, quien en verdad manda es la democracia, la demograf\u00eda tiene un peso may\u00fasculo.<\/span><\/p>\n<p><span style=\"font-size: 14pt;\">Para m\u00e1s informaci\u00f3n consulta nuestra p\u00e1gina\u00a0<a href=\"https:\/\/draft.blogger.com\/blog\/post\/edit\/639775545049960009\/6084915122522533155\" data-saferedirecturl=\"https:\/\/www.google.com\/url?q=https:\/\/draft.blogger.com\/blog\/post\/edit\/639775545049960009\/6084915122522533155&amp;source=gmail&amp;ust=1700960190005000&amp;usg=AOvVaw2N0hN9M0FKLLDCay8RlK3l\">https:\/\/www.xn--bitacoraspolticas-ovb.com\/<\/a><\/span><\/p>\n<p><img loading=\"lazy\" decoding=\"async\" class=\"alignnone wp-image-20600 size-full\" src=\"http:\/\/noticiasveracruz.com\/wp-content\/uploads\/2023\/11\/FIRMA-EDITORIAL-PD-2.jpg\" alt=\"\" width=\"1024\" height=\"125\" srcset=\"https:\/\/noticiasveracruz.com\/wp-content\/uploads\/2023\/11\/FIRMA-EDITORIAL-PD-2.jpg 1024w, https:\/\/noticiasveracruz.com\/wp-content\/uploads\/2023\/11\/FIRMA-EDITORIAL-PD-2-300x37.jpg 300w, https:\/\/noticiasveracruz.com\/wp-content\/uploads\/2023\/11\/FIRMA-EDITORIAL-PD-2-768x94.jpg 768w\" sizes=\"auto, (max-width: 1024px) 100vw, 1024px\" \/><\/p>\n","protected":false},"excerpt":{"rendered":"<p>La presentaci\u00f3n del libro \u00bfQui\u00e9n manda en M\u00e9xico\u2019 en el COLVER Considerado como un nuevo cl\u00e1sico de la ciencia pol\u00edtica<\/p>\n","protected":false},"author":4,"featured_media":3280,"comment_status":"closed","ping_status":"closed","sticky":false,"template":"","format":"standard","meta":{"colormag_page_container_layout":"default_layout","colormag_page_sidebar_layout":"default_layout","_jetpack_memberships_contains_paid_content":false,"footnotes":"","jetpack_publicize_message":"","jetpack_publicize_feature_enabled":true,"jetpack_social_post_already_shared":true,"jetpack_social_options":{"image_generator_settings":{"template":"highway","default_image_id":0,"font":"","enabled":false},"version":2}},"categories":[6],"tags":[],"class_list":["post-20896","post","type-post","status-publish","format-standard","has-post-thumbnail","hentry","category-columnistas"],"jetpack_publicize_connections":[],"jetpack_featured_media_url":"https:\/\/noticiasveracruz.com\/wp-content\/uploads\/2022\/04\/NV-MIGUEL-A\u0301NGEL-CRISTIANI.png","jetpack_sharing_enabled":true,"publishpress_future_action":{"enabled":false,"date":"2026-05-06 22:28:21","action":"change-status","newStatus":"draft","terms":[],"taxonomy":"category","extraData":[]},"publishpress_future_workflow_manual_trigger":{"enabledWorkflows":[]},"_links":{"self":[{"href":"https:\/\/noticiasveracruz.com\/index.php\/wp-json\/wp\/v2\/posts\/20896","targetHints":{"allow":["GET"]}}],"collection":[{"href":"https:\/\/noticiasveracruz.com\/index.php\/wp-json\/wp\/v2\/posts"}],"about":[{"href":"https:\/\/noticiasveracruz.com\/index.php\/wp-json\/wp\/v2\/types\/post"}],"author":[{"embeddable":true,"href":"https:\/\/noticiasveracruz.com\/index.php\/wp-json\/wp\/v2\/users\/4"}],"replies":[{"embeddable":true,"href":"https:\/\/noticiasveracruz.com\/index.php\/wp-json\/wp\/v2\/comments?post=20896"}],"version-history":[{"count":0,"href":"https:\/\/noticiasveracruz.com\/index.php\/wp-json\/wp\/v2\/posts\/20896\/revisions"}],"wp:featuredmedia":[{"embeddable":true,"href":"https:\/\/noticiasveracruz.com\/index.php\/wp-json\/wp\/v2\/media\/3280"}],"wp:attachment":[{"href":"https:\/\/noticiasveracruz.com\/index.php\/wp-json\/wp\/v2\/media?parent=20896"}],"wp:term":[{"taxonomy":"category","embeddable":true,"href":"https:\/\/noticiasveracruz.com\/index.php\/wp-json\/wp\/v2\/categories?post=20896"},{"taxonomy":"post_tag","embeddable":true,"href":"https:\/\/noticiasveracruz.com\/index.php\/wp-json\/wp\/v2\/tags?post=20896"}],"curies":[{"name":"wp","href":"https:\/\/api.w.org\/{rel}","templated":true}]}}