{"id":20892,"date":"2023-11-24T19:19:11","date_gmt":"2023-11-25T01:19:11","guid":{"rendered":"https:\/\/noticiasveracruz.com\/?p=20892"},"modified":"2023-11-24T19:19:11","modified_gmt":"2023-11-25T01:19:11","slug":"trabajadores-de-amazon-en-huelga-en-varios-paises-en-pleno-black-friday","status":"publish","type":"post","link":"https:\/\/noticiasveracruz.com\/index.php\/2023\/11\/24\/trabajadores-de-amazon-en-huelga-en-varios-paises-en-pleno-black-friday\/","title":{"rendered":"Trabajadores de Amazon, en huelga en varios pa\u00edses en pleno Black Friday"},"content":{"rendered":"<p><span style=\"font-size: 14pt;\">El gigante estadunidense del comercio electr\u00f3nico Amazon enfrenta este viernes una huelga en varios pa\u00edses donde sus trabajadores aprovecharon la jornada de ofertas del \u201cBlack Friday\u201d para ejercer presi\u00f3n en su lucha por mejorar las condiciones de trabajo.<\/span><\/p>\n<p><span style=\"font-size: 14pt;\">Los empleados de decenas de pa\u00edses \u2013entre ellos Estados Unidos, Alemania, Francia y Jap\u00f3n\u2013 fueron llamados a protestar uni\u00e9ndose a una campa\u00f1a denominada \u201cMake Amazon pay\u201d (Hacer que Amazon pague), que agrup\u00f3 a 80 organizaciones para pedir mejores condiciones salariales y de trabajo.<\/span><\/p>\n<p><span style=\"font-size: 14pt;\">\u201cDesde 2020, hemos organizado cuatro d\u00edas de acciones globales y cada vez hemos ampliado nuestro movimiento global para impedir que Amazon explote a los trabajadores, a las comunidades y al planeta\u201d, afirmaron los organizadores en el portal de la campa\u00f1a.<\/span><\/p>\n<p><img loading=\"lazy\" decoding=\"async\" class=\"alignnone size-medium wp-image-20893\" src=\"http:\/\/noticiasveracruz.com\/wp-content\/uploads\/2023\/11\/500_333-300x200.jpeg\" alt=\"\" width=\"300\" height=\"200\" srcset=\"https:\/\/noticiasveracruz.com\/wp-content\/uploads\/2023\/11\/500_333-300x200.jpeg 300w, https:\/\/noticiasveracruz.com\/wp-content\/uploads\/2023\/11\/500_333.jpeg 500w\" sizes=\"auto, (max-width: 300px) 100vw, 300px\" \/><\/p>\n<p><span style=\"font-size: 14pt;\">El \u201cBlack Friday\u201d es una jornada de ofertas que naci\u00f3 en Estados Unidos y se celebra el viernes despu\u00e9s del D\u00eda de Acci\u00f3n de Gracias. Ha sido replicado en Europa y en el resto del mundo.<\/span><\/p>\n<p><span style=\"font-size: 14pt;\">En Espa\u00f1a, el sindicato Comisiones Obreras (CCOO) convoc\u00f3 un paro de una hora para el \u201cCyber Monday\u201d del 27 de noviembre y tambi\u00e9n una huelga de una hora al d\u00eda siguiente de esta jornada de ofertas.<\/span><\/p>\n<p><span style=\"font-size: 14pt;\">En Alemania, el paro convocado por el sindicato Verdi comenz\u00f3 con el primer turno del viernes y afecta a cinco plantas que preparan los env\u00edos, del total de 20 puntos de log\u00edstica que Amazon tiene en el pa\u00eds.<\/span><\/p>\n<p><span style=\"font-size: 14pt;\">El sindicato afirm\u00f3 en un comunicado que busca una mejora \u201cde los salarios y de las condiciones de trabajo\u201d.<\/span><\/p>\n<p><span style=\"font-size: 14pt;\">Un portavoz de Amazon minimiz\u00f3 el impacto de la huelga y afirm\u00f3 que los clientes \u201cpueden contar, como es habitual, con que las entregas sean fiables y puntuales\u201d.<\/span><\/p>\n<p><span style=\"font-size: 14pt;\">Amazon inform\u00f3 que el salario de base en Alemania es de 14 euros por hora (15.30 d\u00f3lares), por encima del sueldo m\u00ednimo de 12 euros por hora.<\/span><\/p>\n<p><span style=\"font-size: 14pt;\">El sindicato Verdi basa sus reivindicaciones en la convenci\u00f3n colectiva del sector de las ventas minoristas, que el gigante estadunidense se niega a firmar.<\/span><\/p>\n<p><span style=\"font-size: 14pt;\">En Reino Unido, m\u00e1s de mil de personas participaron en la huelga, seg\u00fan los sindicatos.<\/span><\/p>\n<p><span style=\"font-size: 14pt;\">\u201cM\u00e1s de mil personas hicieron huelga (el viernes) y en el momento m\u00e1s fuerte del paro, m\u00e1s de 800 personas\u201d hicieron huelga al mismo tiempo, indic\u00f3 a la AFP Stuart Richards, portavoz del sindicato GMB.<\/span><\/p>\n<p><span style=\"font-size: 14pt;\">Teniendo en cuenta que la extensa planta de Coventry (centro) \u201calimenta otros almacenes, no hay duda de que esta huelga tendr\u00e1 un gran impacto\u201d en las entregas de los pedidos generados por Amazon durante el \u201cBlack Friday\u201d, dijo Richards.<\/span><\/p>\n","protected":false},"excerpt":{"rendered":"<p>El gigante estadunidense del comercio electr\u00f3nico Amazon enfrenta este viernes una huelga en varios pa\u00edses donde sus trabajadores aprovecharon la<\/p>\n","protected":false},"author":4,"featured_media":20894,"comment_status":"closed","ping_status":"closed","sticky":false,"template":"","format":"standard","meta":{"colormag_page_container_layout":"default_layout","colormag_page_sidebar_layout":"default_layout","_jetpack_memberships_contains_paid_content":false,"footnotes":"","jetpack_publicize_message":"","jetpack_publicize_feature_enabled":true,"jetpack_social_post_already_shared":true,"jetpack_social_options":{"image_generator_settings":{"template":"highway","default_image_id":0,"font":"","enabled":false},"version":2}},"categories":[1947],"tags":[],"class_list":["post-20892","post","type-post","status-publish","format-standard","has-post-thumbnail","hentry","category-economia"],"jetpack_publicize_connections":[],"jetpack_featured_media_url":"https:\/\/noticiasveracruz.com\/wp-content\/uploads\/2023\/11\/arton181434.jpg","jetpack_sharing_enabled":true,"publishpress_future_action":{"enabled":false,"date":"2026-05-06 21:47:38","action":"change-status","newStatus":"draft","terms":[],"taxonomy":"category","extraData":[]},"publishpress_future_workflow_manual_trigger":{"enabledWorkflows":[]},"_links":{"self":[{"href":"https:\/\/noticiasveracruz.com\/index.php\/wp-json\/wp\/v2\/posts\/20892","targetHints":{"allow":["GET"]}}],"collection":[{"href":"https:\/\/noticiasveracruz.com\/index.php\/wp-json\/wp\/v2\/posts"}],"about":[{"href":"https:\/\/noticiasveracruz.com\/index.php\/wp-json\/wp\/v2\/types\/post"}],"author":[{"embeddable":true,"href":"https:\/\/noticiasveracruz.com\/index.php\/wp-json\/wp\/v2\/users\/4"}],"replies":[{"embeddable":true,"href":"https:\/\/noticiasveracruz.com\/index.php\/wp-json\/wp\/v2\/comments?post=20892"}],"version-history":[{"count":0,"href":"https:\/\/noticiasveracruz.com\/index.php\/wp-json\/wp\/v2\/posts\/20892\/revisions"}],"wp:featuredmedia":[{"embeddable":true,"href":"https:\/\/noticiasveracruz.com\/index.php\/wp-json\/wp\/v2\/media\/20894"}],"wp:attachment":[{"href":"https:\/\/noticiasveracruz.com\/index.php\/wp-json\/wp\/v2\/media?parent=20892"}],"wp:term":[{"taxonomy":"category","embeddable":true,"href":"https:\/\/noticiasveracruz.com\/index.php\/wp-json\/wp\/v2\/categories?post=20892"},{"taxonomy":"post_tag","embeddable":true,"href":"https:\/\/noticiasveracruz.com\/index.php\/wp-json\/wp\/v2\/tags?post=20892"}],"curies":[{"name":"wp","href":"https:\/\/api.w.org\/{rel}","templated":true}]}}