{"id":20867,"date":"2023-11-24T11:40:57","date_gmt":"2023-11-24T17:40:57","guid":{"rendered":"https:\/\/noticiasveracruz.com\/?p=20867"},"modified":"2023-11-24T11:40:57","modified_gmt":"2023-11-24T17:40:57","slug":"lamentable-la-orden-para-devolver-residencia-a-lozoya-amlo","status":"publish","type":"post","link":"https:\/\/noticiasveracruz.com\/index.php\/2023\/11\/24\/lamentable-la-orden-para-devolver-residencia-a-lozoya-amlo\/","title":{"rendered":"Lamentable, la orden para devolver residencia a Lozoya: AMLO"},"content":{"rendered":"<p><span style=\"font-size: 14pt;\">El presidente Andr\u00e9s Manuel L\u00f3pez Obrador asever\u00f3 este viernes que es lamentable la orden dictada por una jueza para que la Fiscal\u00eda General de la Rep\u00fablica (FGR) devuelva a Emilio Lozoya una casa ubicada al poniente de la Ciudad de M\u00e9xico, valuada en 38 millones de pesos.<\/span><\/p>\n<p><span style=\"font-size: 14pt;\">\u201cEstamos enfrentando a diario todo esto por eso vamos a seguir insistiendo en la reforma al Poder Judicial, est\u00e1 muy podrido con honrosas excepciones, pero son excepciones, no es la regla\u201d, dijo el mandatario en su conferencia matutina.<\/span><\/p>\n<p><span style=\"font-size: 14pt;\">Cuestionado sobre la resoluci\u00f3n de la jueza Ana Lilia Osorno Arroyo, que determin\u00f3 que es improcedente la acci\u00f3n de extinci\u00f3n que la FGR pretend\u00eda realizar contra la residencia del ex director de Petr\u00f3leos Mexicanos (Pemex), el mandatario destac\u00f3 que \u201ces una decisi\u00f3n de un juez como las tenemos lamentablemente casi a diario de jueces que deciden liberar estos bienes y cosas peores, dejar en libertada a presuntos delincuentes y siempre con argumentos, o mejor dicho, con excusas o pretextos legaloides, porque no son capaces de ir al fondo y de entender que se trata de justicia, entonces aprovechan cualquier presunto error t\u00e9cnico, jur\u00eddico, falt\u00f3 poner la hora precisa, no lo detuvieron a las once, sino a las doce, no fue el jueves sino el viernes, falt\u00f3 poner una firma, o lo que se le encontr\u00f3 no pasaba de cinco armas de alto poder o cosas por el estilo\u201d.<\/span><\/p>\n<p><img loading=\"lazy\" decoding=\"async\" class=\"alignnone size-medium wp-image-20869\" src=\"http:\/\/noticiasveracruz.com\/wp-content\/uploads\/2023\/11\/lozoya-692x360-1-300x156.jpg\" alt=\"\" width=\"300\" height=\"156\" srcset=\"https:\/\/noticiasveracruz.com\/wp-content\/uploads\/2023\/11\/lozoya-692x360-1-300x156.jpg 300w, https:\/\/noticiasveracruz.com\/wp-content\/uploads\/2023\/11\/lozoya-692x360-1.jpg 692w\" sizes=\"auto, (max-width: 300px) 100vw, 300px\" \/><\/p>\n<p><span style=\"font-size: 14pt;\">Agreg\u00f3 que no hay a\u00fan un arreglo para resolver el caso de Lozoya. \u201cNo hay todav\u00eda un acuerdo, nosotros lo que estamos planteando es la reparaci\u00f3n del da\u00f1o, que devuelva los sustra\u00eddo al Estado, a la hacienda p\u00fablica, lo que ilegalmente obtuvo y hay diferencias en cuanto al monto, ellos est\u00e1n planteando creo que 20 millones de d\u00f3lares, devolver, y Pemex y Hacienda hablan de 100 millones de d\u00f3lares, en esos t\u00e9rminos. Por eso no se ha concedido la libertad condicionada, porque no hay ese arreglo\u201d.<\/span><\/p>\n<p><span style=\"font-size: 14pt;\">L\u00f3pez Obrador dijo que resoluciones judiciales como la referida dejan en claro que la reforma del Poder Judicial es una asignatura pendiente.<\/span><\/p>\n<p><span style=\"font-size: 14pt;\">\u201cEso hay que resolverlo, es una asignatura pendiente y nosotros intentamos, yo busqu\u00e9 que se llevara a cabo una reforma al Poder Judicial, que la impulsaran ellos mismos, porque es un poder independiente, pero no pudimos, porque cuando llegu\u00e9 pens\u00e9 que era muy dif\u00edcil cambiar a los jueces o hacer lo que hizo Zedillo, que desconoci\u00f3 al PJ, en particular a la Suprema Corte, quit\u00f3 a todos y propuso a otros, yo no iba a hacer eso, entonces pens\u00e9 c\u00f3mo hacerle\u201d, explic\u00f3.<\/span><\/p>\n<p><span style=\"font-size: 14pt;\">\u201cAntes de irme voy a dejar una iniciativa, se requieren dos terceras partes de los votos, votaci\u00f3n por mayor\u00eda calificada para poder reformar la constituci\u00f3n y que se elija a los jueces, a los magistrados y a los ministros, porque no veo otra salida. No basta con solo estar haciendo la denuncia\u201d, asegur\u00f3.<\/span><\/p>\n","protected":false},"excerpt":{"rendered":"<p>El presidente Andr\u00e9s Manuel L\u00f3pez Obrador asever\u00f3 este viernes que es lamentable la orden dictada por una jueza para que<\/p>\n","protected":false},"author":4,"featured_media":20868,"comment_status":"closed","ping_status":"closed","sticky":false,"template":"","format":"standard","meta":{"colormag_page_container_layout":"default_layout","colormag_page_sidebar_layout":"default_layout","_jetpack_memberships_contains_paid_content":false,"footnotes":"","jetpack_publicize_message":"","jetpack_publicize_feature_enabled":true,"jetpack_social_post_already_shared":true,"jetpack_social_options":{"image_generator_settings":{"template":"highway","default_image_id":0,"font":"","enabled":false},"version":2}},"categories":[4],"tags":[],"class_list":["post-20867","post","type-post","status-publish","format-standard","has-post-thumbnail","hentry","category-nacional"],"jetpack_publicize_connections":[],"jetpack_featured_media_url":"https:\/\/noticiasveracruz.com\/wp-content\/uploads\/2023\/11\/amlo.png","jetpack_sharing_enabled":true,"publishpress_future_action":{"enabled":false,"date":"2026-05-06 17:55:55","action":"change-status","newStatus":"draft","terms":[],"taxonomy":"category","extraData":[]},"publishpress_future_workflow_manual_trigger":{"enabledWorkflows":[]},"_links":{"self":[{"href":"https:\/\/noticiasveracruz.com\/index.php\/wp-json\/wp\/v2\/posts\/20867","targetHints":{"allow":["GET"]}}],"collection":[{"href":"https:\/\/noticiasveracruz.com\/index.php\/wp-json\/wp\/v2\/posts"}],"about":[{"href":"https:\/\/noticiasveracruz.com\/index.php\/wp-json\/wp\/v2\/types\/post"}],"author":[{"embeddable":true,"href":"https:\/\/noticiasveracruz.com\/index.php\/wp-json\/wp\/v2\/users\/4"}],"replies":[{"embeddable":true,"href":"https:\/\/noticiasveracruz.com\/index.php\/wp-json\/wp\/v2\/comments?post=20867"}],"version-history":[{"count":0,"href":"https:\/\/noticiasveracruz.com\/index.php\/wp-json\/wp\/v2\/posts\/20867\/revisions"}],"wp:featuredmedia":[{"embeddable":true,"href":"https:\/\/noticiasveracruz.com\/index.php\/wp-json\/wp\/v2\/media\/20868"}],"wp:attachment":[{"href":"https:\/\/noticiasveracruz.com\/index.php\/wp-json\/wp\/v2\/media?parent=20867"}],"wp:term":[{"taxonomy":"category","embeddable":true,"href":"https:\/\/noticiasveracruz.com\/index.php\/wp-json\/wp\/v2\/categories?post=20867"},{"taxonomy":"post_tag","embeddable":true,"href":"https:\/\/noticiasveracruz.com\/index.php\/wp-json\/wp\/v2\/tags?post=20867"}],"curies":[{"name":"wp","href":"https:\/\/api.w.org\/{rel}","templated":true}]}}