{"id":20864,"date":"2023-11-24T11:35:53","date_gmt":"2023-11-24T17:35:53","guid":{"rendered":"https:\/\/noticiasveracruz.com\/?p=20864"},"modified":"2023-11-24T11:35:53","modified_gmt":"2023-11-24T17:35:53","slug":"anuncia-presidente-inversion-por-10-mil-mdd-para-producir-hidrogeno-verde","status":"publish","type":"post","link":"https:\/\/noticiasveracruz.com\/index.php\/2023\/11\/24\/anuncia-presidente-inversion-por-10-mil-mdd-para-producir-hidrogeno-verde\/","title":{"rendered":"Anuncia Presidente inversi\u00f3n por 10 mil mdd para producir hidr\u00f3geno verde"},"content":{"rendered":"<p><span style=\"font-size: 14pt;\">Empresarios de Dinamarca invertir\u00e1n 10 mil millones de d\u00f3lares para producir hidr\u00f3geno verde en el corredor del Istmo de Tehuantepec, inform\u00f3 este viernes el presidente Andr\u00e9s Manuel L\u00f3pez Obrador.<\/span><\/p>\n<p><span style=\"font-size: 14pt;\">\u201cUn fondo financiero de Dinamarca va a invertir en ese polo de desarrollo, van a invertir 10 mil millones de d\u00f3lares porque van a producir energ\u00eda, hidr\u00f3geno verde para sustituir combustibles f\u00f3siles\u201d, adelant\u00f3 L\u00f3pez Obrador en su conferencia de prensa matutina, sin especificar el nombre de las empresas inversoras.<\/span><\/p>\n<p><span style=\"font-size: 14pt;\">\u201cLas embarcaciones nuevas van a moverse con hidr\u00f3geno verde y todo esto se va a producir en el Istmo, estamos hablando de la era de la no contaminaci\u00f3n y de todo lo que se est\u00e1 haciendo para evitar el cambio clim\u00e1tico\u201d, a\u00f1adi\u00f3.<\/span><\/p>\n<p><span style=\"font-size: 14pt;\">\u201cEst\u00e1 por firmarse este acuerdo. Ya no me va a tocar a m\u00ed ver terminada la obra, pero s\u00ed voy a dejar todo finalizado, con los convenios, todo. Esto va a ayudar mucho al Istmo\u201d, asegur\u00f3.<\/span><\/p>\n<p><span style=\"font-size: 14pt;\">El mandatario, por otra parte, confirm\u00f3 que en diciembre se inaugurar\u00e1 el tren Trans\u00edstmico, que ir\u00e1 de Coatzacoalcos a Salina Cruz.<\/span><\/p>\n<p><span style=\"font-size: 14pt;\">Agreg\u00f3 que ser\u00e1 aplazada la inauguraci\u00f3n de la autopista de Oaxaca-Puerto Escondido, que estaba planeada para el 29 de noviembre.<\/span><\/p>\n<p><span style=\"font-size: 14pt;\">\u201cEst\u00e1bamos por inaugurar este a\u00f1o el camino a Puerto Escondido, pero tuvimos unas fallas, se cayeron dos aludes, y ya no vamos a poder inaugurar este a\u00f1o, a m\u00e1s tardar en febrero\u201d, dijo.<\/span><\/p>\n","protected":false},"excerpt":{"rendered":"<p>Empresarios de Dinamarca invertir\u00e1n 10 mil millones de d\u00f3lares para producir hidr\u00f3geno verde en el corredor del Istmo de Tehuantepec,<\/p>\n","protected":false},"author":4,"featured_media":20865,"comment_status":"closed","ping_status":"closed","sticky":false,"template":"","format":"standard","meta":{"colormag_page_container_layout":"default_layout","colormag_page_sidebar_layout":"default_layout","_jetpack_memberships_contains_paid_content":false,"footnotes":"","jetpack_publicize_message":"","jetpack_publicize_feature_enabled":true,"jetpack_social_post_already_shared":true,"jetpack_social_options":{"image_generator_settings":{"template":"highway","default_image_id":0,"font":"","enabled":false},"version":2}},"categories":[4],"tags":[],"class_list":["post-20864","post","type-post","status-publish","format-standard","has-post-thumbnail","hentry","category-nacional"],"jetpack_publicize_connections":[],"jetpack_featured_media_url":"https:\/\/noticiasveracruz.com\/wp-content\/uploads\/2023\/11\/image_large.png","jetpack_sharing_enabled":true,"publishpress_future_action":{"enabled":false,"date":"2026-05-06 17:07:55","action":"change-status","newStatus":"draft","terms":[],"taxonomy":"category","extraData":[]},"publishpress_future_workflow_manual_trigger":{"enabledWorkflows":[]},"_links":{"self":[{"href":"https:\/\/noticiasveracruz.com\/index.php\/wp-json\/wp\/v2\/posts\/20864","targetHints":{"allow":["GET"]}}],"collection":[{"href":"https:\/\/noticiasveracruz.com\/index.php\/wp-json\/wp\/v2\/posts"}],"about":[{"href":"https:\/\/noticiasveracruz.com\/index.php\/wp-json\/wp\/v2\/types\/post"}],"author":[{"embeddable":true,"href":"https:\/\/noticiasveracruz.com\/index.php\/wp-json\/wp\/v2\/users\/4"}],"replies":[{"embeddable":true,"href":"https:\/\/noticiasveracruz.com\/index.php\/wp-json\/wp\/v2\/comments?post=20864"}],"version-history":[{"count":0,"href":"https:\/\/noticiasveracruz.com\/index.php\/wp-json\/wp\/v2\/posts\/20864\/revisions"}],"wp:featuredmedia":[{"embeddable":true,"href":"https:\/\/noticiasveracruz.com\/index.php\/wp-json\/wp\/v2\/media\/20865"}],"wp:attachment":[{"href":"https:\/\/noticiasveracruz.com\/index.php\/wp-json\/wp\/v2\/media?parent=20864"}],"wp:term":[{"taxonomy":"category","embeddable":true,"href":"https:\/\/noticiasveracruz.com\/index.php\/wp-json\/wp\/v2\/categories?post=20864"},{"taxonomy":"post_tag","embeddable":true,"href":"https:\/\/noticiasveracruz.com\/index.php\/wp-json\/wp\/v2\/tags?post=20864"}],"curies":[{"name":"wp","href":"https:\/\/api.w.org\/{rel}","templated":true}]}}