{"id":20850,"date":"2023-11-24T00:01:13","date_gmt":"2023-11-24T06:01:13","guid":{"rendered":"https:\/\/noticiasveracruz.com\/?p=20850"},"modified":"2023-11-24T00:01:13","modified_gmt":"2023-11-24T06:01:13","slug":"sera-pepe-no-le-busquen-mas","status":"publish","type":"post","link":"https:\/\/noticiasveracruz.com\/index.php\/2023\/11\/24\/sera-pepe-no-le-busquen-mas\/","title":{"rendered":"\u00a1Ser\u00e1 Pepe! no le busquen m\u00e1s"},"content":{"rendered":"<p><strong><span style=\"font-size: 14pt;\">Por: Luis Ram\u00edrez Baqueiro<\/span><\/strong><\/p>\n<p><span style=\"font-size: 12pt;\"><em>\u201cNo es dif\u00edcil tener \u00e9xito. Lo dif\u00edcil es merecerlo.\u201d \u2013 Albert Camus.<\/em><\/span><\/p>\n<p><span style=\"font-size: 14pt;\">Kil\u00f3metros de tinta se han escrito respecto a quien ser\u00e1 el responsable de encabezar el Frente Amplio por Veracruz o Frente Amplio Opositor si lo quiere usted llamar as\u00ed.<\/span><\/p>\n<p><span style=\"font-size: 14pt;\">La realidad es que los tiempos y plazos se cumplen y no habr\u00e1 de otra, el PRI har\u00e1 primero del conocimiento de los convidados a la mesa del Se\u00f1or, Alejandro Moreno C\u00e1rdenas, el resultado del estudio demosc\u00f3pico que determinar\u00e1 qui\u00e9n ser\u00e1 el afortunado ganador de la rifa del tigre.<\/span><\/p>\n<p><span style=\"font-size: 14pt;\">Fuentes bien enteradas en el altiplano nos confirman que la cita ser\u00e1 este viernes a las 13:30 horas, que el encuentro se apunta para largo, pues quienes salgan de esa reuni\u00f3n deber\u00e1n salir convencidos y prestos apoyar al vencedor.<\/span><\/p>\n<p><span style=\"font-size: 14pt;\">Por tal motivo, el famoso \u201cAlito\u201d habr\u00e1 de ratificar lo que por semanas se ha dicho, que el bueno vendr\u00e1 de la zona monta\u00f1osa central de Veracruz y que los tiempos invernales le acompa\u00f1an, pues Perote es su cuna, y de ah\u00ed habr\u00e1 de salir el contendiente.<\/span><\/p>\n<p><span style=\"font-size: 14pt;\">Si Alejandro Moreno no acostumbra salir con una m\u00e1s de sus acostumbradas jaladas, Jos\u00e9 Francisco \u201cPepe\u201d Yunes Zorrilla ser\u00e1 el candidato a la gubernatura de Veracruz.<\/span><\/p>\n<p><span style=\"font-size: 14pt;\">De lado quedar\u00e1n los 5 contendientes priistas \u2013Lorena Pi\u00f1\u00f3n, Anil\u00fa Ingram Vallines, H\u00e9ctor Yunes Landa, Marlon Eduardo Ram\u00edrez Mar\u00edn y Cirilo V\u00e1zquez Parissi, aqu\u00ed no habr\u00e1 premio de consolaci\u00f3n, al contrario, habr\u00e1 de haber compromiso y apoyo irrestricto al diputado federal Pepe Yunes, quien por segunda ocasi\u00f3n se embarcar\u00e1 en la apuesta por llegar a la Silla Embrujada \u2013aunque esa dicen se la llev\u00f3 el mismo Javier Duarte-, como parte de los suvenires que sustrajo tras su paso por Palacio de Gobierno.<\/span><\/p>\n<p><span style=\"font-size: 14pt;\">De este modo, bajo acuerdo cupular entre los dirigentes nacionales de los partidos pol\u00edticos que conforman el bloque opositor, el PRI propone el candidato a la gubernatura, pero el PAN y PRD, designar\u00e1n los candidatos al Senado.<\/span><\/p>\n<p><span style=\"font-size: 14pt;\">De esta forma se afirma, que el perote\u00f1o habr\u00eda acordado ya con el Clan Yunes de Boca del R\u00edo, el cerrar filas y llevar a uno de sus integrantes como el responsable de encabezar la primera f\u00f3rmula senatorial.<\/span><\/p>\n<p><span style=\"font-size: 14pt;\">Afirman que el elegido para esta misi\u00f3n ser\u00e1, m\u00e1s y nada menos, que el ex senador Fernando Yunes M\u00e1rquez, a la espera de que el PRD, designe a su compa\u00f1era de f\u00f3rmula.<\/span><\/p>\n<p><span style=\"font-size: 14pt;\">Aunque se especula que, en esa posici\u00f3n, podr\u00edan los panistas postular tambi\u00e9n a una candidata, solo que bajo las siglas del PRD.<\/span><\/p>\n<p><span style=\"font-size: 14pt;\">Relevante ser\u00e1 conocer qu\u00e9 pasar\u00e1 con personajes como Anil\u00fa Ingram Vallines, H\u00e9ctor Yunes Landa o Marlon Ram\u00edrez Mar\u00edn, pues se sabe tambi\u00e9n, que personajes como Lorena Pi\u00f1\u00f3n Rivera y Cirilo V\u00e1zquez Parissi tendr\u00edan acordado dar continuidad a sus proyectos desde San L\u00e1zaro, terreno que no desconocen, ojo, mucho ojo, caminando sus distritos, porque as\u00ed nada m\u00e1s pues no creemos.<\/span><\/p>\n<p><span style=\"font-size: 14pt;\">La realidad es que ahora m\u00e1s que nunca, deber\u00e1n gastar la suela, el m\u00e9todo ya se lo saben, cercan\u00eda con la gente y nada m\u00e1s.<\/span><\/p>\n<p><span style=\"font-size: 14pt;\">Mientras tanto, las horas pasan, y se espera el desenlace de esta tragicomedia pol\u00edtica veracruzana, en donde el que no cae, resbala, como en la casa del jabonero.<\/span><\/p>\n<p><span style=\"font-size: 14pt;\">La pregunta aqu\u00ed ser\u00e1 \u00bfest\u00e1 dispuesto Jos\u00e9 Francisco Yunes Zorrilla a volver a recorrer la entidad, y no alzarse con la victoria? Porque la danza de encuestas y la fuerza pol\u00edtica del presidente Andr\u00e9s Manuel L\u00f3pez Obrador le sobra y le basta para arrastrar a los candidatos de su partido en la disputa.<\/span><\/p>\n<p><span style=\"font-size: 14pt;\">Ya se ver\u00e1, por lo pronto haga sus apuestas.<\/span><\/p>\n<p><span style=\"font-size: 14pt;\">\u00a0<\/span><span style=\"font-size: 14pt;\">Al tiempo.<\/span><\/p>\n<p><img loading=\"lazy\" decoding=\"async\" class=\"alignnone wp-image-20600 size-full\" src=\"http:\/\/noticiasveracruz.com\/wp-content\/uploads\/2023\/11\/FIRMA-EDITORIAL-PD-2.jpg\" alt=\"\" width=\"1024\" height=\"125\" srcset=\"https:\/\/noticiasveracruz.com\/wp-content\/uploads\/2023\/11\/FIRMA-EDITORIAL-PD-2.jpg 1024w, https:\/\/noticiasveracruz.com\/wp-content\/uploads\/2023\/11\/FIRMA-EDITORIAL-PD-2-300x37.jpg 300w, https:\/\/noticiasveracruz.com\/wp-content\/uploads\/2023\/11\/FIRMA-EDITORIAL-PD-2-768x94.jpg 768w\" sizes=\"auto, (max-width: 1024px) 100vw, 1024px\" \/><\/p>\n","protected":false},"excerpt":{"rendered":"<p>Por: Luis Ram\u00edrez Baqueiro \u201cNo es dif\u00edcil tener \u00e9xito. Lo dif\u00edcil es merecerlo.\u201d \u2013 Albert Camus. Kil\u00f3metros de tinta se<\/p>\n","protected":false},"author":4,"featured_media":3572,"comment_status":"closed","ping_status":"closed","sticky":false,"template":"","format":"standard","meta":{"colormag_page_container_layout":"default_layout","colormag_page_sidebar_layout":"default_layout","_jetpack_memberships_contains_paid_content":false,"footnotes":"","jetpack_publicize_message":"","jetpack_publicize_feature_enabled":true,"jetpack_social_post_already_shared":true,"jetpack_social_options":{"image_generator_settings":{"template":"highway","default_image_id":0,"font":"","enabled":false},"version":2}},"categories":[6],"tags":[],"class_list":["post-20850","post","type-post","status-publish","format-standard","has-post-thumbnail","hentry","category-columnistas"],"jetpack_publicize_connections":[],"jetpack_featured_media_url":"https:\/\/noticiasveracruz.com\/wp-content\/uploads\/2022\/04\/LUIS-RAMI\u0301REZ-BAQUEIRO.png","jetpack_sharing_enabled":true,"publishpress_future_action":{"enabled":false,"date":"2026-05-06 14:18:25","action":"change-status","newStatus":"draft","terms":[],"taxonomy":"category","extraData":[]},"publishpress_future_workflow_manual_trigger":{"enabledWorkflows":[]},"_links":{"self":[{"href":"https:\/\/noticiasveracruz.com\/index.php\/wp-json\/wp\/v2\/posts\/20850","targetHints":{"allow":["GET"]}}],"collection":[{"href":"https:\/\/noticiasveracruz.com\/index.php\/wp-json\/wp\/v2\/posts"}],"about":[{"href":"https:\/\/noticiasveracruz.com\/index.php\/wp-json\/wp\/v2\/types\/post"}],"author":[{"embeddable":true,"href":"https:\/\/noticiasveracruz.com\/index.php\/wp-json\/wp\/v2\/users\/4"}],"replies":[{"embeddable":true,"href":"https:\/\/noticiasveracruz.com\/index.php\/wp-json\/wp\/v2\/comments?post=20850"}],"version-history":[{"count":0,"href":"https:\/\/noticiasveracruz.com\/index.php\/wp-json\/wp\/v2\/posts\/20850\/revisions"}],"wp:featuredmedia":[{"embeddable":true,"href":"https:\/\/noticiasveracruz.com\/index.php\/wp-json\/wp\/v2\/media\/3572"}],"wp:attachment":[{"href":"https:\/\/noticiasveracruz.com\/index.php\/wp-json\/wp\/v2\/media?parent=20850"}],"wp:term":[{"taxonomy":"category","embeddable":true,"href":"https:\/\/noticiasveracruz.com\/index.php\/wp-json\/wp\/v2\/categories?post=20850"},{"taxonomy":"post_tag","embeddable":true,"href":"https:\/\/noticiasveracruz.com\/index.php\/wp-json\/wp\/v2\/tags?post=20850"}],"curies":[{"name":"wp","href":"https:\/\/api.w.org\/{rel}","templated":true}]}}