{"id":20830,"date":"2023-11-23T21:18:33","date_gmt":"2023-11-24T03:18:33","guid":{"rendered":"https:\/\/noticiasveracruz.com\/?p=20830"},"modified":"2023-11-23T21:18:33","modified_gmt":"2023-11-24T03:18:33","slug":"alcalde-jose-manuel-pozos-castro-superviso-la-terminacion-y-avances-de-obra-en-varias-escuelas","status":"publish","type":"post","link":"https:\/\/noticiasveracruz.com\/index.php\/2023\/11\/23\/alcalde-jose-manuel-pozos-castro-superviso-la-terminacion-y-avances-de-obra-en-varias-escuelas\/","title":{"rendered":"Alcalde Jos\u00e9 Manuel Pozos Castro supervis\u00f3 la terminaci\u00f3n y avances de obra, en varias escuelas"},"content":{"rendered":"<p><span style=\"font-size: 14pt;\">Tuxpan, Ver., 23 abril 2023.- El Lic. Jos\u00e9 Manuel Pozos Castro, presidente municipal de Tuxpan, supervis\u00f3 avances y terminaci\u00f3n de obra en varios planteles educativos del municipio.<\/span><\/p>\n<p><span style=\"font-size: 14pt;\">El recorrido inici\u00f3 en la escuela primaria General Ford N\u00fam. 192, ubicada en la localidad Santiago de la Pe\u00f1a, donde est\u00e1 por terminarse la construcci\u00f3n de un techado que permitir\u00e1 a alumnas y alumnos realizar actividades de educaci\u00f3n f\u00edsica protegidos de las inclemencias del clima.<\/span><\/p>\n<p><span style=\"font-size: 14pt;\">En esta obra -inform\u00f3 el alcalde- se est\u00e1n invirtiendo un total de 2 millones 162 mil 327 pesos.<\/span><\/p>\n<p><span style=\"font-size: 14pt;\">Posteriormente se traslad\u00f3 al Conalep 165 \u201cLic. Jes\u00fas Reyes Heroles\u201d, donde acompa\u00f1ado por autoridades del plantel, anunci\u00f3 que, con una inversi\u00f3n de 592 mil 127 pesos, se edific\u00f3 un aula en beneficio de la comunidad estudiantil.<\/span><\/p>\n<p><img loading=\"lazy\" decoding=\"async\" class=\"alignnone size-medium wp-image-20831\" src=\"http:\/\/noticiasveracruz.com\/wp-content\/uploads\/2023\/11\/WhatsApp-Image-2023-11-23-at-20.44.54-300x199.jpeg\" alt=\"\" width=\"300\" height=\"199\" srcset=\"https:\/\/noticiasveracruz.com\/wp-content\/uploads\/2023\/11\/WhatsApp-Image-2023-11-23-at-20.44.54-300x199.jpeg 300w, https:\/\/noticiasveracruz.com\/wp-content\/uploads\/2023\/11\/WhatsApp-Image-2023-11-23-at-20.44.54-1024x681.jpeg 1024w, https:\/\/noticiasveracruz.com\/wp-content\/uploads\/2023\/11\/WhatsApp-Image-2023-11-23-at-20.44.54-768x511.jpeg 768w, https:\/\/noticiasveracruz.com\/wp-content\/uploads\/2023\/11\/WhatsApp-Image-2023-11-23-at-20.44.54.jpeg 1280w\" sizes=\"auto, (max-width: 300px) 100vw, 300px\" \/><\/p>\n<p><span style=\"font-size: 14pt;\">Para concluir, estuvo en la escuela Secundaria General N\u00fam. 1 \u201cEmiliano Zapata\u201d, en la colonia Jardines, donde se est\u00e1n invirtiendo 2 millones 498 mil 590 pesos en la construcci\u00f3n de un techado que facilitar\u00e1 la realizaci\u00f3n de actividades escolares y clases de educaci\u00f3n f\u00edsica en un ambiente m\u00e1s c\u00f3modo y sin riesgos para la salud.<\/span><\/p>\n<p><span style=\"font-size: 14pt;\">Jos\u00e9 Manuel Pozos Castro manifest\u00f3 que seguir\u00e1 atendiendo las necesidades de las escuelas de Tuxpan.<\/span><\/p>\n<p><span style=\"font-size: 14pt;\">\u201cVamos a seguir trabajando, vamos a seguir invirtiendo en lo que mejor se puede invertir que es en la educaci\u00f3n de nuestros ni\u00f1os y nuestros j\u00f3venes\u201d.<\/span><\/p>\n<p><span style=\"font-size: 14pt;\">En estos recorridos, la primera autoridad del municipio estuvo acompa\u00f1ado del Ing. Pedro de Jes\u00fas Espinoza, director de Obras P\u00fablicas, e integrantes de su equipo de trabajo.<\/span><\/p>\n","protected":false},"excerpt":{"rendered":"<p>Tuxpan, Ver., 23 abril 2023.- El Lic. Jos\u00e9 Manuel Pozos Castro, presidente municipal de Tuxpan, supervis\u00f3 avances y terminaci\u00f3n de<\/p>\n","protected":false},"author":4,"featured_media":20832,"comment_status":"closed","ping_status":"closed","sticky":false,"template":"","format":"standard","meta":{"colormag_page_container_layout":"default_layout","colormag_page_sidebar_layout":"default_layout","_jetpack_memberships_contains_paid_content":false,"footnotes":"","jetpack_publicize_message":"","jetpack_publicize_feature_enabled":true,"jetpack_social_post_already_shared":true,"jetpack_social_options":{"image_generator_settings":{"template":"highway","default_image_id":0,"font":"","enabled":false},"version":2}},"categories":[356],"tags":[],"class_list":["post-20830","post","type-post","status-publish","format-standard","has-post-thumbnail","hentry","category-veracruz"],"jetpack_publicize_connections":[],"jetpack_featured_media_url":"https:\/\/noticiasveracruz.com\/wp-content\/uploads\/2023\/11\/WhatsApp-Image-2023-11-23-at-20.44.55.jpeg","jetpack_sharing_enabled":true,"publishpress_future_action":{"enabled":false,"date":"2026-05-06 12:51:31","action":"change-status","newStatus":"draft","terms":[],"taxonomy":"category","extraData":[]},"publishpress_future_workflow_manual_trigger":{"enabledWorkflows":[]},"_links":{"self":[{"href":"https:\/\/noticiasveracruz.com\/index.php\/wp-json\/wp\/v2\/posts\/20830","targetHints":{"allow":["GET"]}}],"collection":[{"href":"https:\/\/noticiasveracruz.com\/index.php\/wp-json\/wp\/v2\/posts"}],"about":[{"href":"https:\/\/noticiasveracruz.com\/index.php\/wp-json\/wp\/v2\/types\/post"}],"author":[{"embeddable":true,"href":"https:\/\/noticiasveracruz.com\/index.php\/wp-json\/wp\/v2\/users\/4"}],"replies":[{"embeddable":true,"href":"https:\/\/noticiasveracruz.com\/index.php\/wp-json\/wp\/v2\/comments?post=20830"}],"version-history":[{"count":0,"href":"https:\/\/noticiasveracruz.com\/index.php\/wp-json\/wp\/v2\/posts\/20830\/revisions"}],"wp:featuredmedia":[{"embeddable":true,"href":"https:\/\/noticiasveracruz.com\/index.php\/wp-json\/wp\/v2\/media\/20832"}],"wp:attachment":[{"href":"https:\/\/noticiasveracruz.com\/index.php\/wp-json\/wp\/v2\/media?parent=20830"}],"wp:term":[{"taxonomy":"category","embeddable":true,"href":"https:\/\/noticiasveracruz.com\/index.php\/wp-json\/wp\/v2\/categories?post=20830"},{"taxonomy":"post_tag","embeddable":true,"href":"https:\/\/noticiasveracruz.com\/index.php\/wp-json\/wp\/v2\/tags?post=20830"}],"curies":[{"name":"wp","href":"https:\/\/api.w.org\/{rel}","templated":true}]}}