{"id":20827,"date":"2023-11-23T19:32:40","date_gmt":"2023-11-24T01:32:40","guid":{"rendered":"https:\/\/noticiasveracruz.com\/?p=20827"},"modified":"2023-11-23T19:32:40","modified_gmt":"2023-11-24T01:32:40","slug":"eu-pide-pronta-extradicion-de-el-nini","status":"publish","type":"post","link":"https:\/\/noticiasveracruz.com\/index.php\/2023\/11\/23\/eu-pide-pronta-extradicion-de-el-nini\/","title":{"rendered":"EU pide pronta extradici\u00f3n de \u00abEl Nini\u00bb"},"content":{"rendered":"<p><span style=\"font-size: 14pt;\">Estados Unidos solicit\u00f3 a M\u00e9xico una pronta extradici\u00f3n de N\u00e9stor Isidro P\u00e9rez Salas,<\/span><br \/>\n<span style=\"font-size: 14pt;\">conocido como El Nini, acusado de ser el jefe de seguridad de la facci\u00f3n del C\u00e1rtel de<\/span><br \/>\n<span style=\"font-size: 14pt;\">Sinaloa encabezada por los hijos de su fundador, Joaqu\u00edn \u00abEl Chapo\u00bb Guzm\u00e1n, dijo el<\/span><br \/>\n<span style=\"font-size: 14pt;\">jueves el fiscal general estadunidense, Merrick Garland.<\/span><\/p>\n<p><span style=\"font-size: 14pt;\">n tanto, el presidente de Estados Unidos, Joe Biden, agradeci\u00f3 este jueves a las autoridades y fuerzas de seguridad mexicanas tras la detenci\u00f3n del <em>El Nini<\/em>, presunto traficante de fentanilo, una droga sint\u00e9tica que est\u00e1 causando estragos en su pa\u00eds.<\/span><\/p>\n<p><span style=\"font-size: 14pt;\">\u00abQuiero agradecer a (el presidente mexicano, Andr\u00e9s Manuel) L\u00f3pez Obrador, al ej\u00e9rcito\u00a0mexicano y a las fuerzas especiales por el arresto de <em>El Nini<\/em>, y saludar a los valientes\u00a0hombres y mujeres de las fuerzas de seguridad mexicanas que llevaron a cabo esta\u00a0operaci\u00f3n\u00bb, afirm\u00f3 el mandatario estadunidense en un comunicado.<\/span><\/p>\n<p><span style=\"font-size: 14pt;\">N\u00e9stor Isidro P\u00e9rez Salas, alias <em>El Nini<\/em>, es cercano a los hijos del narcotraficante Joaqu\u00edn<em> El Chapo\u00a0<\/em>Guzm\u00e1n, quien cumple cadena perpetua en Estados Unidos. Su detenci\u00f3n se\u00a0produjo en Culiac\u00e1n, en el noroeste del pa\u00eds.<\/span><\/p>\n<p><span style=\"font-size: 14pt;\">\u00abFue durante tres a\u00f1os uno de los criminales m\u00e1s buscados por M\u00e9xico y Estados Unidos\u00bb,\u00a0dijo Biden, y a\u00f1adi\u00f3: \u00abNuestros dos pa\u00edses est\u00e1n m\u00e1s seguros ahora que \u00e9l est\u00e1 tras las\u00a0rejas\u00bb.<\/span><\/p>\n<p><span style=\"font-size: 14pt;\">El dem\u00f3crata de 81 a\u00f1os, que prometi\u00f3 luchar contra el tr\u00e1fico de fentanilo, record\u00f3 que\u00a0este a\u00f1o hab\u00eda sido detenido otro l\u00edder del mismo grupo de narcotraficantes, llamado <em>Los\u00a0Chapitos<\/em>, Ovidio Guzm\u00e1n L\u00f3pez.<\/span><\/p>\n<p><span style=\"font-size: 14pt;\">El nombre <em>Chapito<\/em>\u00a0hace referencia a los hijos de Joaqu\u00edn Guzm\u00e1n.<\/span><\/p>\n<p><span style=\"font-size: 14pt;\">Biden y su hom\u00f3logo mexicano se comprometieron, en una reuni\u00f3n celebrada el 17 de\u00a0noviembre en San Francisco, a cooperar m\u00e1s estrechamente contra el tr\u00e1fico de drogas y,\u00a0en particular, contra el fentanilo.<\/span><br \/>\n<span style=\"font-size: 14pt;\">Este poderoso opi\u00e1ceo sint\u00e9tico es responsable de decenas de miles de muertes cada a\u00f1o\u00a0en Estados Unidos.<\/span><\/p>\n<p><span style=\"font-size: 14pt;\">Elaborada a partir de productos procedentes a menudo de China, la droga es, seg\u00fan\u00a0Washington, introducida en Estados Unidos por los c\u00e1rteles mexicanos, en particular por el\u00a0de Sinaloa.<\/span><\/p>\n","protected":false},"excerpt":{"rendered":"<p>Estados Unidos solicit\u00f3 a M\u00e9xico una pronta extradici\u00f3n de N\u00e9stor Isidro P\u00e9rez Salas, conocido como El Nini, acusado de ser<\/p>\n","protected":false},"author":4,"featured_media":20828,"comment_status":"closed","ping_status":"closed","sticky":false,"template":"","format":"standard","meta":{"colormag_page_container_layout":"default_layout","colormag_page_sidebar_layout":"default_layout","_jetpack_memberships_contains_paid_content":false,"footnotes":"","jetpack_publicize_message":"","jetpack_publicize_feature_enabled":true,"jetpack_social_post_already_shared":true,"jetpack_social_options":{"image_generator_settings":{"template":"highway","default_image_id":0,"font":"","enabled":false},"version":2}},"categories":[355],"tags":[],"class_list":["post-20827","post","type-post","status-publish","format-standard","has-post-thumbnail","hentry","category-internacional"],"jetpack_publicize_connections":[],"jetpack_featured_media_url":"https:\/\/noticiasveracruz.com\/wp-content\/uploads\/2023\/11\/fuerzas-especiales-sedena-chapitos-el-nini-09-culiacan.jpg","jetpack_sharing_enabled":true,"publishpress_future_action":{"enabled":false,"date":"2026-05-06 12:05:26","action":"change-status","newStatus":"draft","terms":[],"taxonomy":"category","extraData":[]},"publishpress_future_workflow_manual_trigger":{"enabledWorkflows":[]},"_links":{"self":[{"href":"https:\/\/noticiasveracruz.com\/index.php\/wp-json\/wp\/v2\/posts\/20827","targetHints":{"allow":["GET"]}}],"collection":[{"href":"https:\/\/noticiasveracruz.com\/index.php\/wp-json\/wp\/v2\/posts"}],"about":[{"href":"https:\/\/noticiasveracruz.com\/index.php\/wp-json\/wp\/v2\/types\/post"}],"author":[{"embeddable":true,"href":"https:\/\/noticiasveracruz.com\/index.php\/wp-json\/wp\/v2\/users\/4"}],"replies":[{"embeddable":true,"href":"https:\/\/noticiasveracruz.com\/index.php\/wp-json\/wp\/v2\/comments?post=20827"}],"version-history":[{"count":0,"href":"https:\/\/noticiasveracruz.com\/index.php\/wp-json\/wp\/v2\/posts\/20827\/revisions"}],"wp:featuredmedia":[{"embeddable":true,"href":"https:\/\/noticiasveracruz.com\/index.php\/wp-json\/wp\/v2\/media\/20828"}],"wp:attachment":[{"href":"https:\/\/noticiasveracruz.com\/index.php\/wp-json\/wp\/v2\/media?parent=20827"}],"wp:term":[{"taxonomy":"category","embeddable":true,"href":"https:\/\/noticiasveracruz.com\/index.php\/wp-json\/wp\/v2\/categories?post=20827"},{"taxonomy":"post_tag","embeddable":true,"href":"https:\/\/noticiasveracruz.com\/index.php\/wp-json\/wp\/v2\/tags?post=20827"}],"curies":[{"name":"wp","href":"https:\/\/api.w.org\/{rel}","templated":true}]}}