{"id":20823,"date":"2023-11-23T19:26:33","date_gmt":"2023-11-24T01:26:33","guid":{"rendered":"https:\/\/noticiasveracruz.com\/?p=20823"},"modified":"2023-11-23T19:26:33","modified_gmt":"2023-11-24T01:26:33","slug":"invitan-a-estudiantes-de-prepa-a-pedir-su-beca","status":"publish","type":"post","link":"https:\/\/noticiasveracruz.com\/index.php\/2023\/11\/23\/invitan-a-estudiantes-de-prepa-a-pedir-su-beca\/","title":{"rendered":"Invitan a estudiantes de prepa a pedir su beca"},"content":{"rendered":"<p><span style=\"font-size: 14pt;\">Tuxpan.- A todos los estudiantes de nuevo ingreso al bachillerato los invitan a registrarse en el sistema nacional de becas Benito Ju\u00e1rez, para los sistemas de Escolarizado Mixto.<\/span><\/p>\n<p><img loading=\"lazy\" decoding=\"async\" class=\"alignnone size-medium wp-image-20825\" src=\"http:\/\/noticiasveracruz.com\/wp-content\/uploads\/2023\/11\/4a2-300x169.jpg\" alt=\"\" width=\"300\" height=\"169\" srcset=\"https:\/\/noticiasveracruz.com\/wp-content\/uploads\/2023\/11\/4a2-300x169.jpg 300w, https:\/\/noticiasveracruz.com\/wp-content\/uploads\/2023\/11\/4a2-1024x576.jpg 1024w, https:\/\/noticiasveracruz.com\/wp-content\/uploads\/2023\/11\/4a2-768x432.jpg 768w, https:\/\/noticiasveracruz.com\/wp-content\/uploads\/2023\/11\/4a2.jpg 1200w\" sizes=\"auto, (max-width: 300px) 100vw, 300px\" \/><\/p>\n<p><span style=\"font-size: 14pt;\">Trabajadores del Bienestar hacen un llamado a los j\u00f3venes para que puedan hacer su tr\u00e1mite hasta antes del 30 de noviembre, el registro debe ser en l\u00ednea en el link buscador.becasbenitojuarez.gob.mx\/consulta.<\/span><\/p>\n<p><span style=\"font-size: 14pt;\">Despu\u00e9s de su registro, deben consultar su estatus y recoger su tarjeta en la delegaci\u00f3n del Bienestar que les corresponda, adem\u00e1s de que tienen que tener paciencia, puesto que este tr\u00e1mite se hace a nivel nacional.<\/span><\/p>\n<p><span style=\"font-size: 14pt;\">Cabe mencionar que la Beca Universal para el Bienestar Benito Ju\u00e1rez de Educaci\u00f3n Media Superior es un programa del Gobierno de M\u00e9xico dirigido a los alumnos de educaci\u00f3n media superior inscritos en escuelas p\u00fablicas en modalidad escolarizada o mixta para que puedan continuar y concluir sus estudios.<\/span><\/p>\n<p><span style=\"font-size: 14pt;\">La beca es un apoyo de 840 pesos mensuales que se otorga por los 10 meses que dura el ciclo escolar, hasta por un m\u00e1ximo de 30 meses siempre y cuando contin\u00faen inscritos en las escuelas.<\/span><\/p>\n","protected":false},"excerpt":{"rendered":"<p>Tuxpan.- A todos los estudiantes de nuevo ingreso al bachillerato los invitan a registrarse en el sistema nacional de becas<\/p>\n","protected":false},"author":4,"featured_media":20824,"comment_status":"closed","ping_status":"closed","sticky":false,"template":"","format":"standard","meta":{"colormag_page_container_layout":"default_layout","colormag_page_sidebar_layout":"default_layout","_jetpack_memberships_contains_paid_content":false,"footnotes":"","jetpack_publicize_message":"","jetpack_publicize_feature_enabled":true,"jetpack_social_post_already_shared":true,"jetpack_social_options":{"image_generator_settings":{"template":"highway","default_image_id":0,"font":"","enabled":false},"version":2}},"categories":[356],"tags":[],"class_list":["post-20823","post","type-post","status-publish","format-standard","has-post-thumbnail","hentry","category-veracruz"],"jetpack_publicize_connections":[],"jetpack_featured_media_url":"https:\/\/noticiasveracruz.com\/wp-content\/uploads\/2023\/11\/4a.jpg","jetpack_sharing_enabled":true,"publishpress_future_action":{"enabled":false,"date":"2026-05-06 11:23:39","action":"change-status","newStatus":"draft","terms":[],"taxonomy":"category","extraData":[]},"publishpress_future_workflow_manual_trigger":{"enabledWorkflows":[]},"_links":{"self":[{"href":"https:\/\/noticiasveracruz.com\/index.php\/wp-json\/wp\/v2\/posts\/20823","targetHints":{"allow":["GET"]}}],"collection":[{"href":"https:\/\/noticiasveracruz.com\/index.php\/wp-json\/wp\/v2\/posts"}],"about":[{"href":"https:\/\/noticiasveracruz.com\/index.php\/wp-json\/wp\/v2\/types\/post"}],"author":[{"embeddable":true,"href":"https:\/\/noticiasveracruz.com\/index.php\/wp-json\/wp\/v2\/users\/4"}],"replies":[{"embeddable":true,"href":"https:\/\/noticiasveracruz.com\/index.php\/wp-json\/wp\/v2\/comments?post=20823"}],"version-history":[{"count":0,"href":"https:\/\/noticiasveracruz.com\/index.php\/wp-json\/wp\/v2\/posts\/20823\/revisions"}],"wp:featuredmedia":[{"embeddable":true,"href":"https:\/\/noticiasveracruz.com\/index.php\/wp-json\/wp\/v2\/media\/20824"}],"wp:attachment":[{"href":"https:\/\/noticiasveracruz.com\/index.php\/wp-json\/wp\/v2\/media?parent=20823"}],"wp:term":[{"taxonomy":"category","embeddable":true,"href":"https:\/\/noticiasveracruz.com\/index.php\/wp-json\/wp\/v2\/categories?post=20823"},{"taxonomy":"post_tag","embeddable":true,"href":"https:\/\/noticiasveracruz.com\/index.php\/wp-json\/wp\/v2\/tags?post=20823"}],"curies":[{"name":"wp","href":"https:\/\/api.w.org\/{rel}","templated":true}]}}