{"id":20795,"date":"2023-11-23T02:52:14","date_gmt":"2023-11-23T08:52:14","guid":{"rendered":"https:\/\/noticiasveracruz.com\/?p=20795"},"modified":"2023-11-23T02:52:14","modified_gmt":"2023-11-23T08:52:14","slug":"feria-de-buenas-noticias","status":"publish","type":"post","link":"https:\/\/noticiasveracruz.com\/index.php\/2023\/11\/23\/feria-de-buenas-noticias\/","title":{"rendered":"Feria de buenas noticias"},"content":{"rendered":"<p><span style=\"font-size: 14pt;\"><strong>Por Norma Meraz<\/strong><\/span><\/p>\n<p><span style=\"font-size: 14pt;\">Vamos por el sexto a\u00f1o de gobierno de Andr\u00e9s Manuel L\u00f3pez Obrador y seguimos en espera del cumplimiento de compromisos y juramentos que hizo al tomar posesi\u00f3n en 2018.<\/span><\/p>\n<p><span style=\"font-size: 14pt;\">&#8211; \u201cCumplir y hacer cumplir la Constituci\u00f3n \u201c<\/span><\/p>\n<p><span style=\"font-size: 14pt;\">-Construir la Refiner\u00eda de Dos Bocas<\/span><\/p>\n<p><span style=\"font-size: 14pt;\">&#8211; La construcci\u00f3n del Tren Maya<\/span><\/p>\n<p><span style=\"font-size: 14pt;\">-La construcci\u00f3n del Canal\u00a0 interoce\u00e1nico<\/span><\/p>\n<p><span style=\"font-size: 14pt;\">&#8211; Un Sistema de Salud como el de Dinamarca<\/span><\/p>\n<p><span style=\"font-size: 14pt;\">-El combate a la corrupci\u00f3n y la impunidad<\/span><\/p>\n<p><span style=\"font-size: 14pt;\">&#8211; Educaci\u00f3n universal, etc, etc. para no ser m\u00e1s repetitiva.<\/span><\/p>\n<p><span style=\"font-size: 14pt;\">El cumplir y hacer cumplir la Constituci\u00f3n, \u00a1es caer en la verg\u00fcenza!<\/span><\/p>\n<p><span style=\"font-size: 14pt;\">Si algo no ha cumplido este Presidente de la Rep\u00fablica es eso; la ha pisoteado, violado y burlado.<\/span><\/p>\n<p><span style=\"font-size: 14pt;\">Por principio no respeta la divisi\u00f3n de poderes, como lo establece la Carta Magna.<\/span><\/p>\n<p><span style=\"font-size: 14pt;\">Al Poder Legislativo lo tiene cooptado con su mayor\u00eda de diputados y senadores morenistas, y al Poder Judicial lo agrede, insiste en desacreditarlo y trata de estrangularlo presupuestalmente.<\/span><\/p>\n<p><span style=\"font-size: 14pt;\">Descalifica e insulta a los Ministros de la Suprema Corte por votar en contra de sus ocurrencias y acogerse a la Jurisprudencia y defensa de los derechos constitucionales de los mexicanos.<\/span><\/p>\n<p><span style=\"font-size: 14pt;\">A toda costa quiere desmoronar la \u00faltima Instituci\u00f3n de la Rep\u00fablica que es uno de los pilares de la democracia: el Poder Judicial.<\/span><\/p>\n<p><span style=\"font-size: 14pt;\">La construcci\u00f3n de la Refiner\u00eda de Dos Bocas, en 5 a\u00f1os no se ha terminado y menos ha refinado un barril de petr\u00f3leo.<\/span><\/p>\n<p><span style=\"font-size: 14pt;\">A la fecha, sigue inconclusa y con un costo tres veces mayor del originalmente presupuestado\u00a0 y para colmo, la secretaria de\u00a0 Energ\u00eda, Rocio Nahle, renunci\u00f3 sin m\u00e1s, para ir a competir por el gobierno de Veracruz .<\/span><\/p>\n<p><span style=\"font-size: 14pt;\">El famoso Tren Maya, que en su trazo original\u00a0 se ha llevado por delante miles de \u00e1rboles maderables ancestrales, plantas y animales, luego cambi\u00f3 de rumbo, incrementando el costo\u00a0 original en m\u00e1s del doble y mutilando la rica selva, pulm\u00f3n del pa\u00eds, destruyendo ruinas arqueol\u00f3gicas, tapiando cenotes y desapareci\u00e9ndolos\u00a0 para siempre.<\/span><\/p>\n<p><span style=\"font-size: 14pt;\">Un tren que, a saber cu\u00e1ndo se terminar\u00e1 de construir y menos recuperar la inversi\u00f3n pues comprobado esta que, ning\u00fan tren de pasajeros en el mundo, y menos tur\u00edstico, es rentable, todos son subsidiados por el Estado.<\/span><\/p>\n<p><span style=\"font-size: 14pt;\">Un canal Interoce\u00e1nico\u00a0 que en el papel luce muy bonito y hasta se presume que competir\u00e1 con el Canal de Panam\u00e1.<\/span><\/p>\n<p><span style=\"font-size: 14pt;\">A cinco a\u00f1os, este proyecto carece de las obras que acompa\u00f1an a dicha obra fara\u00f3nica que, por cierto ya se les hab\u00eda ocurrido a varios Presidentes anteriores .<\/span><\/p>\n<p><span style=\"font-size: 14pt;\">Respecto de la salud ni qu\u00e9 decir; ni siquiera estamos en las condiciones de un Sistema\u00a0 como el que ten\u00edamos antes de la 4T, mucho menos como \u201cel d\u00e9 Dinamarca\u201d; como nunca, se carece de medicamentos b\u00e1sicos.<\/span><\/p>\n<p><span style=\"font-size: 14pt;\">Cero combate a la corrupci\u00f3n y la impunidad.<\/span><\/p>\n<p><span style=\"font-size: 14pt;\">\u00bfQu\u00e9 pas\u00f3 con el fraude a Segalmex y cuando se le pedir\u00e1n cuentas al ej\u00e9rcito?<\/span><\/p>\n<p><span style=\"font-size: 14pt;\">\u00bfEducaci\u00f3n? Los ni\u00f1os y j\u00f3venes llevan dos a\u00f1os perdidos que no recuperar\u00e1n, no solo por la pandemia sino por un \u201cSistema educativo\u201d, \u00a0que ha estado a cargo de funcionari@s ineptos, incompetentes, que hacen retorcerse en la tumba a Jos\u00e9 Vasconcelos, Jes\u00fas Reyes Heroles, Porfirio Mu\u00f1oz Ledo y otros tantos ilustres letrados.<\/span><\/p>\n<p><span style=\"font-size: 14pt;\">Ah! Pero ahora en pleno abuso de los recursos del Estado, como son los medios de comunicaci\u00f3n oficiales, el Presidente se llena la boca anunciando el despegue del aeropuerto Felipe \u00c1ngeles con vuelos a 20 destinos, aunque todav\u00eda no tienen aviones; tambi\u00e9n abord\u00f3 un vag\u00f3n del Tren Maya e inaugur\u00f3 unos cuantos kil\u00f3metros que en su trayecto, sufri\u00f3 un desperfecto, y se desplazaba m\u00e1s despacio que el trenecito de Chapultepec .<\/span><\/p>\n<p><span style=\"font-size: 14pt;\">Tambi\u00e9n anuncia ocho rutas de tren para pasajeros que cruzar\u00e1n todo el territorio nacional, aunque \u00e9l no los ver\u00e1 en operaci\u00f3n.<\/span><\/p>\n<p><span style=\"font-size: 14pt;\">\u00a1Otra gran noticia! anuncia que se contar\u00e1 con una mega ultra gigantesca y \u00fanica farmacia como nadie en el mundo tiene, para que todos y cada uno de los mexicanos cuenten con medicamentos; y si alguien necesita en Chiapas , un \u201cOmeprazol\u201d , r\u00e1pidamente lo enviar\u00e1n hasta la selva Lacandona.<\/span><\/p>\n<p><span style=\"font-size: 14pt;\">\u00a1Guauuu! Una Feria de buenas noticias en medio de la algarab\u00eda de las campa\u00f1as pol\u00edticas y la\u00a0 sucesi\u00f3n presidencial .<\/span><\/p>\n<p><span style=\"font-size: 14pt;\">Vivimos sumidos en la legalizaci\u00f3n de la mentira, cerrando los ojos frente a una realidad que lacera; pobreza, inseguridad, ilegalidad, enfermedad y muerte.<\/span><\/p>\n<p><span style=\"font-size: 14pt;\">Por citar un dato que lastima y mucho, la desaparici\u00f3n de mujeres en el Estado de Veracruz, en el a\u00f1o 2022:\u00a0 322 mujeres desaparecieron en 143 de los 212 municipios de ese Estado, gobernado por un funcionario \u201cde izquierda\u201d que, se disfraza y desfila en el carnaval del Puerto.<\/span><\/p>\n<p><span style=\"font-size: 14pt;\">Y no podemos dejar de citar el caso del Estado de Guerrero.<\/span><\/p>\n<p><span style=\"font-size: 14pt;\">Una tragedia inconmensurable en 49 municipios de ese Estado,de los cuales solamente dos, Acapulco y Coyuca son objeto de ayuda por parte del Gobierno Federal .<\/span><\/p>\n<p><span style=\"font-size: 14pt;\">\u00a1No es posible que se desconozcan los nombres de los \u201c48\u201d muertos oficialmente registrados y, tampoco tengamos una lista cercana\u00a0 con los nombres de los desaparecidos!.<\/span><\/p>\n<p><span style=\"font-size: 14pt;\">\u00a1Por favor! \u00bfPor qu\u00e9 ocultar la realidad? Si al ver las im\u00e1genes del desastre solo nos revelan el ocultamiento de la verdad.<\/span><\/p>\n<p><span style=\"font-size: 14pt;\">No estamos ciegos, ni sordos\u2026 Con buenas intenciones y mentiras \u00a0no se gobierna.\u00a0\u00a0<\/span><\/p>\n<p><span style=\"font-size: 14pt;\">\u00a0\u00a1Digamos la Verdad!<\/span><\/p>\n<p><img loading=\"lazy\" decoding=\"async\" class=\"alignnone wp-image-20600 size-full\" src=\"http:\/\/noticiasveracruz.com\/wp-content\/uploads\/2023\/11\/FIRMA-EDITORIAL-PD-2.jpg\" alt=\"\" width=\"1024\" height=\"125\" srcset=\"https:\/\/noticiasveracruz.com\/wp-content\/uploads\/2023\/11\/FIRMA-EDITORIAL-PD-2.jpg 1024w, https:\/\/noticiasveracruz.com\/wp-content\/uploads\/2023\/11\/FIRMA-EDITORIAL-PD-2-300x37.jpg 300w, https:\/\/noticiasveracruz.com\/wp-content\/uploads\/2023\/11\/FIRMA-EDITORIAL-PD-2-768x94.jpg 768w\" sizes=\"auto, (max-width: 1024px) 100vw, 1024px\" \/><\/p>\n","protected":false},"excerpt":{"rendered":"<p>Por Norma Meraz Vamos por el sexto a\u00f1o de gobierno de Andr\u00e9s Manuel L\u00f3pez Obrador y seguimos en espera del<\/p>\n","protected":false},"author":4,"featured_media":10124,"comment_status":"closed","ping_status":"closed","sticky":false,"template":"","format":"standard","meta":{"colormag_page_container_layout":"default_layout","colormag_page_sidebar_layout":"default_layout","_jetpack_memberships_contains_paid_content":false,"footnotes":"","jetpack_publicize_message":"","jetpack_publicize_feature_enabled":true,"jetpack_social_post_already_shared":true,"jetpack_social_options":{"image_generator_settings":{"template":"highway","default_image_id":0,"font":"","enabled":false},"version":2}},"categories":[6],"tags":[],"class_list":["post-20795","post","type-post","status-publish","format-standard","has-post-thumbnail","hentry","category-columnistas"],"jetpack_publicize_connections":[],"jetpack_featured_media_url":"https:\/\/noticiasveracruz.com\/wp-content\/uploads\/2022\/11\/P-NORMA-MERAZ-NV.png","jetpack_sharing_enabled":true,"publishpress_future_action":{"enabled":false,"date":"2026-05-06 10:30:04","action":"change-status","newStatus":"draft","terms":[],"taxonomy":"category","extraData":[]},"publishpress_future_workflow_manual_trigger":{"enabledWorkflows":[]},"_links":{"self":[{"href":"https:\/\/noticiasveracruz.com\/index.php\/wp-json\/wp\/v2\/posts\/20795","targetHints":{"allow":["GET"]}}],"collection":[{"href":"https:\/\/noticiasveracruz.com\/index.php\/wp-json\/wp\/v2\/posts"}],"about":[{"href":"https:\/\/noticiasveracruz.com\/index.php\/wp-json\/wp\/v2\/types\/post"}],"author":[{"embeddable":true,"href":"https:\/\/noticiasveracruz.com\/index.php\/wp-json\/wp\/v2\/users\/4"}],"replies":[{"embeddable":true,"href":"https:\/\/noticiasveracruz.com\/index.php\/wp-json\/wp\/v2\/comments?post=20795"}],"version-history":[{"count":0,"href":"https:\/\/noticiasveracruz.com\/index.php\/wp-json\/wp\/v2\/posts\/20795\/revisions"}],"wp:featuredmedia":[{"embeddable":true,"href":"https:\/\/noticiasveracruz.com\/index.php\/wp-json\/wp\/v2\/media\/10124"}],"wp:attachment":[{"href":"https:\/\/noticiasveracruz.com\/index.php\/wp-json\/wp\/v2\/media?parent=20795"}],"wp:term":[{"taxonomy":"category","embeddable":true,"href":"https:\/\/noticiasveracruz.com\/index.php\/wp-json\/wp\/v2\/categories?post=20795"},{"taxonomy":"post_tag","embeddable":true,"href":"https:\/\/noticiasveracruz.com\/index.php\/wp-json\/wp\/v2\/tags?post=20795"}],"curies":[{"name":"wp","href":"https:\/\/api.w.org\/{rel}","templated":true}]}}