{"id":20793,"date":"2023-11-22T21:44:50","date_gmt":"2023-11-23T03:44:50","guid":{"rendered":"https:\/\/noticiasveracruz.com\/?p=20793"},"modified":"2023-11-22T21:44:50","modified_gmt":"2023-11-23T03:44:50","slug":"con-todo-respeto","status":"publish","type":"post","link":"https:\/\/noticiasveracruz.com\/index.php\/2023\/11\/22\/con-todo-respeto\/","title":{"rendered":"Con todo respeto"},"content":{"rendered":"<p><strong><span style=\"font-size: 14pt;\">Por Mois\u00e9s S\u00e1nchez Lim\u00f3n<\/span><\/strong><\/p>\n<p><span style=\"font-size: 14pt;\">Dice, el licenciado presidente, que ma\u00f1ana jueves ofrecer\u00e1 un cap\u00edtulo especial de la telenovela \u201cLa ma\u00f1anera, o lo que es lo mismo\u2026\u201d. Porque ser\u00e1 desde \u00a1Acapulco!<\/span><\/p>\n<p><span style=\"font-size: 14pt;\">Olv\u00eddese de que le haya ido de pocas tuercas en San Francisco porque, a los postres de la cumbre del Foro de Cooperaci\u00f3n Econ\u00f3mica Asia Pac\u00edfico, m\u00edster Joe Biden y el camarada Xi Jinping lo trataron casi de piquete en el ombligo.<\/span><\/p>\n<p><span style=\"font-size: 14pt;\">Pero\u2026<\/span><\/p>\n<p><span style=\"font-size: 14pt;\">Ma\u00f1ana se conocer\u00e1 el tama\u00f1o del amor que, dice, le tienen los acapulque\u00f1os.<\/span><\/p>\n<p><span style=\"font-size: 14pt;\">\u00bfUsted cree que se tomar\u00e1 la foto de la vanidad con porte\u00f1os designados en alg\u00fan tramo de la Costera Miguel Alem\u00e1n?<\/span><\/p>\n<p><span style=\"font-size: 14pt;\">O, alejado de las mentadas de madre \u2013declarado por \u00e9l deporte nacional&#8211;, se refugiar\u00e1 en la base de Icacos, para estar c\u00f3modo frente a reporteros que le har\u00e1n preguntas a modo, porque no ser\u00e1n convocados los inc\u00f3modos.<\/span><\/p>\n<p><span style=\"font-size: 14pt;\">Y es que, estar\u00e1 usted de acuerdo: tiene que hacer campa\u00f1a a contracorriente, toda vez que no s\u00f3lo los acapulque\u00f1os, \u00a1no!, tambi\u00e9n habitantes de 47 municipios guerrerenses afectados por Otis no se la perdonan y amenazaron con votar contra Morena.<\/span><\/p>\n<p><span style=\"font-size: 14pt;\">\u00bfEstar\u00e1 enterado Andr\u00e9s Manuel I que por ah\u00ed han pillado a morenistas v\u00edctimas de la politiquer\u00eda que tanto odia, en plena zopiloteada medrando con la necesidad de los damnificados de Acapulco?<\/span><\/p>\n<p><span style=\"font-size: 14pt;\">S\u00ed, como la diputada local Yoloczin Dom\u00ednguez Serna quien, sin rubor alguno, desde un cami\u00f3n de carga de la Marina reparti\u00f3 despensas con pase de lista, es decir, s\u00f3lo para simpatizantes de Morena.<\/span><\/p>\n<p><span style=\"font-size: 14pt;\">\u00a1Rec\u00f3rcholis, Mario Delgado!<\/span><\/p>\n<p><span style=\"font-size: 14pt;\">Ojal\u00e1 y se encuentre al amor que linda en fanatismo y que en mi pueblo le llaman de fea manera, como aquel que, digno de novela de Cor\u00edn Tellado, le declar\u00f3 Jazm\u00edn Tapia en la ma\u00f1anera del pasado 14 de noviembre de 2023 en Culiac\u00e1n, Sinaloa.<\/span><\/p>\n<p><span style=\"font-size: 14pt;\">Desconozco si es reportera, porque s\u00f3lo se identific\u00f3 como \u201cde\u00a0<em>TVP\u201d.<\/em><\/span><\/p>\n<p><span style=\"font-size: 14pt;\">Porfis, no se r\u00eda, pero estas son declaraciones de amor, no demagogia, que deben provocar rubor a Su Alteza Seren\u00edsima y que, sin duda, envidia la soprano Sheinbaum, \u00bfa poco no? Nom\u00e1s escuche la tonadita, solo falta acompa\u00f1amiento de la redova.<\/span><\/p>\n<p><span style=\"font-size: 14pt;\">Bueno, hete aqu\u00ed el di\u00e1logo. A saber:<\/span><\/p>\n<p><span style=\"font-size: 14pt;\">&#8211;Ah\u00ed le va mi cierre \u2013dijo la se\u00f1orita Tapia, al licenciado presidente&#8211;: usted mencion\u00f3 del cuarto poder que exist\u00eda antes.<\/span><\/p>\n<p><span style=\"font-size: 14pt;\">Mis compa\u00f1eros periodistas, colegas, locales y nacionales, me van a disculpar por lo que voy a decirle esta ma\u00f1ana: por primera vez yo tengo un l\u00edder pol\u00edtico y este es usted. Y yo so\u00f1aba con estar en una ma\u00f1anera. Le agradezco a Jes\u00fas Ram\u00edrez y a Adriana Ochoa y al gobernador haber palomeado la oportunidad.<\/span><\/p>\n<p><span style=\"font-size: 14pt;\">Le traigo de regalo\u2026 Ah, ya se le dio a usted, ya la conoce el gobernador. Usted, que conoce todos los pueblos del pa\u00eds, todos los lugares, debe de conocer todos los lugares de Sinaloa y sus costumbres. \u00bfMe permite acerc\u00e1rsela?<\/span><\/p>\n<p><span style=\"font-size: 14pt;\">&#8212;\u00a0S\u00ed, tr\u00e1emela, accedi\u00f3 el Duce.<\/span><\/p>\n<p><span style=\"font-size: 14pt;\">&#8211;Por favor. Y quiero una foto, aprovechando. No lo puedo creer. Voy a llorar. Foto, por favor.<\/span><\/p>\n<p><span style=\"font-size: 14pt;\">&#8211;Bueno, que vivan las periodistas\u2014refiri\u00f3 el licenciado Andr\u00e9s Manuel.<\/span><\/p>\n<p><span style=\"font-size: 14pt;\">&#8211;No, gobernador \u2013la distrajo el gober Rub\u00e9n Rocha Moya&#8211;. \u00bfSaben c\u00f3mo me dicen, presidente?, que soy la fif\u00ed m\u00e1s chaira. Dios lo bendiga, presidente&#8211;, cerr\u00f3 Jazm\u00edn Tapia.<\/span><\/p>\n<p><span style=\"font-size: 14pt;\">\u00a1Caray! Parece parte del guion que se elabora con d\u00edas de anticipaci\u00f3n para dar la palabra, con largueza, a integrantes de la barra mercenaria.<\/span><\/p>\n<p><span style=\"font-size: 14pt;\">Como ese libreto en el que participan tr\u00e1nsfugas del chambismo y el oportunismo pol\u00edtico, de aquellos y aquellas que se encumbran en un partido y cuando se les niega la tajada del sempiterno sue\u00f1o de poder, renuncian y se echan a los brazos del instituto pol\u00edtico al que denostaron desde la acera de enfrente. <\/span><\/p>\n<p><span style=\"font-size: 14pt;\">Ah\u00ed tiene usted a los ex gobernadores priistas de Campeche, Carlos Miguel Aysa Gonz\u00e1lez, de Quintana Roo, Carlos Joaqu\u00edn Gonz\u00e1lez; de Sinaloa, Quirino Ordaz Coppel; de Hidalgo, Omar Fayad, y, apenas el pasado fin de semana, el gober de Oaxaca, Alejandro Murat Hinojosa, y el dem\u00f3crata alcalde, con licencia, de Cuajimalpa, Adri\u00e1n Rubalcava.<\/span><\/p>\n<p><span style=\"font-size: 14pt;\">Todos han declarado su amor pol\u00edtico al licenciado presidente. Pero, con acompa\u00f1amiento de Los Panchos o Los Dandys, es amor comprado.<\/span><\/p>\n<p><span style=\"font-size: 14pt;\">\u00a1Sopas!<\/span><\/p>\n<p><span style=\"font-size: 14pt;\">Y mire usted, en la C\u00e1mara de Diputados de los y las 500 que la integran, se anotaron 471 dispuestas y dispuestos a sacrificarse por la patria. Se lanzan al ruedo en busca de la reelecci\u00f3n. Hay quienes van por la primera y hasta la segunda reelecci\u00f3n.<\/span><\/p>\n<p><span style=\"font-size: 14pt;\">Creci\u00f3 el inter\u00e9s, porque en el proceso electoral 2020-2021 se registraron 449. Son muchos y muchas, de cualquier manera.<\/span><\/p>\n<p><span style=\"font-size: 14pt;\">Hoy, como si se lo merecieran de los y las 471 que remitieron \u201cavisos de intenci\u00f3n para elegirse de manera consecutiva\u201d 179 son parte de los y las 201 integrantes de la bancada de Morena. Hay quienes como Nacho Mier van por otras posiciones, al poblano ya le aseguraron la senadur\u00eda.<\/span><\/p>\n<p><span style=\"font-size: 14pt;\">\u00a1F\u00e1cil! Se gan\u00f3 el esca\u00f1o con la artima\u00f1a de los fideicomisos del Poder Judicial de la Federaci\u00f3n y otros servicios hechos en campa\u00f1a.<\/span><\/p>\n<p><span style=\"font-size: 14pt;\">Otros m\u00e1s dispuestos al sacrificio. Del PAN, 119, que incluye a suplentes, porque el total de la bancada es de 113; lo mismo ocurre al PRI que tiene 69 y se registraron 70; 37 del PVEM cuya bancada se integra con 41; 33 del PT, es decir, toda la bancada; 17 de Movimiento Ciudadano que tiene 28 y 16 del PRD que tiene 15.<\/span><\/p>\n<p><span style=\"font-size: 14pt;\">En efecto, 433 registros corresponden a diputadas y diputados titulares y 38 a suplentes. Y, de las cartas de intenci\u00f3n recibidas 119 de 144 diputadas y diputados de elecci\u00f3n consecutiva han vuelto a manifestar su intenci\u00f3n de ser electos consecutivamente para un tercer periodo. O sea; y si se les da, ir\u00edan en 2027 por un cuarto periodo.<\/span><\/p>\n<p><span style=\"font-size: 14pt;\">Patriotas y dem\u00f3cratas. Veremos cu\u00e1ntos llegan y qui\u00e9nes tienen disciplina partidista que trasciende a la pena ajena, \u00e9sta que provocan personajes que se exceden en la lisonja y son serviles y serviciales, personajes cuya historia pudo haberse escrito con dignidad.<\/span><\/p>\n<p><span style=\"font-size: 14pt;\">\u00a1Rec\u00e1spita, Changol\u00e9on!<\/span><\/p>\n<p><span style=\"font-size: 14pt;\">Tal es el caso del abogado Arturo Zald\u00edvar Lelo de Larrea, quien no hab\u00eda ocultado su simpat\u00eda por el licenciado L\u00f3pez Obrador, pero le gan\u00f3 el \u00e1nimo y renunci\u00f3 un a\u00f1o antes de concluir el periodo para el que fue elegido por el Senado y propuesto por Felipe Calder\u00f3n.<\/span><\/p>\n<p><span style=\"font-size: 14pt;\">Y declar\u00f3 su amor abyecto a la doctora y soprano Claudia Sheinbaum.<\/span><\/p>\n<p><span style=\"font-size: 14pt;\">Se justific\u00f3 en su art\u00edculo quincenal en Milenio. Acto de contrici\u00f3n y olvid\u00f3 que vive y ha vivido en M\u00e9xico y que su carrera judicial la hizo en M\u00e9xico, con todos los etc\u00e9teras que ello entra\u00f1a y hasta dio por sentado que siempre estuvo enga\u00f1ado, como \u00f1o\u00f1o mozalbete.<\/span><\/p>\n<p><span style=\"font-size: 14pt;\">El siguiente p\u00e1rrafo lo pinta c\u00f3mplice de lo que reprocha. Lea usted:<\/span><\/p>\n<p><span style=\"font-size: 14pt;\">\u201cPor d\u00e9cadas M\u00e9xico estuvo sumido en un sistema pol\u00edtico y econ\u00f3mico profundamente injusto (\u2026). En gran medida fueron a\u00f1os marcados por una corrupci\u00f3n bochornosa, simulaci\u00f3n, redes clientelares, desigualdad, autoritarismo, discriminaci\u00f3n y violencia; en los que el poder \u2014enmascarado bajo una narrativa tecn\u00f3crata\u2014 se ejerci\u00f3 de forma opaca para el beneficio de unos pocos\u201d.<\/span><\/p>\n<p><span style=\"font-size: 14pt;\">\u00bfY por qu\u00e9 no lo denunci\u00f3 en su momento? \u00a1Vaya!, el abogado Zald\u00edvar Lelo de Larrea se suma a la causa de la 4T con la doctora Claudia Sheinbaum. Todo sea, hasta el rid\u00edculo, \u00bfpor la patria?<\/span><\/p>\n<p><span style=\"font-size: 14pt;\">Porfis, no tenga malos pensamientos ni le aplique feos adjetivos al honesto, pr\u00edstino y dem\u00f3crata ministro renunciante.<\/span><\/p>\n<p><span style=\"font-size: 14pt;\">Y para que el licenciado L\u00f3pez Obrador no se sienta v\u00edctima del desamor, hay que recordar lo que de \u00e9l dijo el entonces subsecretario de Salud, Hugo L\u00f3pez Gatell en marzo de 2020, cuando la pandemia del Covid 19 entraba con paso mortal a M\u00e9xico:<\/span><\/p>\n<p><span style=\"font-size: 14pt;\">\u201cLa fuerza del presidente es moral, no es una fuerza de contagio (\u2026) entonces no tiene por qu\u00e9 ser la persona que contagie a las masas, o al rev\u00e9s\u201d. Amor con amor se paga, dice el Duce y acepta el servilismo como moneda de cambio. \u00a1C\u00e1spita! Drakko. Digo<\/span><\/p>\n<p><img loading=\"lazy\" decoding=\"async\" class=\"alignnone wp-image-20600 size-full\" src=\"http:\/\/noticiasveracruz.com\/wp-content\/uploads\/2023\/11\/FIRMA-EDITORIAL-PD-2.jpg\" alt=\"\" width=\"1024\" height=\"125\" srcset=\"https:\/\/noticiasveracruz.com\/wp-content\/uploads\/2023\/11\/FIRMA-EDITORIAL-PD-2.jpg 1024w, https:\/\/noticiasveracruz.com\/wp-content\/uploads\/2023\/11\/FIRMA-EDITORIAL-PD-2-300x37.jpg 300w, https:\/\/noticiasveracruz.com\/wp-content\/uploads\/2023\/11\/FIRMA-EDITORIAL-PD-2-768x94.jpg 768w\" sizes=\"auto, (max-width: 1024px) 100vw, 1024px\" \/><\/p>\n","protected":false},"excerpt":{"rendered":"<p>Por Mois\u00e9s S\u00e1nchez Lim\u00f3n Dice, el licenciado presidente, que ma\u00f1ana jueves ofrecer\u00e1 un cap\u00edtulo especial de la telenovela \u201cLa ma\u00f1anera,<\/p>\n","protected":false},"author":4,"featured_media":12769,"comment_status":"closed","ping_status":"closed","sticky":false,"template":"","format":"standard","meta":{"colormag_page_container_layout":"default_layout","colormag_page_sidebar_layout":"default_layout","_jetpack_memberships_contains_paid_content":false,"footnotes":"","jetpack_publicize_message":"","jetpack_publicize_feature_enabled":true,"jetpack_social_post_already_shared":true,"jetpack_social_options":{"image_generator_settings":{"template":"highway","default_image_id":0,"font":"","enabled":false},"version":2}},"categories":[6],"tags":[],"class_list":["post-20793","post","type-post","status-publish","format-standard","has-post-thumbnail","hentry","category-columnistas"],"jetpack_publicize_connections":[],"jetpack_featured_media_url":"https:\/\/noticiasveracruz.com\/wp-content\/uploads\/2023\/02\/P-MOISES-SANCHEZ.png","jetpack_sharing_enabled":true,"publishpress_future_action":{"enabled":false,"date":"2026-05-06 11:21:14","action":"change-status","newStatus":"draft","terms":[],"taxonomy":"category","extraData":[]},"publishpress_future_workflow_manual_trigger":{"enabledWorkflows":[]},"_links":{"self":[{"href":"https:\/\/noticiasveracruz.com\/index.php\/wp-json\/wp\/v2\/posts\/20793","targetHints":{"allow":["GET"]}}],"collection":[{"href":"https:\/\/noticiasveracruz.com\/index.php\/wp-json\/wp\/v2\/posts"}],"about":[{"href":"https:\/\/noticiasveracruz.com\/index.php\/wp-json\/wp\/v2\/types\/post"}],"author":[{"embeddable":true,"href":"https:\/\/noticiasveracruz.com\/index.php\/wp-json\/wp\/v2\/users\/4"}],"replies":[{"embeddable":true,"href":"https:\/\/noticiasveracruz.com\/index.php\/wp-json\/wp\/v2\/comments?post=20793"}],"version-history":[{"count":0,"href":"https:\/\/noticiasveracruz.com\/index.php\/wp-json\/wp\/v2\/posts\/20793\/revisions"}],"wp:featuredmedia":[{"embeddable":true,"href":"https:\/\/noticiasveracruz.com\/index.php\/wp-json\/wp\/v2\/media\/12769"}],"wp:attachment":[{"href":"https:\/\/noticiasveracruz.com\/index.php\/wp-json\/wp\/v2\/media?parent=20793"}],"wp:term":[{"taxonomy":"category","embeddable":true,"href":"https:\/\/noticiasveracruz.com\/index.php\/wp-json\/wp\/v2\/categories?post=20793"},{"taxonomy":"post_tag","embeddable":true,"href":"https:\/\/noticiasveracruz.com\/index.php\/wp-json\/wp\/v2\/tags?post=20793"}],"curies":[{"name":"wp","href":"https:\/\/api.w.org\/{rel}","templated":true}]}}