{"id":20778,"date":"2023-11-22T09:07:16","date_gmt":"2023-11-22T15:07:16","guid":{"rendered":"https:\/\/noticiasveracruz.com\/?p=20778"},"modified":"2023-11-22T09:07:16","modified_gmt":"2023-11-22T15:07:16","slug":"corea-del-norte-pone-en-orbita-un-satelite-militar-de-vigilancia","status":"publish","type":"post","link":"https:\/\/noticiasveracruz.com\/index.php\/2023\/11\/22\/corea-del-norte-pone-en-orbita-un-satelite-militar-de-vigilancia\/","title":{"rendered":"Corea del Norte pone en \u00f3rbita un sat\u00e9lite militar de vigilancia"},"content":{"rendered":"<p><span style=\"font-size: 14pt;\">Corea del Norte afirm\u00f3 este martes que logr\u00f3 poner en \u00f3rbita un sat\u00e9lite militar de vigilancia, un desaf\u00edo a resoluciones de la ONU que le proh\u00edben utilizar tecnolog\u00edas de misiles bal\u00edsticos y que fue condenado firmemente por Estados Unidos y Jap\u00f3n.<\/span><\/p>\n<p class=\"western\"><span style=\"font-size: 14pt;\">El cohete, que despeg\u00f3 el martes por la noche, sigui\u00f3 la trayectoria prevista y \u00ablogr\u00f3 poner en \u00f3rbita al sat\u00e9lite Malligyong-1\u00bb, indic\u00f3 la agencia oficial norcoreana KCNA.<\/span><\/p>\n<p class=\"western\"><span style=\"font-size: 14pt;\">Las im\u00e1genes publicadas por la prensa oficial muestran al l\u00edder norcoreano Kim Jong Un, sonriendo y despidiendo al cohete, rodeado por cient\u00edficos en uniformes blancos que celebran y aplauden el lanzamiento exitoso.<\/span><\/p>\n<p class=\"western\"><span style=\"font-size: 14pt;\">El secretario general de Naciones Unidas, Antonio Guterres, \u00abconden\u00f3 firmemente el lanzamiento de otro sat\u00e9lite militar que utiliza tecnolog\u00eda de misiles bal\u00edsticos\u00bb por parte de Corea del Norte, dijo su portavoz Farhan Haq.<\/span><\/p>\n<p class=\"western\"><span style=\"font-size: 14pt;\">\u00abCualquier lanzamiento de Corea del Norte que utilice tecnolog\u00eda de misiles bal\u00edsticos es contraria a las resoluciones del Consejo de Seguridad\u00bb, agreg\u00f3.<\/span><\/p>\n<p class=\"western\"><span style=\"font-size: 14pt;\">Sin embargo, la agencia KCNA indic\u00f3 tras la misi\u00f3n que Corea del Norte prev\u00e9 lanzar otros sat\u00e9lites \u00aben un corto plazo\u00bb para reforzar sus capacidades de vigilancia sobre el Sur.<\/span><\/p>\n<p class=\"western\"><span style=\"font-size: 14pt;\">\u00abEl lanzamiento de un sat\u00e9lite de reconocimiento es un derecho leg\u00edtimo de la RPDC (Rep\u00fablica Popular Democr\u00e1tica de Corea) para reforzar sus capacidades de autodefensa\u00bb, subray\u00f3.<\/span><\/p>\n<p class=\"western\"><span style=\"font-size: 14pt;\">Corea del Sur reaccion\u00f3 al lanzamiento declarando que retomar\u00e1 las operaciones de vigilancia a lo largo de la frontera con Corea del Norte, suspendidas en 2018 en el marco de un acuerdo para reducir las tensiones militares.<\/span><\/p>\n<p class=\"western\"><span style=\"font-size: 14pt;\">\u00abEl acuerdo militar ha sido parcialmente suspendido\u00bb, dijo un portavoz del gobierno surcoreano a la AFP.<\/span><\/p>\n<p class=\"western\"><span style=\"font-size: 14pt;\">El Estado Mayor del ej\u00e9rcito surcoreano precis\u00f3 por su parte que no pod\u00eda confirmar por el momento si el sat\u00e9lite fue puesto en \u00f3rbita.<\/span><\/p>\n<p class=\"western\"><span style=\"font-size: 14pt;\">Este lanzamiento \u00abconstituye una provocaci\u00f3n que viola las resoluciones del Consejo de Seguridad de la ONU\u00bb, a\u00f1adi\u00f3 en un comunicado.<\/span><\/p>\n<p class=\"western\"><span style=\"font-size: 14pt;\">El gobierno japon\u00e9s se\u00f1al\u00f3 que no pod\u00eda confirmar \u00absi el sat\u00e9lite hab\u00eda entrado en \u00f3rbita alrededor de la Tierra\u00bb, declar\u00f3 su portavoz Hirokazu Matsuno, quien reconoci\u00f3 que Pyongyang \u00abest\u00e1 mejorando r\u00e1pidamente su tecnolog\u00eda de misiles y su capacidad operativa\u00bb.<\/span><\/p>\n<p class=\"western\"><span style=\"font-size: 14pt;\">Su primer ministro Fumio Kishida denunci\u00f3 que aunque Corea del Norte diga que es un sat\u00e9lite, \u00abel lanzamiento de un objeto que utiliza la tecnolog\u00eda de los misiles bal\u00edsticos es claramente una violaci\u00f3n de las resoluciones de las Naciones Unidas\u00bb.<\/span><\/p>\n<p class=\"western\"><span style=\"font-size: 14pt;\">El lanzamiento \u00abeleva las tensiones y corre el riesgo de desestabilizar la situaci\u00f3n de seguridad en la regi\u00f3n y fuera de ella\u00bb, afirm\u00f3 en tanto la portavoz del Consejo de Seguridad Nacional estadounidense, Adrienne Watson.<\/span><\/p>\n","protected":false},"excerpt":{"rendered":"<p>Corea del Norte afirm\u00f3 este martes que logr\u00f3 poner en \u00f3rbita un sat\u00e9lite militar de vigilancia, un desaf\u00edo a resoluciones<\/p>\n","protected":false},"author":4,"featured_media":20779,"comment_status":"closed","ping_status":"closed","sticky":false,"template":"","format":"standard","meta":{"colormag_page_container_layout":"default_layout","colormag_page_sidebar_layout":"default_layout","_jetpack_memberships_contains_paid_content":false,"footnotes":"","jetpack_publicize_message":"","jetpack_publicize_feature_enabled":true,"jetpack_social_post_already_shared":true,"jetpack_social_options":{"image_generator_settings":{"template":"highway","default_image_id":0,"font":"","enabled":false},"version":2}},"categories":[355],"tags":[],"class_list":["post-20778","post","type-post","status-publish","format-standard","has-post-thumbnail","hentry","category-internacional"],"jetpack_publicize_connections":[],"jetpack_featured_media_url":"https:\/\/noticiasveracruz.com\/wp-content\/uploads\/2023\/11\/corea-norte-satelite-768x470-1.jpg","jetpack_sharing_enabled":true,"publishpress_future_action":{"enabled":false,"date":"2026-05-06 14:14:23","action":"change-status","newStatus":"draft","terms":[],"taxonomy":"category","extraData":[]},"publishpress_future_workflow_manual_trigger":{"enabledWorkflows":[]},"_links":{"self":[{"href":"https:\/\/noticiasveracruz.com\/index.php\/wp-json\/wp\/v2\/posts\/20778","targetHints":{"allow":["GET"]}}],"collection":[{"href":"https:\/\/noticiasveracruz.com\/index.php\/wp-json\/wp\/v2\/posts"}],"about":[{"href":"https:\/\/noticiasveracruz.com\/index.php\/wp-json\/wp\/v2\/types\/post"}],"author":[{"embeddable":true,"href":"https:\/\/noticiasveracruz.com\/index.php\/wp-json\/wp\/v2\/users\/4"}],"replies":[{"embeddable":true,"href":"https:\/\/noticiasveracruz.com\/index.php\/wp-json\/wp\/v2\/comments?post=20778"}],"version-history":[{"count":0,"href":"https:\/\/noticiasveracruz.com\/index.php\/wp-json\/wp\/v2\/posts\/20778\/revisions"}],"wp:featuredmedia":[{"embeddable":true,"href":"https:\/\/noticiasveracruz.com\/index.php\/wp-json\/wp\/v2\/media\/20779"}],"wp:attachment":[{"href":"https:\/\/noticiasveracruz.com\/index.php\/wp-json\/wp\/v2\/media?parent=20778"}],"wp:term":[{"taxonomy":"category","embeddable":true,"href":"https:\/\/noticiasveracruz.com\/index.php\/wp-json\/wp\/v2\/categories?post=20778"},{"taxonomy":"post_tag","embeddable":true,"href":"https:\/\/noticiasveracruz.com\/index.php\/wp-json\/wp\/v2\/tags?post=20778"}],"curies":[{"name":"wp","href":"https:\/\/api.w.org\/{rel}","templated":true}]}}