{"id":20775,"date":"2023-11-22T09:04:05","date_gmt":"2023-11-22T15:04:05","guid":{"rendered":"https:\/\/noticiasveracruz.com\/?p=20775"},"modified":"2023-11-22T09:04:05","modified_gmt":"2023-11-22T15:04:05","slug":"pactan-una-tregua-de-4-dias-en-gaza-y-entrega-de-50-rehenes","status":"publish","type":"post","link":"https:\/\/noticiasveracruz.com\/index.php\/2023\/11\/22\/pactan-una-tregua-de-4-dias-en-gaza-y-entrega-de-50-rehenes\/","title":{"rendered":"Pactan una tregua de 4 d\u00edas en Gaza y entrega de 50 rehenes"},"content":{"rendered":"<div class=\"col col1\">\n<p class=\"s-s\"><span style=\"font-size: 14pt;\">Al menos 50 rehenes ser\u00e1n liberados en Gaza, despu\u00e9s de que el gobierno israel\u00ed y el movimiento Hamas alcanzaron un acuerdo que establece una tregua de cuatro d\u00edas, la excarcerlaci\u00f3n de 150 palestinos y la entrada de cientos de camiones con ayuda humanitaria a la devastada franja.<\/span><\/p>\n<p><span style=\"font-size: 14pt;\">El pacto, mediado por Qatar, Egipto y Estados Unidos, establece que se sumar\u00e1 un d\u00eda m\u00e1s a la tregua por cada 10 rehenes liberados adicionales.<\/span><\/p>\n<p><span style=\"font-size: 14pt;\">Se espera para ma\u00f1ana la primera liberaci\u00f3n a trav\u00e9s del cruce fronterizo de Raf\u00e1 con territorio egipcio.<\/span><\/p>\n<p><span style=\"font-size: 14pt;\">El gabinete de emergencia israel\u00ed \u2013formado tras la ofensiva de Hamas lanzada el 7 de octubre, y compuesto por 38 ministros\u2013 se reuni\u00f3 durante m\u00e1s de ocho horas, y en las primeras de este mi\u00e9rcoles anunci\u00f3 que aceptaba el pacto.<\/span><\/p>\n<p><span style=\"font-size: 14pt;\">Antes de la votaci\u00f3n, el primer ministro Benjamin Netanyahu advirti\u00f3 que Israel reanudar\u00eda su ofensiva contra Hamas al concluir el alto el fuego.\u00a0<q>Estamos en guerra, y continuaremos la guerra hasta lograr todos nuestros objetivos<\/q>.<\/span><\/p>\n<p><span style=\"font-size: 14pt;\">Anunciado el acuerdo, Netanyahu especific\u00f3 que se mantendr\u00e1n las labores de inteligencia durante la pausa, lo que permitir\u00e1 al ej\u00e9rcito preparar las siguientes etapas de la guerra. Asegur\u00f3 que la batalla continuar\u00e1 hasta que Gaza no amenace a Israel.<\/span><\/p>\n<p><span style=\"font-size: 14pt;\"><q>El gobierno aprob\u00f3 las grandes l\u00edneas de la primera etapa de un acuerdo seg\u00fan el cual al menos 50 personas secuestradas (entre ellas mujeres y ni\u00f1os) ser\u00e1n liberadas durante cuatro d\u00edas a lo largo de los cuales habr\u00e1 un respiro en los combates<\/q>, se inform\u00f3 en un comunicado.<\/span><\/p>\n<p><span style=\"font-size: 14pt;\"><q>El gobierno de Israel est\u00e1 comprometido a traer a todos los rehenes a casa, y ya aprob\u00f3 el esquema de la primera etapa para lograr este objetivo<\/q>, a\u00f1adi\u00f3 el reporte.<\/span><\/p>\n<p><span style=\"font-size: 14pt;\">Antes de la reuni\u00f3n de su gabinete, que empez\u00f3 la noche del martes, Netanyahu subray\u00f3 que aceptar el acuerdo era\u00a0<q>una decisi\u00f3n complicada, pero correcta<\/q>.<\/span><\/p>\n<p><span style=\"font-size: 14pt;\">Unas 240 personas fueron secuestradas por comandos de Hamas que irrumpieron en el sur de Israel, donde mataron a mil 200 personas el mes pasado. Se cree que entre los cautivos figuran al menos 10 estadunidenses, dos mexicanos y dos brit\u00e1nicos, entre otros extranjeros, adem\u00e1s de soldados israel\u00edes.<\/span><\/p>\n<p><span style=\"font-size: 14pt;\">Tres ciudadanos estadunidenses, entre ellos un ni\u00f1o de tres a\u00f1os, se encontrar\u00edan en el primer grupo que ser\u00e1 devuelto por Hamas, inform\u00f3 un alto funcionario de la Casa Blanca.<\/span><\/p>\n<\/div>\n<div class=\"col col2\">\n<p><span style=\"font-size: 14pt;\">La noticia gener\u00f3 esperanza y alivio entre los familiares de los cautivos que se han reunido durante varias semanas en lo que ahora se conoce como la\u00a0<q>plaza de los rehenes<\/q>, en el centro de Tel Aviv, para exigir la liberaci\u00f3n inmediata de sus seres queridos, e incluso en algunas protestas se exigi\u00f3 la renuncia de Netanyahu por priorizar los bombardeos contra Gaza a la liberaci\u00f3n de los secuestrados.<\/span><\/p>\n<p><span style=\"font-size: 14pt;\">Netanyahu afirm\u00f3 que el presidente estadunidense, Joe Biden, contribuy\u00f3 a mejorar la propuesta\u00a0<q>para incluir m\u00e1s rehenes a un costo menor<\/q>.<\/span><\/p>\n<p><span style=\"font-size: 14pt;\">Horas antes, Biden anticip\u00f3:\u00a0<q>Estamos ahora muy, muy cerca. Pero no quiero entrar en detalles, porque nada est\u00e1 hecho hasta que se hace<\/q>.<\/span><\/p>\n<p><span style=\"font-size: 14pt;\">Hamas indic\u00f3 que 150 prisioneros palestinos en c\u00e1rceles israel\u00edes ser\u00e1n liberados, celebr\u00f3 el acuerdo de\u00a0<q>tregua humanitaria<\/q>\u00a0y asever\u00f3 que sus disposiciones fueron\u00a0<q>formuladas conforme a la visi\u00f3n de la resistencia<\/q>, pero se mostr\u00f3 desafiante:\u00a0<q>confirmamos que nuestros dedos seguir\u00e1n en los gatillos y que nuestros batallones triunfantes permanecer\u00e1n al acecho<\/q>.<\/span><\/p>\n<p><span style=\"font-size: 14pt;\">El pacto tambi\u00e9n implica la entrada de cientos de camiones con ayuda humanitaria, suministros m\u00e9dicos y combustible a todas partes de Gaza, de acuerdo con el comunicado.<\/span><\/p>\n<p><span style=\"font-size: 14pt;\">La medida alcanzada se presenta como un respiro para los 2.3 millones de habitantes de la franja, sometida tambi\u00e9n a un\u00a0<q>asedio total<\/q>\u00a0por Israel, que bloquea los suministros de comida, agua y electricidad.<\/span><\/p>\n<p><span style=\"font-size: 14pt;\">La Organizaci\u00f3n de Naciones Unidas, que junto con otras organizamos internacionales reclamaba desde hace semanas un alto el fuego por motivos humanitarios, estima que la guerra ha desplazado a casi 1.7 millones de habitantes.<\/span><\/p>\n<p><span style=\"font-size: 14pt;\">En este contexto, unos 300 manifestantes exigieron ayer en la Ciudad de M\u00e9xico la liberaci\u00f3n de 39 ni\u00f1os secuestrados por el grupo palestino extremista Hamas, en una protesta frente a las oficinas de la sede del Fondo de Naciones Unidas para la Infancia, a la cual la prensa fue convocada por la embajada de Israel. Los inconformes pidieron la intervenci\u00f3n del organismo internacional para poner fin al cautiverio de los menores.<\/span><\/p>\n<\/div>\n","protected":false},"excerpt":{"rendered":"<p>Al menos 50 rehenes ser\u00e1n liberados en Gaza, despu\u00e9s de que el gobierno israel\u00ed y el movimiento Hamas alcanzaron un<\/p>\n","protected":false},"author":4,"featured_media":20776,"comment_status":"closed","ping_status":"closed","sticky":false,"template":"","format":"standard","meta":{"colormag_page_container_layout":"default_layout","colormag_page_sidebar_layout":"default_layout","_jetpack_memberships_contains_paid_content":false,"footnotes":"","jetpack_publicize_message":"","jetpack_publicize_feature_enabled":true,"jetpack_social_post_already_shared":true,"jetpack_social_options":{"image_generator_settings":{"template":"highway","default_image_id":0,"font":"","enabled":false},"version":2}},"categories":[355],"tags":[],"class_list":["post-20775","post","type-post","status-publish","format-standard","has-post-thumbnail","hentry","category-internacional"],"jetpack_publicize_connections":[],"jetpack_featured_media_url":"https:\/\/noticiasveracruz.com\/wp-content\/uploads\/2023\/11\/gaza-1.jpg","jetpack_sharing_enabled":true,"publishpress_future_action":{"enabled":false,"date":"2026-05-06 14:57:38","action":"change-status","newStatus":"draft","terms":[],"taxonomy":"category","extraData":[]},"publishpress_future_workflow_manual_trigger":{"enabledWorkflows":[]},"_links":{"self":[{"href":"https:\/\/noticiasveracruz.com\/index.php\/wp-json\/wp\/v2\/posts\/20775","targetHints":{"allow":["GET"]}}],"collection":[{"href":"https:\/\/noticiasveracruz.com\/index.php\/wp-json\/wp\/v2\/posts"}],"about":[{"href":"https:\/\/noticiasveracruz.com\/index.php\/wp-json\/wp\/v2\/types\/post"}],"author":[{"embeddable":true,"href":"https:\/\/noticiasveracruz.com\/index.php\/wp-json\/wp\/v2\/users\/4"}],"replies":[{"embeddable":true,"href":"https:\/\/noticiasveracruz.com\/index.php\/wp-json\/wp\/v2\/comments?post=20775"}],"version-history":[{"count":0,"href":"https:\/\/noticiasveracruz.com\/index.php\/wp-json\/wp\/v2\/posts\/20775\/revisions"}],"wp:featuredmedia":[{"embeddable":true,"href":"https:\/\/noticiasveracruz.com\/index.php\/wp-json\/wp\/v2\/media\/20776"}],"wp:attachment":[{"href":"https:\/\/noticiasveracruz.com\/index.php\/wp-json\/wp\/v2\/media?parent=20775"}],"wp:term":[{"taxonomy":"category","embeddable":true,"href":"https:\/\/noticiasveracruz.com\/index.php\/wp-json\/wp\/v2\/categories?post=20775"},{"taxonomy":"post_tag","embeddable":true,"href":"https:\/\/noticiasveracruz.com\/index.php\/wp-json\/wp\/v2\/tags?post=20775"}],"curies":[{"name":"wp","href":"https:\/\/api.w.org\/{rel}","templated":true}]}}