{"id":20758,"date":"2023-11-22T08:44:07","date_gmt":"2023-11-22T14:44:07","guid":{"rendered":"https:\/\/noticiasveracruz.com\/?p=20758"},"modified":"2023-11-22T08:44:07","modified_gmt":"2023-11-22T14:44:07","slug":"ventas-minoristas-cayeron-0-2-en-septiembre","status":"publish","type":"post","link":"https:\/\/noticiasveracruz.com\/index.php\/2023\/11\/22\/ventas-minoristas-cayeron-0-2-en-septiembre\/","title":{"rendered":"Ventas minoristas cayeron 0.2% en septiembre"},"content":{"rendered":"<p><span style=\"font-size: 14pt;\">Las ventas minoristas en M\u00e9xico, el principal indicador de la actividad del consumo familiar, reportaron una ca\u00edda en septiembre de 0.2 por ciento con respecto a agosto, su tercer retroceso mensual consecutivo, revel\u00f3 este jueves el Instituto Nacional de Estad\u00edstica y Geograf\u00eda (Inegi).<\/span><\/p>\n<p><span style=\"font-size: 14pt;\">En septiembre, el sector de comercio en M\u00e9xico report\u00f3 resultados mixtos. Los Indicadores de Empresas Comerciales (Emec), que calcula el Inegi, reportaron una contracci\u00f3n en las ventas de empresas comerciales al por menor y un fuerte crecimiento en el segmento al por menor.<\/span><\/p>\n<p><span style=\"font-size: 14pt;\">En los \u00faltimos 12 meses, \u00fanicamente en cinco per\u00edodos se registraron crecimientos mensuales en el consumo. Con el fuerte incremento de 2.4 por ciento mensual de junio, las ventas alcanzan un nuevo m\u00e1ximo hist\u00f3rico. En los tres meses siguientes, las ventas han ca\u00eddo de forma consecutiva. A tasa mensual, en las empresas comerciales al por menor, el personal ocupado total descendi\u00f3 0.4 por ciento. Mientras que las remuneraciones medias reales subieron 0.4 por ciento.<\/span><\/p>\n<p><span style=\"font-size: 14pt;\">\u201cCon la ca\u00edda mensual del consumo reportada en septiembre, las ventas minoristas se mantuvieron por debajo del m\u00e1ximo hist\u00f3rico alcanzado en junio. En comparaci\u00f3n con el nivel prepandemia, la expansi\u00f3n de las ventas es de 15 por ciento\u201d, explic\u00f3 Janneth Quiroz, directora de an\u00e1lisis econ\u00f3mico, tipo de cambio y burs\u00e1til de Monex.<\/span><\/p>\n<p><span style=\"font-size: 14pt;\">En las empresas comerciales al por menor, a tasa anual y sin el factor estacional, los ingresos reales se desaceleraron con un crecimiento de 2.6 por ciento; el personal ocupado total, 0.7 por ciento y las remuneraciones medias reales, 10.5 por ciento.<\/span><\/p>\n<p><span style=\"font-size: 14pt;\">Por su parte, los ingresos reales de las empresas por suministro de bienes y servicios al por mayor aumentaron 3.9 por ciento en septiembre frente a agosto, y alcanz\u00f3 un nuevo m\u00e1ximo, y 8.5 por ciento de forma anual. El personal ocupado se redujo 0.3 por ciento mensual y aument\u00f3 1.9 por ciento anual; las remuneraciones crecieron 2.5 por ciento mensual.<\/span><\/p>\n<p><span style=\"font-size: 14pt;\">Ante tasas de inter\u00e9s (costo del cr\u00e9dito) altas e inflaci\u00f3n con descenso, y una econom\u00eda m\u00e1s resiliente, el consumo en M\u00e9xico muestra un agotamiento en el segmento minorista y en el mayorista muestra una importante recuperaci\u00f3n.<\/span><\/p>\n","protected":false},"excerpt":{"rendered":"<p>Las ventas minoristas en M\u00e9xico, el principal indicador de la actividad del consumo familiar, reportaron una ca\u00edda en septiembre de<\/p>\n","protected":false},"author":4,"featured_media":20759,"comment_status":"closed","ping_status":"closed","sticky":false,"template":"","format":"standard","meta":{"colormag_page_container_layout":"default_layout","colormag_page_sidebar_layout":"default_layout","_jetpack_memberships_contains_paid_content":false,"footnotes":"","jetpack_publicize_message":"","jetpack_publicize_feature_enabled":true,"jetpack_social_post_already_shared":true,"jetpack_social_options":{"image_generator_settings":{"template":"highway","default_image_id":0,"font":"","enabled":false},"version":2}},"categories":[1947],"tags":[],"class_list":["post-20758","post","type-post","status-publish","format-standard","has-post-thumbnail","hentry","category-economia"],"jetpack_publicize_connections":[],"jetpack_featured_media_url":"https:\/\/noticiasveracruz.com\/wp-content\/uploads\/2023\/11\/utiles-escolares-06_ACH0231-e1660920041485-640x360-1.jpg","jetpack_sharing_enabled":true,"publishpress_future_action":{"enabled":false,"date":"2026-05-06 04:45:54","action":"change-status","newStatus":"draft","terms":[],"taxonomy":"category","extraData":[]},"publishpress_future_workflow_manual_trigger":{"enabledWorkflows":[]},"_links":{"self":[{"href":"https:\/\/noticiasveracruz.com\/index.php\/wp-json\/wp\/v2\/posts\/20758","targetHints":{"allow":["GET"]}}],"collection":[{"href":"https:\/\/noticiasveracruz.com\/index.php\/wp-json\/wp\/v2\/posts"}],"about":[{"href":"https:\/\/noticiasveracruz.com\/index.php\/wp-json\/wp\/v2\/types\/post"}],"author":[{"embeddable":true,"href":"https:\/\/noticiasveracruz.com\/index.php\/wp-json\/wp\/v2\/users\/4"}],"replies":[{"embeddable":true,"href":"https:\/\/noticiasveracruz.com\/index.php\/wp-json\/wp\/v2\/comments?post=20758"}],"version-history":[{"count":0,"href":"https:\/\/noticiasveracruz.com\/index.php\/wp-json\/wp\/v2\/posts\/20758\/revisions"}],"wp:featuredmedia":[{"embeddable":true,"href":"https:\/\/noticiasveracruz.com\/index.php\/wp-json\/wp\/v2\/media\/20759"}],"wp:attachment":[{"href":"https:\/\/noticiasveracruz.com\/index.php\/wp-json\/wp\/v2\/media?parent=20758"}],"wp:term":[{"taxonomy":"category","embeddable":true,"href":"https:\/\/noticiasveracruz.com\/index.php\/wp-json\/wp\/v2\/categories?post=20758"},{"taxonomy":"post_tag","embeddable":true,"href":"https:\/\/noticiasveracruz.com\/index.php\/wp-json\/wp\/v2\/tags?post=20758"}],"curies":[{"name":"wp","href":"https:\/\/api.w.org\/{rel}","templated":true}]}}