{"id":20749,"date":"2023-11-22T08:35:07","date_gmt":"2023-11-22T14:35:07","guid":{"rendered":"https:\/\/noticiasveracruz.com\/?p=20749"},"modified":"2023-11-22T08:35:07","modified_gmt":"2023-11-22T14:35:07","slug":"expresa-sheinbaum-desacuerdo-con-modelo-economico-de-milei","status":"publish","type":"post","link":"https:\/\/noticiasveracruz.com\/index.php\/2023\/11\/22\/expresa-sheinbaum-desacuerdo-con-modelo-economico-de-milei\/","title":{"rendered":"Expresa Sheinbaum desacuerdo con modelo econ\u00f3mico de Milei"},"content":{"rendered":"<p><span style=\"font-size: 14pt;\">La precandidata presidencial de la coalici\u00f3n Sigamos Haciendo Historia (Morena, PT y PVEM), Claudia Sheinbaum, se\u00f1al\u00f3 su desacuerdo con el modelo econ\u00f3mico que plantea el presidente electo de Argentina, el ultraderechista Javier Milei, pero expres\u00f3 su respeto por la decisi\u00f3n tomada por los argentinos. <\/span><br \/>\n<span style=\"font-size: 14pt;\">A su vez, descart\u00f3 que el triunfo electoral de Milei lleve a una oleada de movimientos de derecha, ya que, consider\u00f3, se trata de un caso que no representa a un nuevo esquema en Latinoam\u00e9rica, sino a una situaci\u00f3n particular de Argentina vinculada con su situaci\u00f3n econ\u00f3mica. <\/span><br \/>\n<span style=\"font-size: 14pt;\">En medio de sus recorridos de precampa\u00f1a, entrevistada sobre las elecciones argentinas, Sheinbaum se pronunci\u00f3 por \u201crespetar la democracia y la decisi\u00f3n de los argentinos, es la decisi\u00f3n que ellos tomaron en su r\u00e9gimen democr\u00e1tico y eso hay que respetarlo. Todo mundo sabe que nosotros no estamos de acuerdo con el modelo que plantea Miliei ni en Argentina ni en el caso de M\u00e9xico, es un regreso al neoliberalismo m\u00e1s extremo con la privatizaci\u00f3n incluso de los medios de comunicaci\u00f3n p\u00fablicos que plante\u00f3\u201d.<\/span><\/p>\n","protected":false},"excerpt":{"rendered":"<p>La precandidata presidencial de la coalici\u00f3n Sigamos Haciendo Historia (Morena, PT y PVEM), Claudia Sheinbaum, se\u00f1al\u00f3 su desacuerdo con el<\/p>\n","protected":false},"author":4,"featured_media":20750,"comment_status":"closed","ping_status":"closed","sticky":false,"template":"","format":"standard","meta":{"colormag_page_container_layout":"default_layout","colormag_page_sidebar_layout":"default_layout","_jetpack_memberships_contains_paid_content":false,"footnotes":"","jetpack_publicize_message":"","jetpack_publicize_feature_enabled":true,"jetpack_social_post_already_shared":true,"jetpack_social_options":{"image_generator_settings":{"template":"highway","default_image_id":0,"font":"","enabled":false},"version":2}},"categories":[4],"tags":[],"class_list":["post-20749","post","type-post","status-publish","format-standard","has-post-thumbnail","hentry","category-nacional"],"jetpack_publicize_connections":[],"jetpack_featured_media_url":"https:\/\/noticiasveracruz.com\/wp-content\/uploads\/2023\/11\/500477.jpg","jetpack_sharing_enabled":true,"publishpress_future_action":{"enabled":false,"date":"2026-05-09 06:51:52","action":"change-status","newStatus":"draft","terms":[],"taxonomy":"category","extraData":[]},"publishpress_future_workflow_manual_trigger":{"enabledWorkflows":[]},"_links":{"self":[{"href":"https:\/\/noticiasveracruz.com\/index.php\/wp-json\/wp\/v2\/posts\/20749","targetHints":{"allow":["GET"]}}],"collection":[{"href":"https:\/\/noticiasveracruz.com\/index.php\/wp-json\/wp\/v2\/posts"}],"about":[{"href":"https:\/\/noticiasveracruz.com\/index.php\/wp-json\/wp\/v2\/types\/post"}],"author":[{"embeddable":true,"href":"https:\/\/noticiasveracruz.com\/index.php\/wp-json\/wp\/v2\/users\/4"}],"replies":[{"embeddable":true,"href":"https:\/\/noticiasveracruz.com\/index.php\/wp-json\/wp\/v2\/comments?post=20749"}],"version-history":[{"count":0,"href":"https:\/\/noticiasveracruz.com\/index.php\/wp-json\/wp\/v2\/posts\/20749\/revisions"}],"wp:featuredmedia":[{"embeddable":true,"href":"https:\/\/noticiasveracruz.com\/index.php\/wp-json\/wp\/v2\/media\/20750"}],"wp:attachment":[{"href":"https:\/\/noticiasveracruz.com\/index.php\/wp-json\/wp\/v2\/media?parent=20749"}],"wp:term":[{"taxonomy":"category","embeddable":true,"href":"https:\/\/noticiasveracruz.com\/index.php\/wp-json\/wp\/v2\/categories?post=20749"},{"taxonomy":"post_tag","embeddable":true,"href":"https:\/\/noticiasveracruz.com\/index.php\/wp-json\/wp\/v2\/tags?post=20749"}],"curies":[{"name":"wp","href":"https:\/\/api.w.org\/{rel}","templated":true}]}}