{"id":20737,"date":"2023-11-22T00:02:38","date_gmt":"2023-11-22T06:02:38","guid":{"rendered":"https:\/\/noticiasveracruz.com\/?p=20737"},"modified":"2023-11-22T00:02:38","modified_gmt":"2023-11-22T06:02:38","slug":"el-milagro-financiero-de-veracruz","status":"publish","type":"post","link":"https:\/\/noticiasveracruz.com\/index.php\/2023\/11\/22\/el-milagro-financiero-de-veracruz\/","title":{"rendered":"El milagro financiero de Veracruz"},"content":{"rendered":"<p><span style=\"font-size: 14pt;\"><strong>Por: Luis Ram\u00edrez Baqueiro<\/strong><\/span><\/p>\n<p><span style=\"font-size: 12pt;\"><em>\u201cEl compromiso es la respuesta valiente de quienes no quieren malgastar su vida, sino que desean ser protagonistas de la historia personal y social.\u201d \u2013 Juan Pablo II.<\/em><\/span><\/p>\n<p><span style=\"font-size: 14pt;\">Este mi\u00e9rcoles habr\u00e1 de comparecer ante los diputados locales de la Sexag\u00e9sima Sexta Legislatura, el titular de la Secretar\u00eda de Finanzas y Planeaci\u00f3n (Sefiplan), Jos\u00e9 Luis Lima Franco, uno de los j\u00f3venes funcionarios que llegaron con la 4T a la administraci\u00f3n p\u00fablica que encabeza Cuitl\u00e1huac Garc\u00eda Jim\u00e9nez.<\/span><\/p>\n<p><span style=\"font-size: 14pt;\">Curtido ya, con la experiencia de haber comparecido en cuatro anteriores ejercicios, habr\u00e1 de informar la situaci\u00f3n financiera de la entidad.<\/span><\/p>\n<p><span style=\"font-size: 14pt;\">Para sorpresa de muchos, los n\u00fameros que habr\u00e1 de entregar reflejan el manejo escrupuloso del recurso, aun cuando, como en todos los casos, siempre habr\u00e1 observaciones de parte de los \u00d3rganos Fiscalizadores.<\/span><\/p>\n<p><span style=\"font-size: 14pt;\">Basta recordar cu\u00e1l era el escenario en 2018, las perspectivas de las finanzas veracruzanas no eran promisorias. \u201cEl crecimiento inusitado de la deuda bancaria, la ca\u00edda de los ingresos propios y de la inversi\u00f3n p\u00fablica, m\u00e1s el incumplimiento con proveedores e instancias federales, configuraron un escenario que debilit\u00f3 la posici\u00f3n del Estado\u201d, se\u00f1al\u00f3 recientemente en entrevista al Diario El Financiero, el mismo titular de la Sefiplan, Jos\u00e9 Luis Lima Franco.<\/span><\/p>\n<p><span style=\"font-size: 14pt;\">El manejo inescrupuloso de administraciones estatales anteriores puso en entredicho a instituciones importantes como el Instituto de Pensiones del Estado (IPE) o la Universidad Veracruzana (UV).<\/span><\/p>\n<p><span style=\"font-size: 14pt;\">Los pasivos que se tra\u00edan con municipios veracruzanos era otro tema pendiente, al grado tal que se ejerci\u00f3 la famosa \u201clicuadora\u201d en donde de manera ilegal e indebida les retuvieron las transferencias federales a las que ten\u00edan derecho.<\/span><\/p>\n<p><span style=\"font-size: 14pt;\">Como reflejo de lo anterior, en 2017 las calificadoras consideraron que la entidad era insegura para el pago oportuno de obligaciones y manten\u00eda un alto riesgo crediticio y de caer en default.<\/span><\/p>\n<p><span style=\"font-size: 14pt;\">Ante ello, el escenario de maniobra financiera era aparentemente insalvable, pero como se afirma que ante toda crisis surge una oportunidad, el joven economista egresado de la UV, consigui\u00f3 lo impensable.<\/span><\/p>\n<p><span style=\"font-size: 14pt;\">Empleando solamente medidas estrictas de estabilizaci\u00f3n y saneamiento de las finanzas p\u00fablicas, la entidad logr\u00f3 durante la actual administraci\u00f3n revertir su calificaci\u00f3n crediticia de nivel especulativo a grado de inversi\u00f3n, eso muy pocas veces se logra ver en la funci\u00f3n p\u00fablica.<\/span><\/p>\n<p><span style=\"font-size: 14pt;\">Solo como dato, desde su gesti\u00f3n al frente de la Sefiplan, Lima Franco ha conseguido que las calificadoras internacionales le otorgaran a Veracruz 16 alzas crediticias en tan solo cinco a\u00f1os de esta administraci\u00f3n, lo que permiti\u00f3 recuperar la confianza de los mercados, cosa nada f\u00e1cil, ante el escenario pand\u00e9mico y post pandemia.<\/span><\/p>\n<p><span style=\"font-size: 14pt;\">Algunos datos que llaman la atenci\u00f3n podr\u00edan ser resumidos as\u00ed:<\/span><\/p>\n<p><span style=\"font-size: 14pt;\">De 2018 a 2023, Veracruz redujo su deuda en 22.7 por ciento, equivalente a 19 mil 800 millones de pesos, la cual pas\u00f3 de 87 mil 207 millones de pesos en 2018 a 67 mil 407 millones de pesos en 2023, por lo que los pasivos dejaron de ser un problema para la entidad.<\/span><\/p>\n<p><span style=\"font-size: 14pt;\">A su vez, la presente administraci\u00f3n ha contenido el gasto corriente mediante una pol\u00edtica de austeridad bien entendida que acab\u00f3 con lujos y derroches para priorizar el gasto productivo y social.<\/span><\/p>\n<p><span style=\"font-size: 14pt;\">Otro hecho relevante, es que los recursos propios aumentaron 87.7 por ciento de 2018 a 2023, pasando de 8 mil 629 a 16 mil 192 millones de pesos.<\/span><\/p>\n<p><span style=\"font-size: 14pt;\">Ese aumento de los ingresos y la disminuci\u00f3n del gasto corriente mejor\u00f3 las condiciones de balance de las finanzas veracruzanas: los cr\u00e9ditos de corto plazo pasaron de 4 mil 788 millones a mil millones de pesos entre 2017 y 2022.<\/span><\/p>\n<p><span style=\"font-size: 14pt;\">De igual modo, fue posible incrementar gradual, pero sustancialmente la inversi\u00f3n p\u00fablica y mejorar su destino. En 2023 \u00e9sta fue pr\u00e1cticamente el doble de 2019.<\/span><\/p>\n<p><span style=\"font-size: 14pt;\">El Sistema de Administraci\u00f3n Tributaria (SAT) ha calificado a Veracruz como un ejemplo al lograr disminuir la deuda con dicha dependencia en 15 mil millones de pesos \u2013recursos que se tranzaron gobiernos como el de Javier Duarte- que dejaron de entregar al organismo esos recursos retenidos.<\/span><\/p>\n<p><span style=\"font-size: 14pt;\">Menci\u00f3n aparte merece el rescate financiero que la actual administraci\u00f3n del Instituto de Pensiones (IPE) que encabeza Daniela Griego Ceballos, quien, con pulcritud, entrega, compromiso ha logrado desarrollar una gesti\u00f3n que es reconocida por todas las dirigencias sindicales de Trabajadores del Estado.<\/span><\/p>\n<p><span style=\"font-size: 14pt;\">El rescate paulatino de la Reserva T\u00e9cnica, la recuperaci\u00f3n de activos, que a su vez han permitido generar mayores ingresos por el pago de rentas, el rescate de espacios tur\u00edsticos como el Hotel Xalapa y el Hotel Chachalacas que poco a poco van siendo remozados, son de llamar la atenci\u00f3n.<\/span><\/p>\n<p><span style=\"font-size: 14pt;\">Las recientes acciones en la Estancia Garnica le han valido el reconocimiento de empresarios como Carlos Bremer, quien a trav\u00e9s de Casa Value y Grupo Financiero Banamex responsables de operar el manejo correcto de la Reserva T\u00e9cnica, le han rehabilitado, generando con ello un espacio digno, confortable y agradable para las y los derechohabientes del instituto.<\/span><\/p>\n<p><span style=\"font-size: 14pt;\">Muchas sorpresas m\u00e1s habr\u00e1n de dar este par de funcionarios a los veracruzanos, en el tramo que resta a la presente administraci\u00f3n. Lo cierto es que, el milagro financiero de Veracruz es real y palpable.<\/span><\/p>\n<p><span style=\"font-size: 14pt;\">\u00a0Al tiempo.<\/span><\/p>\n<p><img loading=\"lazy\" decoding=\"async\" class=\"alignnone wp-image-20600 size-full\" src=\"http:\/\/noticiasveracruz.com\/wp-content\/uploads\/2023\/11\/FIRMA-EDITORIAL-PD-2.jpg\" alt=\"\" width=\"1024\" height=\"125\" srcset=\"https:\/\/noticiasveracruz.com\/wp-content\/uploads\/2023\/11\/FIRMA-EDITORIAL-PD-2.jpg 1024w, https:\/\/noticiasveracruz.com\/wp-content\/uploads\/2023\/11\/FIRMA-EDITORIAL-PD-2-300x37.jpg 300w, https:\/\/noticiasveracruz.com\/wp-content\/uploads\/2023\/11\/FIRMA-EDITORIAL-PD-2-768x94.jpg 768w\" sizes=\"auto, (max-width: 1024px) 100vw, 1024px\" \/><\/p>\n","protected":false},"excerpt":{"rendered":"<p>Por: Luis Ram\u00edrez Baqueiro \u201cEl compromiso es la respuesta valiente de quienes no quieren malgastar su vida, sino que desean<\/p>\n","protected":false},"author":4,"featured_media":3572,"comment_status":"closed","ping_status":"closed","sticky":false,"template":"","format":"standard","meta":{"colormag_page_container_layout":"default_layout","colormag_page_sidebar_layout":"default_layout","_jetpack_memberships_contains_paid_content":false,"footnotes":"","jetpack_publicize_message":"","jetpack_publicize_feature_enabled":true,"jetpack_social_post_already_shared":true,"jetpack_social_options":{"image_generator_settings":{"template":"highway","default_image_id":0,"font":"","enabled":false},"version":2}},"categories":[6],"tags":[],"class_list":["post-20737","post","type-post","status-publish","format-standard","has-post-thumbnail","hentry","category-columnistas"],"jetpack_publicize_connections":[],"jetpack_featured_media_url":"https:\/\/noticiasveracruz.com\/wp-content\/uploads\/2022\/04\/LUIS-RAMI\u0301REZ-BAQUEIRO.png","jetpack_sharing_enabled":true,"publishpress_future_action":{"enabled":false,"date":"2026-05-07 20:37:42","action":"change-status","newStatus":"draft","terms":[],"taxonomy":"category","extraData":[]},"publishpress_future_workflow_manual_trigger":{"enabledWorkflows":[]},"_links":{"self":[{"href":"https:\/\/noticiasveracruz.com\/index.php\/wp-json\/wp\/v2\/posts\/20737","targetHints":{"allow":["GET"]}}],"collection":[{"href":"https:\/\/noticiasveracruz.com\/index.php\/wp-json\/wp\/v2\/posts"}],"about":[{"href":"https:\/\/noticiasveracruz.com\/index.php\/wp-json\/wp\/v2\/types\/post"}],"author":[{"embeddable":true,"href":"https:\/\/noticiasveracruz.com\/index.php\/wp-json\/wp\/v2\/users\/4"}],"replies":[{"embeddable":true,"href":"https:\/\/noticiasveracruz.com\/index.php\/wp-json\/wp\/v2\/comments?post=20737"}],"version-history":[{"count":0,"href":"https:\/\/noticiasveracruz.com\/index.php\/wp-json\/wp\/v2\/posts\/20737\/revisions"}],"wp:featuredmedia":[{"embeddable":true,"href":"https:\/\/noticiasveracruz.com\/index.php\/wp-json\/wp\/v2\/media\/3572"}],"wp:attachment":[{"href":"https:\/\/noticiasveracruz.com\/index.php\/wp-json\/wp\/v2\/media?parent=20737"}],"wp:term":[{"taxonomy":"category","embeddable":true,"href":"https:\/\/noticiasveracruz.com\/index.php\/wp-json\/wp\/v2\/categories?post=20737"},{"taxonomy":"post_tag","embeddable":true,"href":"https:\/\/noticiasveracruz.com\/index.php\/wp-json\/wp\/v2\/tags?post=20737"}],"curies":[{"name":"wp","href":"https:\/\/api.w.org\/{rel}","templated":true}]}}