{"id":20732,"date":"2023-11-21T16:52:01","date_gmt":"2023-11-21T22:52:01","guid":{"rendered":"https:\/\/noticiasveracruz.com\/?p=20732"},"modified":"2023-11-21T16:52:01","modified_gmt":"2023-11-21T22:52:01","slug":"putin-apela-a-solucion-diplomatica-sobre-la-situacion-en-gaza","status":"publish","type":"post","link":"https:\/\/noticiasveracruz.com\/index.php\/2023\/11\/21\/putin-apela-a-solucion-diplomatica-sobre-la-situacion-en-gaza\/","title":{"rendered":"Putin apela a \u201csoluci\u00f3n diplom\u00e1tica\u201d sobre la situaci\u00f3n en Gaza"},"content":{"rendered":"<p><span style=\"font-size: 14pt;\"><span lang=\"es-ES-u-co-trad\">Mosc\u00fa<\/span><span lang=\"es-ES-u-co-trad\">. <\/span>Al participar en la reuni\u00f3n virtual extraordinaria, dedicada a la crisis de Medio Oriente, de los l\u00edderes de los pa\u00edses que forman parte del grupo de los BRICS (Brasil, Rusia, India, China y Sud\u00e1frica), el titular del Kremlin, Vladimir Putin, abog\u00f3 este martes por una \u201csoluci\u00f3n diplom\u00e1tica\u201d a la guerra que libra Israel contra el grupo armado Hamas en la Franja de Gaza.<\/span><\/p>\n<p><span style=\"font-size: 14pt;\">\u201cRusia mantiene una posici\u00f3n coherente y no oportunista sobre la situaci\u00f3n en Gaza: insistimos en la necesidad de alcanzar una completa soluci\u00f3n diplom\u00e1tica. Y creemos que incluso establecer pausas humanitarias ayudar\u00eda a liberar a los rehenes y a evacuar de Gaza a la poblaci\u00f3n civil y a los ciudadanos extranjeros\u201d, afirm\u00f3 Putin en el encuentro por videoconferencia que convoc\u00f3 el mandatario de Sud\u00e1frica, Cyril Ramaphosa, cuyo pa\u00eds encabeza este a\u00f1o el grupo de las econom\u00edas emergentes.<\/span><\/p>\n<p><span style=\"font-size: 14pt;\">Al pedir un alto el fuego en Gaza, Putin se\u00f1al\u00f3 que la comunidad internacional \u201cdebe aunar sus esfuerzos para reducir la tensi\u00f3n, lograr el cese de las hostilidades y encontrar un arreglo pol\u00edtico al conflicto palestino-israel\u00ed\u201d.<\/span><\/p>\n<p><span style=\"font-size: 14pt;\">En este momento, enfatiz\u00f3, \u201cnada hay m\u00e1s urgente que lograr una tregua verdaderamente sostenible y duradera\u201d.<\/span><\/p>\n<p><span style=\"font-size: 14pt;\">Y opin\u00f3 que en esta labor el grupo de los BRICS \u2013cuya presidencia rotatoria asumir\u00e1 Rusia en 2024\u2013 y los pa\u00edses de la regi\u00f3n \u201cdeben desempe\u00f1ar un papel clave\u201d.<\/span><\/p>\n<p><span style=\"font-size: 14pt;\">El presidente ruso critic\u00f3 a Estados Unidos por \u201cmonopolizar los esfuerzos de paz en Medio Oriente\u201d, bloqueando las iniciativas de otros mediadores internacionales.<\/span><\/p>\n<p><span style=\"font-size: 14pt;\">\u201cLos intentos por separado (de Washington) de resolver el \u2018nudo palestino\u2019, como da muestras fehacientes la historia, son inviables y contraproducentes\u201d, agreg\u00f3.<\/span><\/p>\n<p><span style=\"font-size: 14pt;\">Putin tiene claro que el sabotaje de las resoluciones de la ONU (Organizaci\u00f3n de Naciones Unidas), que sientan las bases para garantizar la coexistencia pac\u00edfica de dos Estados independientes y soberanos, Israel y Palestina, dentro de un mismo territorio, \u201cha hecho que m\u00e1s de una generaci\u00f3n de palestinos sufra condiciones de aut\u00e9ntica injusticia, mientras los israel\u00edes no son capaces de asegurar su propia seguridad\u201d.<\/span><\/p>\n<p><span style=\"font-size: 14pt;\">Adem\u00e1s, sostiene, ahora \u201chay que evitar el riesgo de que otros pa\u00edses se vean arrastrados a la guerra\u201d, ensanchando de ese modo la geograf\u00eda del conflicto, de igual manera que es indispensable \u201cmantener la fr\u00e1gil convivencia entre las distintas religiones\u201d.<\/span><\/p>\n<p><span style=\"font-size: 14pt;\">Junto con los l\u00edderes de los pa\u00edses miembros de los BRICS, tambi\u00e9n participaron en el encuentro los representantes de los Estados que se incorporar\u00e1n a este grupo el primero de enero siguiente \u2013Arabia Saudita, Argentina, Egipto, Etiop\u00eda, Ir\u00e1n y Emiratos \u00c1rabes Unidos\u2013, as\u00ed como el secretario general de la ONU, Antonio Guterres.<\/span><\/p>\n","protected":false},"excerpt":{"rendered":"<p>Mosc\u00fa. Al participar en la reuni\u00f3n virtual extraordinaria, dedicada a la crisis de Medio Oriente, de los l\u00edderes de los<\/p>\n","protected":false},"author":4,"featured_media":20733,"comment_status":"closed","ping_status":"closed","sticky":false,"template":"","format":"standard","meta":{"colormag_page_container_layout":"default_layout","colormag_page_sidebar_layout":"default_layout","_jetpack_memberships_contains_paid_content":false,"footnotes":"","jetpack_publicize_message":"","jetpack_publicize_feature_enabled":true,"jetpack_social_post_already_shared":true,"jetpack_social_options":{"image_generator_settings":{"template":"highway","default_image_id":0,"font":"","enabled":false},"version":2}},"categories":[355],"tags":[],"class_list":["post-20732","post","type-post","status-publish","format-standard","has-post-thumbnail","hentry","category-internacional"],"jetpack_publicize_connections":[],"jetpack_featured_media_url":"https:\/\/noticiasveracruz.com\/wp-content\/uploads\/2023\/11\/AFP1171681849815957011395750400733082114462-1.jpg","jetpack_sharing_enabled":true,"publishpress_future_action":{"enabled":false,"date":"2026-05-07 19:53:04","action":"change-status","newStatus":"draft","terms":[],"taxonomy":"category","extraData":[]},"publishpress_future_workflow_manual_trigger":{"enabledWorkflows":[]},"_links":{"self":[{"href":"https:\/\/noticiasveracruz.com\/index.php\/wp-json\/wp\/v2\/posts\/20732","targetHints":{"allow":["GET"]}}],"collection":[{"href":"https:\/\/noticiasveracruz.com\/index.php\/wp-json\/wp\/v2\/posts"}],"about":[{"href":"https:\/\/noticiasveracruz.com\/index.php\/wp-json\/wp\/v2\/types\/post"}],"author":[{"embeddable":true,"href":"https:\/\/noticiasveracruz.com\/index.php\/wp-json\/wp\/v2\/users\/4"}],"replies":[{"embeddable":true,"href":"https:\/\/noticiasveracruz.com\/index.php\/wp-json\/wp\/v2\/comments?post=20732"}],"version-history":[{"count":0,"href":"https:\/\/noticiasveracruz.com\/index.php\/wp-json\/wp\/v2\/posts\/20732\/revisions"}],"wp:featuredmedia":[{"embeddable":true,"href":"https:\/\/noticiasveracruz.com\/index.php\/wp-json\/wp\/v2\/media\/20733"}],"wp:attachment":[{"href":"https:\/\/noticiasveracruz.com\/index.php\/wp-json\/wp\/v2\/media?parent=20732"}],"wp:term":[{"taxonomy":"category","embeddable":true,"href":"https:\/\/noticiasveracruz.com\/index.php\/wp-json\/wp\/v2\/categories?post=20732"},{"taxonomy":"post_tag","embeddable":true,"href":"https:\/\/noticiasveracruz.com\/index.php\/wp-json\/wp\/v2\/tags?post=20732"}],"curies":[{"name":"wp","href":"https:\/\/api.w.org\/{rel}","templated":true}]}}