{"id":20724,"date":"2023-11-21T16:41:07","date_gmt":"2023-11-21T22:41:07","guid":{"rendered":"https:\/\/noticiasveracruz.com\/?p=20724"},"modified":"2023-11-21T16:41:07","modified_gmt":"2023-11-21T22:41:07","slug":"las-pobres-campanas-electorales","status":"publish","type":"post","link":"https:\/\/noticiasveracruz.com\/index.php\/2023\/11\/21\/las-pobres-campanas-electorales\/","title":{"rendered":"Las pobres campa\u00f1as electorales"},"content":{"rendered":"<ul>\n<li><span style=\"font-size: 14pt;\"><strong> \u00bfQu\u00e9 dijeron en el arranque Sheinbaum y Nahle?<\/strong><\/span><\/li>\n<li><span style=\"font-size: 14pt;\"><strong> El foco rojo en el manejo de la comunicaci\u00f3n<\/strong><\/span><\/li>\n<li><span style=\"font-size: 14pt;\"><strong> Partidos tendr\u00e1n 333 millones de pesos para gastar<\/strong><\/span><\/li>\n<\/ul>\n<p><span style=\"font-size: 14pt;\"><strong>Por Miguel \u00c1ngel Cristiani G.<\/strong><\/span><\/p>\n<p><span style=\"font-size: 14pt;\">Claudia Sheinbaum Pardo acompa\u00f1ada por Roc\u00edo Nahle inici\u00f3 su campa\u00f1a electoral nacional por Veracruz este lunes, por lo que resulta interesante preguntar \u00bfsabes lo que dijeron en sus masivos actos en el World Trade Center de Boca del R\u00edo?<\/span><\/p>\n<p><span style=\"font-size: 14pt;\">\u00bfCu\u00e1les fueron los principales temas que trataron y que habr\u00edan de ser destacados en los medios de comunicaci\u00f3n?<\/span><\/p>\n<p><span style=\"font-size: 14pt;\">Hubo alguna novedad en sus discursos o solamente se repitieron los mismos mensajes que ya han pronunciado en reiteradas ocasiones.<\/span><\/p>\n<p><span style=\"font-size: 14pt;\">Hay que recordar que no es casualidad que Claudia Sheinbaum haya decidido iniciar su campa\u00f1a electoral hacia la presidencia de la rep\u00fablica en Veracruz, ya que como es bien sabido, es el cuarto estado con el mayor padr\u00f3n electoral y en donde Morena tiene el gobierno.<\/span><\/p>\n<p><span style=\"font-size: 14pt;\">Y s\u00ed ya se sabe que los morenistas -que tanto critican al pasado- ahora est\u00e1n aplicando las mismas t\u00e9cnicas y m\u00e9todos que durante a\u00f1os utilizaron los priistas.<\/span><\/p>\n<p><span style=\"font-size: 14pt;\">El acarreo de empleados de gobierno -que ahora tienen que ir por sus propios medios- porque no les ponen transporte ni alimentaci\u00f3n.<\/span><\/p>\n<p><span style=\"font-size: 14pt;\">Pero ya se sabe tambi\u00e9n que el hecho de que se obliguen a los empleados a acudir a un evento para que en la foto aparezca como muy concurrido, no significa que a la hora de votar vayan a hacerlo.<\/span><\/p>\n<p><span style=\"font-size: 14pt;\">Un foco rojo que se debi\u00f3 de prender, luego de la mala difusi\u00f3n del evento, es que a estas alturas del partido, cuando ya han iniciado las campa\u00f1as y el proceso electoral para el a\u00f1o entrante, todav\u00eda no se sabe qui\u00e9n ser\u00e1 el responsable de llevar todo lo relacionado con el \u00e1rea de Comunicaci\u00f3n Social.<\/span><\/p>\n<p><span style=\"font-size: 14pt;\">Porque si piensan que los medios de comunicaci\u00f3n tienen la \u201cobligaci\u00f3n\u201d de cubrir sus eventos, pues que alguien les explique c\u00f3mo funciona eso.<\/span><\/p>\n<p><span style=\"font-size: 14pt;\">Lo que s\u00ed se sabe es que el a\u00f1o pr\u00f3ximo los 8 partidos pol\u00edticos con presencia en Veracruz, tendr\u00e1n cerca de 333 millones de pesos, para sus llamados gastos de campa\u00f1a, entre lo que se incluye la publicidad.<\/span><\/p>\n<p><span style=\"font-size: 14pt;\">Pero como esos millones de pesos que les entregar\u00e1 el OPLE no est\u00e1n etiquetados, igual pueden gastarlos en lo que quieran para justificarlos.<\/span><\/p>\n<p><span style=\"font-size: 14pt;\">En realidad, son 3 los partidos pol\u00edticos que se repartir\u00e1n la mayor tajada millonaria, de las llamadas prerrogativas pol\u00edticas.<\/span><\/p>\n<p><span style=\"font-size: 14pt;\">Movimiento Regeneraci\u00f3n Nacional MORENA tendr\u00e1 a su disposici\u00f3n poco m\u00e1s de 103 millones de pesos; el Partido Acci\u00f3n Nacional (PAN), alrededor de 49 millones 680 mil pesos y el Partido Fuerza por M\u00e9xico, 39 millones 8 990 pesos.<\/span><\/p>\n<p><span style=\"font-size: 14pt;\">Al Partido Revolucionario Institucional (PRI) se le asignaron 37 millones de pesos; a Movimiento Ciudadana, 29 millones 687 mil 324 pesos y al Partido Verde Ecologista de M\u00e9xico (PVEM), 26 millones 734 mil 442 pesos.<\/span><\/p>\n<p><span style=\"font-size: 14pt;\">Los 2 institutos pol\u00edticos que tendr\u00e1n las menores prerrogativas son el Partido de la Revoluci\u00f3n Democr\u00e1tica (PRD) con 26 millones 97 mil 699 pesos y el Partido del Trabajo (PT) tiene proyectado 20 millones 813 mil 911 pesos.<\/span><\/p>\n<p><span style=\"font-size: 14pt;\">Habr\u00e1 que ver cuantos de esos 333 millones de pesos se destinan a contratar publicidad para los distintos medios de comunicaci\u00f3n, o si nada m\u00e1s habremos de ver a las dirigencias partidistas estrenando camionetas de lujo.<\/span><\/p>\n<p><span style=\"font-size: 14pt;\">Para m\u00e1s informaci\u00f3n consulta nuestra p\u00e1gina <a href=\"https:\/\/www.xn--bitacoraspolticas-ovb.com\/\">https:\/\/www.xn--bitacoraspolticas-ovb.com\/<\/a>\u00a0<\/span><\/p>\n<p><img loading=\"lazy\" decoding=\"async\" class=\"alignnone wp-image-20600 size-full\" src=\"http:\/\/noticiasveracruz.com\/wp-content\/uploads\/2023\/11\/FIRMA-EDITORIAL-PD-2.jpg\" alt=\"\" width=\"1024\" height=\"125\" srcset=\"https:\/\/noticiasveracruz.com\/wp-content\/uploads\/2023\/11\/FIRMA-EDITORIAL-PD-2.jpg 1024w, https:\/\/noticiasveracruz.com\/wp-content\/uploads\/2023\/11\/FIRMA-EDITORIAL-PD-2-300x37.jpg 300w, https:\/\/noticiasveracruz.com\/wp-content\/uploads\/2023\/11\/FIRMA-EDITORIAL-PD-2-768x94.jpg 768w\" sizes=\"auto, (max-width: 1024px) 100vw, 1024px\" \/><\/p>\n","protected":false},"excerpt":{"rendered":"<p>\u00bfQu\u00e9 dijeron en el arranque Sheinbaum y Nahle? El foco rojo en el manejo de la comunicaci\u00f3n Partidos tendr\u00e1n 333<\/p>\n","protected":false},"author":4,"featured_media":3280,"comment_status":"closed","ping_status":"closed","sticky":false,"template":"","format":"standard","meta":{"colormag_page_container_layout":"default_layout","colormag_page_sidebar_layout":"default_layout","_jetpack_memberships_contains_paid_content":false,"footnotes":"","jetpack_publicize_message":"","jetpack_publicize_feature_enabled":true,"jetpack_social_post_already_shared":true,"jetpack_social_options":{"image_generator_settings":{"template":"highway","default_image_id":0,"font":"","enabled":false},"version":2}},"categories":[6],"tags":[],"class_list":["post-20724","post","type-post","status-publish","format-standard","has-post-thumbnail","hentry","category-columnistas"],"jetpack_publicize_connections":[],"jetpack_featured_media_url":"https:\/\/noticiasveracruz.com\/wp-content\/uploads\/2022\/04\/NV-MIGUEL-A\u0301NGEL-CRISTIANI.png","jetpack_sharing_enabled":true,"publishpress_future_action":{"enabled":false,"date":"2026-05-05 22:58:29","action":"change-status","newStatus":"draft","terms":[],"taxonomy":"category","extraData":[]},"publishpress_future_workflow_manual_trigger":{"enabledWorkflows":[]},"_links":{"self":[{"href":"https:\/\/noticiasveracruz.com\/index.php\/wp-json\/wp\/v2\/posts\/20724","targetHints":{"allow":["GET"]}}],"collection":[{"href":"https:\/\/noticiasveracruz.com\/index.php\/wp-json\/wp\/v2\/posts"}],"about":[{"href":"https:\/\/noticiasveracruz.com\/index.php\/wp-json\/wp\/v2\/types\/post"}],"author":[{"embeddable":true,"href":"https:\/\/noticiasveracruz.com\/index.php\/wp-json\/wp\/v2\/users\/4"}],"replies":[{"embeddable":true,"href":"https:\/\/noticiasveracruz.com\/index.php\/wp-json\/wp\/v2\/comments?post=20724"}],"version-history":[{"count":0,"href":"https:\/\/noticiasveracruz.com\/index.php\/wp-json\/wp\/v2\/posts\/20724\/revisions"}],"wp:featuredmedia":[{"embeddable":true,"href":"https:\/\/noticiasveracruz.com\/index.php\/wp-json\/wp\/v2\/media\/3280"}],"wp:attachment":[{"href":"https:\/\/noticiasveracruz.com\/index.php\/wp-json\/wp\/v2\/media?parent=20724"}],"wp:term":[{"taxonomy":"category","embeddable":true,"href":"https:\/\/noticiasveracruz.com\/index.php\/wp-json\/wp\/v2\/categories?post=20724"},{"taxonomy":"post_tag","embeddable":true,"href":"https:\/\/noticiasveracruz.com\/index.php\/wp-json\/wp\/v2\/tags?post=20724"}],"curies":[{"name":"wp","href":"https:\/\/api.w.org\/{rel}","templated":true}]}}