{"id":20716,"date":"2023-11-21T16:23:46","date_gmt":"2023-11-21T22:23:46","guid":{"rendered":"https:\/\/noticiasveracruz.com\/?p=20716"},"modified":"2023-11-21T16:23:46","modified_gmt":"2023-11-21T22:23:46","slug":"arranca-en-veracruz-la-precampana-de-sheinbaum","status":"publish","type":"post","link":"https:\/\/noticiasveracruz.com\/index.php\/2023\/11\/21\/arranca-en-veracruz-la-precampana-de-sheinbaum\/","title":{"rendered":"Arranca en Veracruz la precampa\u00f1a de Sheinbaum"},"content":{"rendered":"<div class=\"col col1\">\n<p class=\"s-s\"><span style=\"font-size: 14pt;\">Desde una hora antes de su llegada, el World Trade Center (WTC) de Veracruz, un espacio para unas 10 mil personas, ya estaba lleno. Acudieron morenistas, petistas y verdecologistas de esta entidad para arropar a Claudia Sheinbaum. As\u00ed, entre constantes porras y consignas de respaldo, comenz\u00f3 su precampa\u00f1a a la Presidencia de la Rep\u00fablica por la coalici\u00f3n Sigamos Haciendo Historia (Morena, PT y PVEM), y en su primer mensaje exhort\u00f3 a recordar, sobre todo a los j\u00f3venes que est\u00e1n por votar por primera ocasi\u00f3n, lo que fueron los gobiernos neoliberales.<\/span><\/p>\n<p><span style=\"font-size: 14pt;\">En Boca del R\u00edo, y m\u00e1s tarde en el municipio de Medell\u00edn de Bravo, resumi\u00f3 cada uno de dichos sexenios, desde el de Carlos Salinas de Gortari hasta el de Enrique Pe\u00f1a Nieto, y los defini\u00f3 como gobernantes que llegaron con fraudes, que privatizaron empresas p\u00fablicas, declararon la guerra dentro del propio territorio nacional y hubo m\u00e1s corrupci\u00f3n.<\/span><\/p>\n<p><span style=\"font-size: 14pt;\">Tambi\u00e9n, expres\u00f3 algunos de sus\u00a0<q>sue\u00f1os<\/q>, entre ellos que vuelva a operar el tren M\u00e9xico-Veracruz.\u00a0<q>Tomamos la palabra al presidente Andr\u00e9s Manuel L\u00f3pez Obrador<\/q>, luego de que el mandatario se ha pronunciado por rescatar el sistema de trenes de pasajeros, sobre lo cual ayer public\u00f3 un decreto con esa ruta.<\/span><\/p>\n<p><span style=\"font-size: 14pt;\">Sheinbaum arrib\u00f3 al WTC junto con Roc\u00edo Nahle, virtual abanderada de Morena a la gubernatura veracruzana, quien tambi\u00e9n recibi\u00f3 elogios de los asistentes.<\/span><\/p>\n<p><span style=\"font-size: 14pt;\">En tanto, en Medell\u00edn de Bravo, donde encabez\u00f3 por la tarde otro encuentro, acudi\u00f3, en las primeras filas pero como uno m\u00e1s de los asistentes, el gobernador Cuitl\u00e1huac Garc\u00eda, quien no subi\u00f3 al templete principal.<\/span><\/p>\n<p><span style=\"font-size: 14pt;\">Fue ah\u00ed cuando Sheinbaum explic\u00f3 su decisi\u00f3n de iniciar su precampa\u00f1a en esta entidad: primero, porque\u00a0<q>s\u00f3lo Veracruz es bello<\/q>; adem\u00e1s,\u00a0<q>porque queremos mucho al gobernador de Veracruz<\/q>, y por la presencia de la ex secretaria de Energ\u00eda.<\/span><\/p>\n<p><span style=\"font-size: 14pt;\">En ambas demarcaciones, la morenista recalc\u00f3 que en 2024 la decisi\u00f3n de los ciudadanos ser\u00e1 por la transformaci\u00f3n o por la corrupci\u00f3n, y dedic\u00f3 parte de su mensaje a exponer los contrastes.<\/span><\/p>\n<p><span style=\"font-size: 14pt;\">\u201cHay que recordar \u2013es importante por los j\u00f3venes que no vivieron la historia previa al momento que lleg\u00f3 el presidente L\u00f3pez Obrador\u2013 cu\u00e1ntos presidentes llegaron con un modelo que empobreci\u00f3 al pueblo de M\u00e9xico, que profundiz\u00f3 la desigualdad. Hay que recordar, aunque no queramos porque no nos gusta, pero hay que recordarlo para saber qu\u00e9 hizo el gobierno de Salinas de Gortari\u201d, agreg\u00f3.<\/span><\/p>\n<\/div>\n<div class=\"col col2\">\n<p><span style=\"font-size: 14pt;\">La respuesta fueron silbidos y abucheos al nombrar a cada uno de los ex mandatarios.<\/span><\/p>\n<p><span style=\"font-size: 14pt;\">Sobre Salinas, enfatiz\u00f3 que privatiz\u00f3 las empresas p\u00fablicas, como las de fertilizantes, sider\u00fargicas, Tel\u00e9fonos de M\u00e9xico.\u00a0<q>Dijo que con eso M\u00e9xico iba a ser un pa\u00eds desarrollado, que iba a cambiar, y lo que ocurri\u00f3 fue que hubo m\u00e1s pobreza, y m\u00e1s desigualdad, creamos multimillonarios<\/q>, a\u00f1adi\u00f3.<\/span><\/p>\n<p><span style=\"font-size: 14pt;\">Al siguiente sexenio, de Ernesto Zedillo, el\u00a0<q>error de diciembre<\/q>\u00a0dej\u00f3 a muchos peque\u00f1os empresarios sin su patrimonio y con un rescate que benefici\u00f3 \u00fanicamente al sector bancario.<\/span><\/p>\n<p><span style=\"font-size: 14pt;\">Luego,\u00a0<q>seg\u00fan esto lleg\u00f3 el cambio a nuestro pa\u00eds con (Vicente) Fox, quien dijo que hab\u00eda llegado la democracia, porque hab\u00edamos pasado del PRI al PAN<\/q>. Sostuvo que en vez de eso impuls\u00f3 el desafuero contra L\u00f3pez Obrador y\u00a0<q>traicion\u00f3 la democracia<\/q>.<\/span><\/p>\n<p><span style=\"font-size: 14pt;\">Mientras en 2006, con\u00a0<q>un fraude electoral<\/q>\u00a0asumi\u00f3 Felipe Calder\u00f3n, \u201cquien declar\u00f3 la guerra en su propio pa\u00eds, la famosa guerra contra el\u00a0<em>narco<\/em>, y puso al frente de esa guerra a Garc\u00eda Luna, que hoy est\u00e1 preso por ser narcotraficante. Todav\u00eda vivimos las desgracias de aquella tonter\u00eda\u201d, lament\u00f3.<\/span><\/p>\n<p><span style=\"font-size: 14pt;\">Del gobierno de Pe\u00f1a Nieto, afirm\u00f3 que hubo\u00a0<q>m\u00e1s corrupci\u00f3n y m\u00e1s privatizaciones<\/q>.<\/span><\/p>\n<p><span style=\"font-size: 14pt;\">Pero tras ello, remat\u00f3,\u00a0<q>no contaban con la astucia del pueblo de M\u00e9xico y lleg\u00f3 Andr\u00e9s Manuel L\u00f3pez Obrador a la Presidencia<\/q>.<\/span><\/p>\n<p><span style=\"font-size: 14pt;\">La ex jefa de Gobierno de la Ciudad de M\u00e9xico refiri\u00f3, adem\u00e1s, que entre los\u00a0<q>sue\u00f1os<\/q>\u00a0que ha tenido se encuentra que todos los alumnos de educaci\u00f3n b\u00e1sica tengan una beca y que haya espacios gratuitos para todos los j\u00f3venes que desean estudiar en una universidad p\u00fablica.<\/span><\/p>\n<p><span style=\"font-size: 14pt;\">La precandidata continuar\u00e1 hoy y ma\u00f1ana en Veracruz, para seguir con recorridos por Tabasco, Chiapas y Nayarit en los siguientes d\u00edas de esta semana.<\/span><\/p>\n<\/div>\n","protected":false},"excerpt":{"rendered":"<p>Desde una hora antes de su llegada, el World Trade Center (WTC) de Veracruz, un espacio para unas 10 mil<\/p>\n","protected":false},"author":4,"featured_media":20717,"comment_status":"closed","ping_status":"closed","sticky":false,"template":"","format":"standard","meta":{"colormag_page_container_layout":"default_layout","colormag_page_sidebar_layout":"default_layout","_jetpack_memberships_contains_paid_content":false,"footnotes":"","jetpack_publicize_message":"","jetpack_publicize_feature_enabled":true,"jetpack_social_post_already_shared":true,"jetpack_social_options":{"image_generator_settings":{"template":"highway","default_image_id":0,"font":"","enabled":false},"version":2}},"categories":[356],"tags":[],"class_list":["post-20716","post","type-post","status-publish","format-standard","has-post-thumbnail","hentry","category-veracruz"],"jetpack_publicize_connections":[],"jetpack_featured_media_url":"https:\/\/noticiasveracruz.com\/wp-content\/uploads\/2023\/11\/2cd2c840ccbcba4fcc372e5008d6a6e5.jpg","jetpack_sharing_enabled":true,"publishpress_future_action":{"enabled":false,"date":"2026-05-05 22:38:24","action":"change-status","newStatus":"draft","terms":[],"taxonomy":"category","extraData":[]},"publishpress_future_workflow_manual_trigger":{"enabledWorkflows":[]},"_links":{"self":[{"href":"https:\/\/noticiasveracruz.com\/index.php\/wp-json\/wp\/v2\/posts\/20716","targetHints":{"allow":["GET"]}}],"collection":[{"href":"https:\/\/noticiasveracruz.com\/index.php\/wp-json\/wp\/v2\/posts"}],"about":[{"href":"https:\/\/noticiasveracruz.com\/index.php\/wp-json\/wp\/v2\/types\/post"}],"author":[{"embeddable":true,"href":"https:\/\/noticiasveracruz.com\/index.php\/wp-json\/wp\/v2\/users\/4"}],"replies":[{"embeddable":true,"href":"https:\/\/noticiasveracruz.com\/index.php\/wp-json\/wp\/v2\/comments?post=20716"}],"version-history":[{"count":0,"href":"https:\/\/noticiasveracruz.com\/index.php\/wp-json\/wp\/v2\/posts\/20716\/revisions"}],"wp:featuredmedia":[{"embeddable":true,"href":"https:\/\/noticiasveracruz.com\/index.php\/wp-json\/wp\/v2\/media\/20717"}],"wp:attachment":[{"href":"https:\/\/noticiasveracruz.com\/index.php\/wp-json\/wp\/v2\/media?parent=20716"}],"wp:term":[{"taxonomy":"category","embeddable":true,"href":"https:\/\/noticiasveracruz.com\/index.php\/wp-json\/wp\/v2\/categories?post=20716"},{"taxonomy":"post_tag","embeddable":true,"href":"https:\/\/noticiasveracruz.com\/index.php\/wp-json\/wp\/v2\/tags?post=20716"}],"curies":[{"name":"wp","href":"https:\/\/api.w.org\/{rel}","templated":true}]}}