{"id":20713,"date":"2023-11-21T16:17:13","date_gmt":"2023-11-21T22:17:13","guid":{"rendered":"https:\/\/noticiasveracruz.com\/?p=20713"},"modified":"2023-11-21T16:17:13","modified_gmt":"2023-11-21T22:17:13","slug":"ministro-laynez-participara-en-fallo-sobre-fideicomisos","status":"publish","type":"post","link":"https:\/\/noticiasveracruz.com\/index.php\/2023\/11\/21\/ministro-laynez-participara-en-fallo-sobre-fideicomisos\/","title":{"rendered":"Ministro Laynez participar\u00e1 en fallo sobre fideicomisos"},"content":{"rendered":"<p><span style=\"font-size: 14pt;\">Por unanimidad el pleno de la Suprema Corte de Justicia de la Naci\u00f3n (SCJN) desech\u00f3 como notoriamente improcedente la solicitud de la Consejer\u00eda Jur\u00eddica del Ejecutivo Federal (CJEF) para que el ministro Javier Laynez Potisek se declarara impedido de participar en la resoluci\u00f3n de las impugnaciones en contra de la desaparici\u00f3n de los fideicomisos del Poder Judicial Federal (PJF).<\/span><\/p>\n<p><span style=\"font-size: 14pt;\">La discusi\u00f3n comenz\u00f3 con el planteamiento de Laynez Potisek, quien afirm\u00f3 que en materia de controversias constitucionales y acciones de inconstitucionalidad, en la ley reglamentaria no existe disposici\u00f3n que permita las solicitudes de impedimento y solo de manera excepcional la SCJN las ha atendido, pero solo cuando es alguno de sus ministros quien la plantea.<\/span><\/p>\n<p><span style=\"font-size: 14pt;\">A\u00f1adi\u00f3 que no hay ning\u00fan argumento para considerar que su imparcialidad para participar en este asunto pueda ser objetada: \u201cinsisto, adem\u00e1s yo no considero en absoluto afectada\u201d.<\/span><\/p>\n<p><span style=\"font-size: 14pt;\">La ministra presidenta, Norma Luc\u00eda Pi\u00f1a Hern\u00e1ndez, apoy\u00f3 esta postura y se aprob\u00f3 por unanimidad, resolvi\u00e9ndose el asunto en menos de cuatro minutos.<\/span><\/p>\n<p><span style=\"font-size: 14pt;\">De esta manera, el ministro Laynez Potisek podr\u00e1 seguir fungiendo como ponente en el an\u00e1lisis de la acci\u00f3n de inconstitucionalidad 214\/2023, promovida por senadores del PAN, PRI y PRD, en contra de la reforma a la Ley Org\u00e1nica del Poder Judicial de la Federaci\u00f3n, que ordena extinguir sus 13 fideicomisos que no tienen que ver con sus labores sustantivas, y que en conjunto acumulaban m\u00e1s de 15 mil millones de pesos.<\/span><br \/>\n<span style=\"font-size: 14pt;\">Este asunto toc\u00f3 en turno a Leynez, quien a\u00fan no ha decidido si la acci\u00f3n de inconstitucionalidad es admitida a tr\u00e1mite.<\/span><\/p>\n","protected":false},"excerpt":{"rendered":"<p>Por unanimidad el pleno de la Suprema Corte de Justicia de la Naci\u00f3n (SCJN) desech\u00f3 como notoriamente improcedente la solicitud<\/p>\n","protected":false},"author":4,"featured_media":20714,"comment_status":"closed","ping_status":"closed","sticky":false,"template":"","format":"standard","meta":{"colormag_page_container_layout":"default_layout","colormag_page_sidebar_layout":"default_layout","_jetpack_memberships_contains_paid_content":false,"footnotes":"","jetpack_publicize_message":"","jetpack_publicize_feature_enabled":true,"jetpack_social_post_already_shared":true,"jetpack_social_options":{"image_generator_settings":{"template":"highway","default_image_id":0,"font":"","enabled":false},"version":2}},"categories":[4],"tags":[],"class_list":["post-20713","post","type-post","status-publish","format-standard","has-post-thumbnail","hentry","category-nacional"],"jetpack_publicize_connections":[],"jetpack_featured_media_url":"https:\/\/noticiasveracruz.com\/wp-content\/uploads\/2023\/11\/javier-laynez-ministro-ebrio.jpg","jetpack_sharing_enabled":true,"publishpress_future_action":{"enabled":false,"date":"2026-05-05 22:31:17","action":"change-status","newStatus":"draft","terms":[],"taxonomy":"category","extraData":[]},"publishpress_future_workflow_manual_trigger":{"enabledWorkflows":[]},"_links":{"self":[{"href":"https:\/\/noticiasveracruz.com\/index.php\/wp-json\/wp\/v2\/posts\/20713","targetHints":{"allow":["GET"]}}],"collection":[{"href":"https:\/\/noticiasveracruz.com\/index.php\/wp-json\/wp\/v2\/posts"}],"about":[{"href":"https:\/\/noticiasveracruz.com\/index.php\/wp-json\/wp\/v2\/types\/post"}],"author":[{"embeddable":true,"href":"https:\/\/noticiasveracruz.com\/index.php\/wp-json\/wp\/v2\/users\/4"}],"replies":[{"embeddable":true,"href":"https:\/\/noticiasveracruz.com\/index.php\/wp-json\/wp\/v2\/comments?post=20713"}],"version-history":[{"count":0,"href":"https:\/\/noticiasveracruz.com\/index.php\/wp-json\/wp\/v2\/posts\/20713\/revisions"}],"wp:featuredmedia":[{"embeddable":true,"href":"https:\/\/noticiasveracruz.com\/index.php\/wp-json\/wp\/v2\/media\/20714"}],"wp:attachment":[{"href":"https:\/\/noticiasveracruz.com\/index.php\/wp-json\/wp\/v2\/media?parent=20713"}],"wp:term":[{"taxonomy":"category","embeddable":true,"href":"https:\/\/noticiasveracruz.com\/index.php\/wp-json\/wp\/v2\/categories?post=20713"},{"taxonomy":"post_tag","embeddable":true,"href":"https:\/\/noticiasveracruz.com\/index.php\/wp-json\/wp\/v2\/tags?post=20713"}],"curies":[{"name":"wp","href":"https:\/\/api.w.org\/{rel}","templated":true}]}}