{"id":20704,"date":"2023-11-21T12:24:59","date_gmt":"2023-11-21T18:24:59","guid":{"rendered":"https:\/\/noticiasveracruz.com\/?p=20704"},"modified":"2023-11-21T12:24:59","modified_gmt":"2023-11-21T18:24:59","slug":"sugiere-amlo-desaparecer-el-inai-en-el-proximo-gobierno","status":"publish","type":"post","link":"https:\/\/noticiasveracruz.com\/index.php\/2023\/11\/21\/sugiere-amlo-desaparecer-el-inai-en-el-proximo-gobierno\/","title":{"rendered":"Sugiere AMLO desaparecer el INAI en el pr\u00f3ximo gobierno"},"content":{"rendered":"<p><span style=\"font-size: 14pt;\">El presidente Andres Manuel L\u00f3pez Obrador sugiri\u00f3 que el pr\u00f3ximo gobierno desaparezca al Instituto Nacional de Transparencia, Acceso a la Informaci\u00f3n y Protecci\u00f3n de Datos Personales ante la ineficacia que ha tenido en el combate a la corrupci\u00f3n, ocultando informaci\u00f3n importante en su momento como el caso de los evasores fiscales o el fraude de la empresa Odebrecht.<\/span><\/p>\n<p><span style=\"font-size: 14pt;\">Durante su conferencia de prensa, dijo que al crearse, bajo el gobierno de Vicente Fox, se hizo bajo el surrealismo puro porque no se consideraba delito grave la corrupci\u00f3n. Consider\u00f3 que el INAI es un florero que cuesta mucho, pues anualmente ejercen un presupuesto de mil millones de pesos, adem\u00e1s de que hay duplicidad de funciones pues existe la Secretar\u00eda de la Funci\u00f3n P\u00fablica, la Auditor\u00eda Superior de la Federaci\u00f3n o la Fiscal\u00eda General de la Rep\u00fablica.<\/span><\/p>\n<p><span style=\"font-size: 14pt;\">A pesar de ello, todav\u00eda se cre\u00f3 en el sexenio anterior la Fiscal\u00eda Anticorrupci\u00f3n. \u201cEs de las reformas que hay que hacer hacia adelante, porque si no si, quienes nos van a sustituir se ocupen de eso . Nos van a salir que todos somos el Instituto Nacional Electoral, Poder Judicial.<\/span><\/p>\n<p><span style=\"font-size: 14pt;\">Dijo que esto fue impulsado en su momento por la llamada sociedad civil, de la cual muchos de ellos, ahora se dedican solo al golpearlo, ya no solo como deporte, sino que hasta cobran por hacerlo. Seg\u00fan el presidente, tienen 40 a\u00f1os de \u201catacarlo\u201d sistem\u00e1ticamente, \u201cya se volvi\u00f3 a\u00bfhasta negocio, de eso viven. Hasta deber\u00edan estar agradecidos porque no s\u00e9 c\u00f3mo le van a hacer ahora que ya e voy a retirar Ya no me van a pagar para atacarme\u201d.<\/span><\/p>\n","protected":false},"excerpt":{"rendered":"<p>El presidente Andres Manuel L\u00f3pez Obrador sugiri\u00f3 que el pr\u00f3ximo gobierno desaparezca al Instituto Nacional de Transparencia, Acceso a la<\/p>\n","protected":false},"author":4,"featured_media":20705,"comment_status":"closed","ping_status":"closed","sticky":false,"template":"","format":"standard","meta":{"colormag_page_container_layout":"default_layout","colormag_page_sidebar_layout":"default_layout","_jetpack_memberships_contains_paid_content":false,"footnotes":"","jetpack_publicize_message":"","jetpack_publicize_feature_enabled":true,"jetpack_social_post_already_shared":true,"jetpack_social_options":{"image_generator_settings":{"template":"highway","default_image_id":0,"font":"","enabled":false},"version":2}},"categories":[4],"tags":[],"class_list":["post-20704","post","type-post","status-publish","format-standard","has-post-thumbnail","hentry","category-nacional"],"jetpack_publicize_connections":[],"jetpack_featured_media_url":"https:\/\/noticiasveracruz.com\/wp-content\/uploads\/2023\/11\/1490dc5d31299afff3765fbc684266d0.png","jetpack_sharing_enabled":true,"publishpress_future_action":{"enabled":false,"date":"2026-05-05 22:26:02","action":"change-status","newStatus":"draft","terms":[],"taxonomy":"category","extraData":[]},"publishpress_future_workflow_manual_trigger":{"enabledWorkflows":[]},"_links":{"self":[{"href":"https:\/\/noticiasveracruz.com\/index.php\/wp-json\/wp\/v2\/posts\/20704","targetHints":{"allow":["GET"]}}],"collection":[{"href":"https:\/\/noticiasveracruz.com\/index.php\/wp-json\/wp\/v2\/posts"}],"about":[{"href":"https:\/\/noticiasveracruz.com\/index.php\/wp-json\/wp\/v2\/types\/post"}],"author":[{"embeddable":true,"href":"https:\/\/noticiasveracruz.com\/index.php\/wp-json\/wp\/v2\/users\/4"}],"replies":[{"embeddable":true,"href":"https:\/\/noticiasveracruz.com\/index.php\/wp-json\/wp\/v2\/comments?post=20704"}],"version-history":[{"count":0,"href":"https:\/\/noticiasveracruz.com\/index.php\/wp-json\/wp\/v2\/posts\/20704\/revisions"}],"wp:featuredmedia":[{"embeddable":true,"href":"https:\/\/noticiasveracruz.com\/index.php\/wp-json\/wp\/v2\/media\/20705"}],"wp:attachment":[{"href":"https:\/\/noticiasveracruz.com\/index.php\/wp-json\/wp\/v2\/media?parent=20704"}],"wp:term":[{"taxonomy":"category","embeddable":true,"href":"https:\/\/noticiasveracruz.com\/index.php\/wp-json\/wp\/v2\/categories?post=20704"},{"taxonomy":"post_tag","embeddable":true,"href":"https:\/\/noticiasveracruz.com\/index.php\/wp-json\/wp\/v2\/tags?post=20704"}],"curies":[{"name":"wp","href":"https:\/\/api.w.org\/{rel}","templated":true}]}}