{"id":20687,"date":"2023-11-20T18:19:53","date_gmt":"2023-11-21T00:19:53","guid":{"rendered":"https:\/\/noticiasveracruz.com\/?p=20687"},"modified":"2023-11-20T18:19:53","modified_gmt":"2023-11-21T00:19:53","slug":"gran-participacion-en-el-desfile-de-la-revolucion-mexicana","status":"publish","type":"post","link":"https:\/\/noticiasveracruz.com\/index.php\/2023\/11\/20\/gran-participacion-en-el-desfile-de-la-revolucion-mexicana\/","title":{"rendered":"Gran participaci\u00f3n en el desfile de la Revoluci\u00f3n Mexicana"},"content":{"rendered":"<p><span style=\"font-size: 14pt;\">Tuxpan, Ver.- Con enorme participaci\u00f3n se llev\u00f3 a cabo uno de los desfiles m\u00e1s vistosos y concurridos de los \u00faltimos a\u00f1os.<\/span><\/p>\n<p><span style=\"font-size: 14pt;\">Familias completas se reunieron en la arteria principal de la ciudad para presenciar el desfile c\u00edvico deportivo con el que se conmemor\u00f3 el 113 aniversario del inicio de la Revoluci\u00f3n Mexicana.<\/span><\/p>\n<p><img loading=\"lazy\" decoding=\"async\" class=\"alignnone size-medium wp-image-20689\" src=\"http:\/\/noticiasveracruz.com\/wp-content\/uploads\/2023\/11\/WhatsApp-Image-2023-11-20-at-16.01.35-1-300x199.jpeg\" alt=\"\" width=\"300\" height=\"199\" srcset=\"https:\/\/noticiasveracruz.com\/wp-content\/uploads\/2023\/11\/WhatsApp-Image-2023-11-20-at-16.01.35-1-300x199.jpeg 300w, https:\/\/noticiasveracruz.com\/wp-content\/uploads\/2023\/11\/WhatsApp-Image-2023-11-20-at-16.01.35-1-1024x681.jpeg 1024w, https:\/\/noticiasveracruz.com\/wp-content\/uploads\/2023\/11\/WhatsApp-Image-2023-11-20-at-16.01.35-1-768x511.jpeg 768w, https:\/\/noticiasveracruz.com\/wp-content\/uploads\/2023\/11\/WhatsApp-Image-2023-11-20-at-16.01.35-1.jpeg 1280w\" sizes=\"auto, (max-width: 300px) 100vw, 300px\" \/><\/p>\n<p><span style=\"font-size: 14pt;\">Participaron 8,470 personas tanto del sector educativo: 24 primarias, 11 secundarias, 6 bachilleratos y 3 universidades, como elementos de la SEMAR, SEDENA, Secretar\u00eda de Seguridad P\u00fablica Municipal.<\/span><\/p>\n<p><span style=\"font-size: 14pt;\">As\u00ed mismo, Protecci\u00f3n Civil y Bomberos, Tr\u00e1nsito Municipal, y personal de Cruz Roja, Cruz Ambar, CAMD-Hospital II Torres y Sesver.<\/span><\/p>\n<p><img loading=\"lazy\" decoding=\"async\" class=\"alignnone size-medium wp-image-20692\" src=\"http:\/\/noticiasveracruz.com\/wp-content\/uploads\/2023\/11\/WhatsApp-Image-2023-11-20-at-16.01.35-300x199.jpeg\" alt=\"\" width=\"300\" height=\"199\" srcset=\"https:\/\/noticiasveracruz.com\/wp-content\/uploads\/2023\/11\/WhatsApp-Image-2023-11-20-at-16.01.35-300x199.jpeg 300w, https:\/\/noticiasveracruz.com\/wp-content\/uploads\/2023\/11\/WhatsApp-Image-2023-11-20-at-16.01.35-1024x681.jpeg 1024w, https:\/\/noticiasveracruz.com\/wp-content\/uploads\/2023\/11\/WhatsApp-Image-2023-11-20-at-16.01.35-768x511.jpeg 768w, https:\/\/noticiasveracruz.com\/wp-content\/uploads\/2023\/11\/WhatsApp-Image-2023-11-20-at-16.01.35.jpeg 1280w\" sizes=\"auto, (max-width: 300px) 100vw, 300px\" \/><\/p>\n<p><span style=\"font-size: 14pt;\">En el pres\u00eddium, frente a la presidencia municipal, estuvo el alcalde Jos\u00e9 Manuel Pozos Castro acompa\u00f1ado por su esposa Pamela Morales Huesca, presidenta del DIF Tuxpan; el Almirante C.G.D.E.M. Julio C\u00e9sar Pescina \u00c1vila, comandante de la Fuerza Naval del Golfo; el General de Brigada D.E.M. Gonzalo Aguilar Escobedo, comandante de la 19\u00aa Zona Militar.<\/span><\/p>\n<p><span style=\"font-size: 14pt;\">El Vicealmirante C.G.D.E.M. Juan Carlos Vera Salinas, comandante de la 5\u00aa Zona Naval; el coronel de Infanter\u00eda D.E.M. Jos\u00e9 Luis Fern\u00e1ndez Morales, comandante del 39\u00ba Batall\u00f3n de Infanter\u00eda; y el 2\u00ba Inspector Armando Dur\u00e1n Navarrete, titular de la estaci\u00f3n Tuxpan de la Guardia Nacional de Carreteras.<\/span><\/p>\n<p><img loading=\"lazy\" decoding=\"async\" class=\"alignnone size-medium wp-image-20696\" src=\"http:\/\/noticiasveracruz.com\/wp-content\/uploads\/2023\/11\/WhatsApp-Image-2023-11-20-at-16.01.37-1-300x199.jpeg\" alt=\"\" width=\"300\" height=\"199\" srcset=\"https:\/\/noticiasveracruz.com\/wp-content\/uploads\/2023\/11\/WhatsApp-Image-2023-11-20-at-16.01.37-1-300x199.jpeg 300w, https:\/\/noticiasveracruz.com\/wp-content\/uploads\/2023\/11\/WhatsApp-Image-2023-11-20-at-16.01.37-1-1024x681.jpeg 1024w, https:\/\/noticiasveracruz.com\/wp-content\/uploads\/2023\/11\/WhatsApp-Image-2023-11-20-at-16.01.37-1-768x511.jpeg 768w, https:\/\/noticiasveracruz.com\/wp-content\/uploads\/2023\/11\/WhatsApp-Image-2023-11-20-at-16.01.37-1.jpeg 1280w\" sizes=\"auto, (max-width: 300px) 100vw, 300px\" \/><\/p>\n<p><span style=\"font-size: 14pt;\">Los contingentes partieron de la calle Revoluci\u00f3n, recorriendo todo el bulevar hasta llegar a la calle Vicente Guerrero.<\/span><\/p>\n<p><span style=\"font-size: 14pt;\">El desfile inici\u00f3 con los contingentes de la Secretar\u00eda de Marina Armada de M\u00e9xico, seguido por los atletas paral\u00edmpicos que dieron paso a los grupos de estudiantes; y finaliz\u00f3 con el bloque de la Secretar\u00eda de la Defensa Nacional.<\/span><\/p>\n<p><img loading=\"lazy\" decoding=\"async\" class=\"alignnone size-medium wp-image-20695\" src=\"http:\/\/noticiasveracruz.com\/wp-content\/uploads\/2023\/11\/WhatsApp-Image-2023-11-20-at-16.01.37-4-300x199.jpeg\" alt=\"\" width=\"300\" height=\"199\" srcset=\"https:\/\/noticiasveracruz.com\/wp-content\/uploads\/2023\/11\/WhatsApp-Image-2023-11-20-at-16.01.37-4-300x199.jpeg 300w, https:\/\/noticiasveracruz.com\/wp-content\/uploads\/2023\/11\/WhatsApp-Image-2023-11-20-at-16.01.37-4-1024x681.jpeg 1024w, https:\/\/noticiasveracruz.com\/wp-content\/uploads\/2023\/11\/WhatsApp-Image-2023-11-20-at-16.01.37-4-768x511.jpeg 768w, https:\/\/noticiasveracruz.com\/wp-content\/uploads\/2023\/11\/WhatsApp-Image-2023-11-20-at-16.01.37-4.jpeg 1280w\" sizes=\"auto, (max-width: 300px) 100vw, 300px\" \/><\/p>\n<p><span style=\"font-size: 14pt;\">Cada una de las instituciones educativas acompa\u00f1\u00f3 su participaci\u00f3n con estampas revolucionarias y caracterizaciones alusivas a esta fecha, mostrando respeto hacia las tradiciones que nos identifican.<\/span><\/p>\n<p><img loading=\"lazy\" decoding=\"async\" class=\"alignnone size-medium wp-image-20694\" src=\"http:\/\/noticiasveracruz.com\/wp-content\/uploads\/2023\/11\/WhatsApp-Image-2023-11-20-at-16.01.36-300x199.jpeg\" alt=\"\" width=\"300\" height=\"199\" srcset=\"https:\/\/noticiasveracruz.com\/wp-content\/uploads\/2023\/11\/WhatsApp-Image-2023-11-20-at-16.01.36-300x199.jpeg 300w, https:\/\/noticiasveracruz.com\/wp-content\/uploads\/2023\/11\/WhatsApp-Image-2023-11-20-at-16.01.36-1024x681.jpeg 1024w, https:\/\/noticiasveracruz.com\/wp-content\/uploads\/2023\/11\/WhatsApp-Image-2023-11-20-at-16.01.36-768x511.jpeg 768w, https:\/\/noticiasveracruz.com\/wp-content\/uploads\/2023\/11\/WhatsApp-Image-2023-11-20-at-16.01.36.jpeg 1280w\" sizes=\"auto, (max-width: 300px) 100vw, 300px\" \/><\/p>\n<p><span style=\"font-size: 14pt;\">De la misma manera, tablas r\u00edtmicas y gimn\u00e1sticas al ritmo de m\u00fasica mexicana, acrobacias y la exhibici\u00f3n de diferentes disciplinas deportivas.<\/span><\/p>\n<p><span style=\"font-size: 14pt;\">Al t\u00e9rmino del evento, el alcalde Jos\u00e9 Manuel Pozos Castro expres\u00f3: \u201cHubo una participaci\u00f3n impresionante, tanto del sector educativo como de los tres niveles de gobierno, qu\u00e9 bueno que los mexicanos celebremos esta fecha tan importante para todos\u201d. As\u00ed mismo, agradeci\u00f3 a la ciudadan\u00eda por asistir a este desfile.<\/span><\/p>\n<p><img loading=\"lazy\" decoding=\"async\" class=\"alignnone size-medium wp-image-20693\" src=\"http:\/\/noticiasveracruz.com\/wp-content\/uploads\/2023\/11\/WhatsApp-Image-2023-11-20-at-16.01.36-4-300x199.jpeg\" alt=\"\" width=\"300\" height=\"199\" srcset=\"https:\/\/noticiasveracruz.com\/wp-content\/uploads\/2023\/11\/WhatsApp-Image-2023-11-20-at-16.01.36-4-300x199.jpeg 300w, https:\/\/noticiasveracruz.com\/wp-content\/uploads\/2023\/11\/WhatsApp-Image-2023-11-20-at-16.01.36-4-1024x681.jpeg 1024w, https:\/\/noticiasveracruz.com\/wp-content\/uploads\/2023\/11\/WhatsApp-Image-2023-11-20-at-16.01.36-4-768x511.jpeg 768w, https:\/\/noticiasveracruz.com\/wp-content\/uploads\/2023\/11\/WhatsApp-Image-2023-11-20-at-16.01.36-4.jpeg 1280w\" sizes=\"auto, (max-width: 300px) 100vw, 300px\" \/><\/p>\n<p><span style=\"font-size: 14pt;\">Tambi\u00e9n estuvieron presentes las regidoras y los regidores Mar\u00eda del Pilar Mart\u00ednez Matesanz, Maryanela Monroy Flores, Juan G\u00f3mez Garc\u00eda y Luis Demetrio L\u00f3pez Mar\u00edn.<\/span><\/p>\n<p><img loading=\"lazy\" decoding=\"async\" class=\"alignnone size-medium wp-image-20690\" src=\"http:\/\/noticiasveracruz.com\/wp-content\/uploads\/2023\/11\/WhatsApp-Image-2023-11-20-at-16.01.35-3-300x199.jpeg\" alt=\"\" width=\"300\" height=\"199\" srcset=\"https:\/\/noticiasveracruz.com\/wp-content\/uploads\/2023\/11\/WhatsApp-Image-2023-11-20-at-16.01.35-3-300x199.jpeg 300w, https:\/\/noticiasveracruz.com\/wp-content\/uploads\/2023\/11\/WhatsApp-Image-2023-11-20-at-16.01.35-3-1024x681.jpeg 1024w, https:\/\/noticiasveracruz.com\/wp-content\/uploads\/2023\/11\/WhatsApp-Image-2023-11-20-at-16.01.35-3-768x511.jpeg 768w, https:\/\/noticiasveracruz.com\/wp-content\/uploads\/2023\/11\/WhatsApp-Image-2023-11-20-at-16.01.35-3.jpeg 1280w\" sizes=\"auto, (max-width: 300px) 100vw, 300px\" \/><\/p>\n<p><span style=\"font-size: 14pt;\">El director de Educaci\u00f3n, Prof. Jorge Arturo Garc\u00eda Robles; On\u00e9simo P\u00e9rez Ramos, delegado regional de la SEV en Tuxpan, y el Cap. de Corbeta Guillermo Al\u00e1n V\u00e1zquez Guti\u00e9rrez, secretario de Seguridad P\u00fablica Municipal.<\/span><\/p>\n<p><span style=\"font-size: 14pt;\">Durante el evento se cont\u00f3 con servicio m\u00e9dico a nivel de primeros auxilios. Al finalizar el recorrido, el teniente de fragata Raymundo Torres Cruz, director de la Polic\u00eda Municipal, rindi\u00f3 el parte oficial del desfile reportando saldo blanco.<\/span><\/p>\n<p><img loading=\"lazy\" decoding=\"async\" class=\"alignnone wp-image-20600 size-full\" src=\"http:\/\/noticiasveracruz.com\/wp-content\/uploads\/2023\/11\/FIRMA-EDITORIAL-PD-2.jpg\" alt=\"\" width=\"1024\" height=\"125\" srcset=\"https:\/\/noticiasveracruz.com\/wp-content\/uploads\/2023\/11\/FIRMA-EDITORIAL-PD-2.jpg 1024w, https:\/\/noticiasveracruz.com\/wp-content\/uploads\/2023\/11\/FIRMA-EDITORIAL-PD-2-300x37.jpg 300w, https:\/\/noticiasveracruz.com\/wp-content\/uploads\/2023\/11\/FIRMA-EDITORIAL-PD-2-768x94.jpg 768w\" sizes=\"auto, (max-width: 1024px) 100vw, 1024px\" \/><\/p>\n","protected":false},"excerpt":{"rendered":"<p>Tuxpan, Ver.- Con enorme participaci\u00f3n se llev\u00f3 a cabo uno de los desfiles m\u00e1s vistosos y concurridos de los \u00faltimos<\/p>\n","protected":false},"author":4,"featured_media":20688,"comment_status":"closed","ping_status":"closed","sticky":false,"template":"","format":"standard","meta":{"colormag_page_container_layout":"default_layout","colormag_page_sidebar_layout":"default_layout","_jetpack_memberships_contains_paid_content":false,"footnotes":"","jetpack_publicize_message":"","jetpack_publicize_feature_enabled":true,"jetpack_social_post_already_shared":true,"jetpack_social_options":{"image_generator_settings":{"template":"highway","default_image_id":0,"font":"","enabled":false},"version":2}},"categories":[356],"tags":[],"class_list":["post-20687","post","type-post","status-publish","format-standard","has-post-thumbnail","hentry","category-veracruz"],"jetpack_publicize_connections":[],"jetpack_featured_media_url":"https:\/\/noticiasveracruz.com\/wp-content\/uploads\/2023\/11\/WhatsApp-Image-2023-11-20-at-16.01.36-3.jpeg","jetpack_sharing_enabled":true,"publishpress_future_action":{"enabled":false,"date":"2026-05-05 22:52:53","action":"change-status","newStatus":"draft","terms":[],"taxonomy":"category","extraData":[]},"publishpress_future_workflow_manual_trigger":{"enabledWorkflows":[]},"_links":{"self":[{"href":"https:\/\/noticiasveracruz.com\/index.php\/wp-json\/wp\/v2\/posts\/20687","targetHints":{"allow":["GET"]}}],"collection":[{"href":"https:\/\/noticiasveracruz.com\/index.php\/wp-json\/wp\/v2\/posts"}],"about":[{"href":"https:\/\/noticiasveracruz.com\/index.php\/wp-json\/wp\/v2\/types\/post"}],"author":[{"embeddable":true,"href":"https:\/\/noticiasveracruz.com\/index.php\/wp-json\/wp\/v2\/users\/4"}],"replies":[{"embeddable":true,"href":"https:\/\/noticiasveracruz.com\/index.php\/wp-json\/wp\/v2\/comments?post=20687"}],"version-history":[{"count":0,"href":"https:\/\/noticiasveracruz.com\/index.php\/wp-json\/wp\/v2\/posts\/20687\/revisions"}],"wp:featuredmedia":[{"embeddable":true,"href":"https:\/\/noticiasveracruz.com\/index.php\/wp-json\/wp\/v2\/media\/20688"}],"wp:attachment":[{"href":"https:\/\/noticiasveracruz.com\/index.php\/wp-json\/wp\/v2\/media?parent=20687"}],"wp:term":[{"taxonomy":"category","embeddable":true,"href":"https:\/\/noticiasveracruz.com\/index.php\/wp-json\/wp\/v2\/categories?post=20687"},{"taxonomy":"post_tag","embeddable":true,"href":"https:\/\/noticiasveracruz.com\/index.php\/wp-json\/wp\/v2\/tags?post=20687"}],"curies":[{"name":"wp","href":"https:\/\/api.w.org\/{rel}","templated":true}]}}