{"id":20683,"date":"2023-11-20T12:28:09","date_gmt":"2023-11-20T18:28:09","guid":{"rendered":"https:\/\/noticiasveracruz.com\/?p=20683"},"modified":"2023-11-20T12:28:09","modified_gmt":"2023-11-20T18:28:09","slug":"amlo-y-mauricio-vila-inauguran-parque-metropolitano-en-yucatan","status":"publish","type":"post","link":"https:\/\/noticiasveracruz.com\/index.php\/2023\/11\/20\/amlo-y-mauricio-vila-inauguran-parque-metropolitano-en-yucatan\/","title":{"rendered":"AMLO y Mauricio Vila inauguran parque metropolitano en Yucat\u00e1n"},"content":{"rendered":"<p><span style=\"font-size: 14pt;\">M\u00e9rida, Yuc.- El presidente L\u00f3pez Obrador y el gobernador Mauricia Vila cumplieron esta ma\u00f1ana un anhelo de los yucatecos: inauguraron el Gran Parque La Plancha, el parque metropolitano m\u00e1s grande de Yucat\u00e1n, ejemplo del trabajo coordinado de los tres niveles de gobierno.<\/span><\/p>\n<p class=\"western\"><span style=\"font-size: 14pt;\">Durante el acto protocolario, efectuado en los terrenos de la antigua zona ferrocarrilera enclavada en el centro de la capital yucateca, el gobernador Vila Dosal manifest\u00f3 que hoy es un d\u00eda de fiesta en Yucat\u00e1n, pues se cumple un anhelo de los yucatecos de m\u00e1s de 30 a\u00f1os para recuperar un terreno que estaba abandonado, que era foco de infecci\u00f3n y que era un lugar que generaba inseguridad e inestabilidad para transformarlo en un gran espacio de convivencia familiar.<\/span><\/p>\n<p><img loading=\"lazy\" decoding=\"async\" class=\"alignnone size-medium wp-image-20685\" src=\"http:\/\/noticiasveracruz.com\/wp-content\/uploads\/2023\/11\/f-vpg05w0aaiixb_1-7551960_20231120011007-300x152.png\" alt=\"\" width=\"300\" height=\"152\" srcset=\"https:\/\/noticiasveracruz.com\/wp-content\/uploads\/2023\/11\/f-vpg05w0aaiixb_1-7551960_20231120011007-300x152.png 300w, https:\/\/noticiasveracruz.com\/wp-content\/uploads\/2023\/11\/f-vpg05w0aaiixb_1-7551960_20231120011007.png 680w\" sizes=\"auto, (max-width: 300px) 100vw, 300px\" \/><\/p>\n<p class=\"western\"><span style=\"font-size: 14pt;\">Gracias a su disposici\u00f3n y a su sensibilidad hoy este proyecto es una realidad, se\u00f1al\u00f3 el gobernador en presencia del General Luis Crescencio Sandoval Gonz\u00e1lez, Secretario de la Defensa Nacional del Gobierno de M\u00e9xico, al tiempo de recordar que estos terrenos iban a ser destinados para los cuarteles de la Guardia Nacional y que se acerc\u00f3 al presidente L\u00f3pez Obrador para platicarle de este deseo que ten\u00edan los yucatecos de contar con un gran espacio de convivencia familiar.<\/span><\/p>\n<p class=\"western\"><span style=\"font-size: 14pt;\">Durante su intervenci\u00f3n el presidente L\u00f3pez Obrador elogi\u00f3 el trabajo coordinado del gobernador Mauricio Vila y record\u00f3 su insistencia para lograr la ampliaci\u00f3n del suministro de gas natural y la ampliaci\u00f3n del gasoducto, las plantas de ciclo combinado y la ampliaci\u00f3n del puerto de Altura, entre otras.<\/span><\/p>\n<p class=\"western\"><span style=\"font-size: 14pt;\">Agreg\u00f3 que no culminar\u00e1 la administraci\u00f3n sin antes concluir el Hospital O Hor\u00e1n que va a ser que el hospital m\u00e1s grande de M\u00e9xico y de todo el Pa\u00eds, para la atenci\u00f3n de m\u00e1s pacientes; haciendo valer el derecho del pueblo a la salud.<\/span><\/p>\n","protected":false},"excerpt":{"rendered":"<p>M\u00e9rida, Yuc.- El presidente L\u00f3pez Obrador y el gobernador Mauricia Vila cumplieron esta ma\u00f1ana un anhelo de los yucatecos: inauguraron<\/p>\n","protected":false},"author":4,"featured_media":20684,"comment_status":"closed","ping_status":"closed","sticky":false,"template":"","format":"standard","meta":{"colormag_page_container_layout":"default_layout","colormag_page_sidebar_layout":"default_layout","_jetpack_memberships_contains_paid_content":false,"footnotes":"","jetpack_publicize_message":"","jetpack_publicize_feature_enabled":true,"jetpack_social_post_already_shared":true,"jetpack_social_options":{"image_generator_settings":{"template":"highway","default_image_id":0,"font":"","enabled":false},"version":2}},"categories":[145],"tags":[],"class_list":["post-20683","post","type-post","status-publish","format-standard","has-post-thumbnail","hentry","category-estados"],"jetpack_publicize_connections":[],"jetpack_featured_media_url":"https:\/\/noticiasveracruz.com\/wp-content\/uploads\/2023\/11\/3036417.jpg","jetpack_sharing_enabled":true,"publishpress_future_action":{"enabled":false,"date":"2026-05-07 18:47:34","action":"change-status","newStatus":"draft","terms":[],"taxonomy":"category","extraData":[]},"publishpress_future_workflow_manual_trigger":{"enabledWorkflows":[]},"_links":{"self":[{"href":"https:\/\/noticiasveracruz.com\/index.php\/wp-json\/wp\/v2\/posts\/20683","targetHints":{"allow":["GET"]}}],"collection":[{"href":"https:\/\/noticiasveracruz.com\/index.php\/wp-json\/wp\/v2\/posts"}],"about":[{"href":"https:\/\/noticiasveracruz.com\/index.php\/wp-json\/wp\/v2\/types\/post"}],"author":[{"embeddable":true,"href":"https:\/\/noticiasveracruz.com\/index.php\/wp-json\/wp\/v2\/users\/4"}],"replies":[{"embeddable":true,"href":"https:\/\/noticiasveracruz.com\/index.php\/wp-json\/wp\/v2\/comments?post=20683"}],"version-history":[{"count":0,"href":"https:\/\/noticiasveracruz.com\/index.php\/wp-json\/wp\/v2\/posts\/20683\/revisions"}],"wp:featuredmedia":[{"embeddable":true,"href":"https:\/\/noticiasveracruz.com\/index.php\/wp-json\/wp\/v2\/media\/20684"}],"wp:attachment":[{"href":"https:\/\/noticiasveracruz.com\/index.php\/wp-json\/wp\/v2\/media?parent=20683"}],"wp:term":[{"taxonomy":"category","embeddable":true,"href":"https:\/\/noticiasveracruz.com\/index.php\/wp-json\/wp\/v2\/categories?post=20683"},{"taxonomy":"post_tag","embeddable":true,"href":"https:\/\/noticiasveracruz.com\/index.php\/wp-json\/wp\/v2\/tags?post=20683"}],"curies":[{"name":"wp","href":"https:\/\/api.w.org\/{rel}","templated":true}]}}