{"id":20627,"date":"2023-11-19T13:42:11","date_gmt":"2023-11-19T19:42:11","guid":{"rendered":"https:\/\/noticiasveracruz.com\/?p=20627"},"modified":"2023-11-19T13:42:11","modified_gmt":"2023-11-19T19:42:11","slug":"operativo-de-cierre-vial","status":"publish","type":"post","link":"https:\/\/noticiasveracruz.com\/index.php\/2023\/11\/19\/operativo-de-cierre-vial\/","title":{"rendered":"Operativo de cierre vial"},"content":{"rendered":"<p><span style=\"font-size: 14pt;\">El H. Ayuntamiento de Tuxpan informa que, el pr\u00f3ximo lunes 20 de noviembre, la Direcci\u00f3n de Tr\u00e1nsito Municipal implementar\u00e1 un operativo de cierre vial para llevar a cabo el desfile conmemorativo por el 113 aniversario del inicio de la Revoluci\u00f3n Mexicana.<\/span><\/p>\n<p><img loading=\"lazy\" decoding=\"async\" class=\"alignnone  wp-image-20629\" src=\"http:\/\/noticiasveracruz.com\/wp-content\/uploads\/2023\/11\/WhatsApp-Image-2023-11-19-at-10.18.00-300x251.jpeg\" alt=\"\" width=\"420\" height=\"351\" srcset=\"https:\/\/noticiasveracruz.com\/wp-content\/uploads\/2023\/11\/WhatsApp-Image-2023-11-19-at-10.18.00-300x251.jpeg 300w, https:\/\/noticiasveracruz.com\/wp-content\/uploads\/2023\/11\/WhatsApp-Image-2023-11-19-at-10.18.00-1024x858.jpeg 1024w, https:\/\/noticiasveracruz.com\/wp-content\/uploads\/2023\/11\/WhatsApp-Image-2023-11-19-at-10.18.00-768x644.jpeg 768w, https:\/\/noticiasveracruz.com\/wp-content\/uploads\/2023\/11\/WhatsApp-Image-2023-11-19-at-10.18.00-1536x1287.jpeg 1536w, https:\/\/noticiasveracruz.com\/wp-content\/uploads\/2023\/11\/WhatsApp-Image-2023-11-19-at-10.18.00.jpeg 1600w\" sizes=\"auto, (max-width: 420px) 100vw, 420px\" \/><\/p>\n<p><span style=\"font-size: 14pt;\">Este cierre iniciar\u00e1 a las 7:00 de la ma\u00f1ana y comprende los bulevares Demetrio Ruiz Malerva, Jes\u00fas Reyes Heroles e Independencia, desde la calle Matamoros hasta la calle 15 de Septiembre. la circulaci\u00f3n reabrir\u00e1 una vez que termine el recorrido.<\/span><\/p>\n<p><span style=\"font-size: 14pt;\">As\u00ed mismo, se hace de su conocimiento que el desfile comenzar\u00e1 a las 9:00 a.m.<\/span><\/p>\n<p><span style=\"font-size: 14pt;\">Se recomienda a la poblaci\u00f3n tener en cuenta esta informaci\u00f3n y tomar vialidades alternas para evitar contratiempos.<\/span><\/p>\n","protected":false},"excerpt":{"rendered":"<p>El H. Ayuntamiento de Tuxpan informa que, el pr\u00f3ximo lunes 20 de noviembre, la Direcci\u00f3n de Tr\u00e1nsito Municipal implementar\u00e1 un<\/p>\n","protected":false},"author":4,"featured_media":20628,"comment_status":"closed","ping_status":"closed","sticky":false,"template":"","format":"standard","meta":{"colormag_page_container_layout":"default_layout","colormag_page_sidebar_layout":"default_layout","_jetpack_memberships_contains_paid_content":false,"footnotes":"","jetpack_publicize_message":"","jetpack_publicize_feature_enabled":true,"jetpack_social_post_already_shared":true,"jetpack_social_options":{"image_generator_settings":{"template":"highway","default_image_id":0,"font":"","enabled":false},"version":2}},"categories":[145],"tags":[],"class_list":["post-20627","post","type-post","status-publish","format-standard","has-post-thumbnail","hentry","category-estados"],"jetpack_publicize_connections":[],"jetpack_featured_media_url":"https:\/\/noticiasveracruz.com\/wp-content\/uploads\/2023\/11\/oficiales-de-transito-retomaran-presencia-en-escuelas-de-tuxpan-451898.jpeg","jetpack_sharing_enabled":true,"publishpress_future_action":{"enabled":false,"date":"2026-05-07 04:24:36","action":"change-status","newStatus":"draft","terms":[],"taxonomy":"category","extraData":[]},"publishpress_future_workflow_manual_trigger":{"enabledWorkflows":[]},"_links":{"self":[{"href":"https:\/\/noticiasveracruz.com\/index.php\/wp-json\/wp\/v2\/posts\/20627","targetHints":{"allow":["GET"]}}],"collection":[{"href":"https:\/\/noticiasveracruz.com\/index.php\/wp-json\/wp\/v2\/posts"}],"about":[{"href":"https:\/\/noticiasveracruz.com\/index.php\/wp-json\/wp\/v2\/types\/post"}],"author":[{"embeddable":true,"href":"https:\/\/noticiasveracruz.com\/index.php\/wp-json\/wp\/v2\/users\/4"}],"replies":[{"embeddable":true,"href":"https:\/\/noticiasveracruz.com\/index.php\/wp-json\/wp\/v2\/comments?post=20627"}],"version-history":[{"count":0,"href":"https:\/\/noticiasveracruz.com\/index.php\/wp-json\/wp\/v2\/posts\/20627\/revisions"}],"wp:featuredmedia":[{"embeddable":true,"href":"https:\/\/noticiasveracruz.com\/index.php\/wp-json\/wp\/v2\/media\/20628"}],"wp:attachment":[{"href":"https:\/\/noticiasveracruz.com\/index.php\/wp-json\/wp\/v2\/media?parent=20627"}],"wp:term":[{"taxonomy":"category","embeddable":true,"href":"https:\/\/noticiasveracruz.com\/index.php\/wp-json\/wp\/v2\/categories?post=20627"},{"taxonomy":"post_tag","embeddable":true,"href":"https:\/\/noticiasveracruz.com\/index.php\/wp-json\/wp\/v2\/tags?post=20627"}],"curies":[{"name":"wp","href":"https:\/\/api.w.org\/{rel}","templated":true}]}}