{"id":20624,"date":"2023-11-18T21:31:08","date_gmt":"2023-11-19T03:31:08","guid":{"rendered":"https:\/\/noticiasveracruz.com\/?p=20624"},"modified":"2023-11-18T21:31:08","modified_gmt":"2023-11-19T03:31:08","slug":"medina-mora-corrupcion-en-la-corte-zaldivar-dignidad-en-la-corte","status":"publish","type":"post","link":"https:\/\/noticiasveracruz.com\/index.php\/2023\/11\/18\/medina-mora-corrupcion-en-la-corte-zaldivar-dignidad-en-la-corte\/","title":{"rendered":"Medina Mora, corrupci\u00f3n en la Corte, Zaldivar, dignidad en la Corte"},"content":{"rendered":"<p><span style=\"font-size: 14pt;\"><strong>Por Jose Lima Cobos<\/strong><\/span><\/p>\n<p><span style=\"font-size: 14pt;\">Si el Presidente de la Rep\u00fablica tiene la facultad indeclinable de proponer a los ministros que integrar\u00e1n la Suprema Corte de Justicia, la oposici\u00f3n, con mucho rencor y enojo quieren que ya no lo haga, aunque as\u00ed lo disponga la Constituci\u00f3n, sin embargo, se niegan a que esos servidores p\u00fablicos se elijan democr\u00e1ticamente, es decir, la negativa solo por la negativa sin que existan razones para impedirla, en s\u00edntesis, a quien se proclama como democr\u00e1tica, quieren que renuncie a ese privilegio, como es \u00a0que sea el ciudadano, \u00a0con su voto el \u00a0que determine quienes tienen que ser los jueces, ministros y magistrados y se expulse la negociaci\u00f3n que es corrupci\u00f3n, o el dedo presidencial del que ahora se cuestiona.<\/span><\/p>\n<p><span style=\"font-size: 14pt;\">Los insultos de los senadores de la oposici\u00f3n, integrados en el PRIAN , en contra de \u00a0Arturo Zald\u00edvar que renuncia por dignidad a no querer estar m\u00e1s al servicio de la corrupci\u00f3n de la Suprema Corte \u00a0as\u00ed lo \u00a0advierte en su renuncia para indicar que quiere estar al lado de la historia, es porque, si bien tarde, se dio cuenta que el proyecto que enarbola el presidente L\u00f3pez Obrador, est\u00e1 vinculado estrechamente a la naci\u00f3n y ajeno a los intereses corruptos y corruptores de sus actuales integrantes, como ha quedado demostrado con las resoluciones que se han encaminado, todas, ha afectar los bienes de la naci\u00f3n y el bienestar de las mayor\u00edas.<\/span><\/p>\n<p><span style=\"font-size: 14pt;\">Casos elocuentes est\u00e1n a la vista, pues dos de los ministros propuestos recientemente han sido se\u00f1alados por el propio presidente de la rep\u00fablica como traidores y \u00a0\u201cconservas\u201d que, conociendo el proyecto que viene ha profundizar en los cambios del pa\u00eds, han sido obstaculizados por los ministros Gonz\u00e1lez y Ortiz Farjat; el primero que violando la Constituci\u00f3n en el desafuero que \u00a0determin\u00f3 el Congreso de la Uni\u00f3n en contra del gobernador Cabeza de Vaca, al dejar sin efectos una orden de aprehensi\u00f3n por delitos graves previstos en el art\u00edculo 20 constitucional y ante los antecedentes que los recientes tres gobernadores de Tamaulipas est\u00e1n detenidos\u00a0 o andan \u201ca salto de mata\u201d, lo que confirma que los ministros est\u00e1n vinculados a delincuentes.<\/span><\/p>\n<p><span style=\"font-size: 14pt;\">La causa suficiente del ministro Zald\u00edvar para renunciar es m\u00e1s\u00a0 que suficiente, cuando afirma \u00a0que se suma a la causa de la transformaci\u00f3n, aunque \u00a0un llamado grupo plural encabezado por Germ\u00e1n Mart\u00ednez, que nadie se explica como el candidato de L\u00f3pez Obrador permiti\u00f3 que Morena lo postulara como senador de la rep\u00fablica y luego lo design\u00f3 como director del seguro social -y Claudia Anaya y Dami\u00e1n Zepeda, lo acusaron de sumiso y que se quit\u00f3 la careta- cosa que no ha hecho del todo la oposici\u00f3n, pues navegan, entre\u00a0 la corrupci\u00f3n y su hipocres\u00eda, y les ha redituado, pues la pitanza estatal es dorada y estar fuera del presupuesto es un error.<\/span><\/p>\n<p><span style=\"font-size: 14pt;\">La diferencia abismal entre la renuncia de Zald\u00edvar y\u00a0 Medina Mora\u00a0 evidencia una complicidad extrema de la oposici\u00f3n, pues mientras aquel lo hace por dignidad, este se escuda en la corrupci\u00f3n que envuelve a la corte, porque si lleg\u00f3 a la misma viol\u00e1ndose el art\u00edculo 94 constitucional, -no\u00a0 radicaba en el pa\u00eds seis meses antes, pues su estancia en Inglaterra y Estados Unidos lo inhabilitaba, aunque de la manga ancha se hayan sacado el cuento que no perd\u00eda su radicaci\u00f3n- interpretaci\u00f3n criminal de la constituci\u00f3n al aplicarle el c\u00f3digo civil que habla de que no se pierde la residencia si se ocupa un cargo, lo peor, aunque no lo sea para los constitucionalistas adocenados, \u00a0que luego se fuga \u00a0como ministro de la corte y nadie diga nada, solo porque se le detect\u00f3 enriquecimiento con recursos de procedencia il\u00edcita, es decir, la ancheta amplia para la corrupci\u00f3n y estrecha para la dignidad de quien de manera abierta se niega a seguir siendo c\u00f3mplice o complaciente con un sistema que se tiene que erradicar, pues visto est\u00e1 que el PRI,pan y prd, con su pacto de lealtad contra el pa\u00eds es m\u00e1s que evidente porque a toda consta se quiere volver al ominoso atraco\u00a0 y saqueo de la naci\u00f3n.\u00a0\u00a0\u00a0\u00a0\u00a0\u00a0\u00a0\u00a0\u00a0\u00a0\u00a0\u00a0\u00a0\u00a0\u00a0\u00a0\u00a0\u00a0\u00a0\u00a0\u00a0 \u00a0\u00a0\u00a0\u00a0\u00a0\u00a0\u00a0\u00a0\u00a0\u00a0\u00a0\u00a0\u00a0\u00a0\u00a0 \u00a0\u00a0\u00a0\u00a0\u00a0\u00a0\u00a0\u00a0\u00a0\u00a0\u00a0\u00a0\u00a0\u00a0\u00a0<\/span><\/p>\n<p><span style=\"font-size: 14pt;\">Magnifico ser\u00eda que los ministros Gonz\u00e1lez Carranca y Ort\u00edz, -traidores a la transformaci\u00f3n- se les llamara en el Senado para que informen si estaban enterados del proyecto de naci\u00f3n que anunci\u00f3 el presidente de la rep\u00fablica y revisarles su conducta en la Corte, pues c\u00f3modamente perciben sueldos de m\u00e1s de setecientos mil pesos y tienen m\u00e1s de 42 privilegios, seg\u00fan lo apunt\u00f3 en el senado Monreal, lo que es contrario a lo que prescribe el art\u00edculo 127 constitucional, la ley de austeridad republicana y la ley federal de contabilidad y responsabilidad hacendaria, violaciones que no hacen referencia en ning\u00fan momento y que las condenas de las cortes internacionales contra M\u00e9xico radica en la responsabilidad de los jueces, ministros y magistrados y de eso no se habla.<\/span><\/p>\n<p><span style=\"font-size: 14pt;\">Ser\u00eda prudente que se les llamara a cuenta, con los expedientes a la vista, en la que seg\u00fan ellos hablan de su conducta justiciera y exhibirlos como lo que aut\u00e9nticamente son, porque si fuera lo contrario ninguna necesidad tendr\u00eda el Estado, que representa el presidente de la republica de poner su cara de banqueta ante las violaciones a los derechos humanos que ese tribunal comete y, si se quiere algo enunciativo, salvo Ayotzinapa, donde un colegiado conden\u00f3 al estado a esclarecerlo, los que existen, dan pena ajena, que de ninguna ruboriza a los ministros, magistrados y\u00a0 jueces que, siguen con su toga y birrete.<\/span><\/p>\n<p><img loading=\"lazy\" decoding=\"async\" class=\"alignnone wp-image-20600 size-full\" src=\"http:\/\/noticiasveracruz.com\/wp-content\/uploads\/2023\/11\/FIRMA-EDITORIAL-PD-2.jpg\" alt=\"\" width=\"1024\" height=\"125\" srcset=\"https:\/\/noticiasveracruz.com\/wp-content\/uploads\/2023\/11\/FIRMA-EDITORIAL-PD-2.jpg 1024w, https:\/\/noticiasveracruz.com\/wp-content\/uploads\/2023\/11\/FIRMA-EDITORIAL-PD-2-300x37.jpg 300w, https:\/\/noticiasveracruz.com\/wp-content\/uploads\/2023\/11\/FIRMA-EDITORIAL-PD-2-768x94.jpg 768w\" sizes=\"auto, (max-width: 1024px) 100vw, 1024px\" \/><\/p>\n<p>&nbsp;<\/p>\n","protected":false},"excerpt":{"rendered":"<p>Por Jose Lima Cobos Si el Presidente de la Rep\u00fablica tiene la facultad indeclinable de proponer a los ministros que<\/p>\n","protected":false},"author":4,"featured_media":1113,"comment_status":"closed","ping_status":"closed","sticky":false,"template":"","format":"standard","meta":{"colormag_page_container_layout":"default_layout","colormag_page_sidebar_layout":"default_layout","_jetpack_memberships_contains_paid_content":false,"footnotes":"","jetpack_publicize_message":"","jetpack_publicize_feature_enabled":true,"jetpack_social_post_already_shared":true,"jetpack_social_options":{"image_generator_settings":{"template":"highway","default_image_id":0,"font":"","enabled":false},"version":2}},"categories":[6],"tags":[],"class_list":["post-20624","post","type-post","status-publish","format-standard","has-post-thumbnail","hentry","category-columnistas"],"jetpack_publicize_connections":[],"jetpack_featured_media_url":"https:\/\/noticiasveracruz.com\/wp-content\/uploads\/2022\/01\/NV-JOSE\u0301-LUIS-COBOS.png","jetpack_sharing_enabled":true,"publishpress_future_action":{"enabled":false,"date":"2026-05-07 05:15:21","action":"change-status","newStatus":"draft","terms":[],"taxonomy":"category","extraData":[]},"publishpress_future_workflow_manual_trigger":{"enabledWorkflows":[]},"_links":{"self":[{"href":"https:\/\/noticiasveracruz.com\/index.php\/wp-json\/wp\/v2\/posts\/20624","targetHints":{"allow":["GET"]}}],"collection":[{"href":"https:\/\/noticiasveracruz.com\/index.php\/wp-json\/wp\/v2\/posts"}],"about":[{"href":"https:\/\/noticiasveracruz.com\/index.php\/wp-json\/wp\/v2\/types\/post"}],"author":[{"embeddable":true,"href":"https:\/\/noticiasveracruz.com\/index.php\/wp-json\/wp\/v2\/users\/4"}],"replies":[{"embeddable":true,"href":"https:\/\/noticiasveracruz.com\/index.php\/wp-json\/wp\/v2\/comments?post=20624"}],"version-history":[{"count":0,"href":"https:\/\/noticiasveracruz.com\/index.php\/wp-json\/wp\/v2\/posts\/20624\/revisions"}],"wp:featuredmedia":[{"embeddable":true,"href":"https:\/\/noticiasveracruz.com\/index.php\/wp-json\/wp\/v2\/media\/1113"}],"wp:attachment":[{"href":"https:\/\/noticiasveracruz.com\/index.php\/wp-json\/wp\/v2\/media?parent=20624"}],"wp:term":[{"taxonomy":"category","embeddable":true,"href":"https:\/\/noticiasveracruz.com\/index.php\/wp-json\/wp\/v2\/categories?post=20624"},{"taxonomy":"post_tag","embeddable":true,"href":"https:\/\/noticiasveracruz.com\/index.php\/wp-json\/wp\/v2\/tags?post=20624"}],"curies":[{"name":"wp","href":"https:\/\/api.w.org\/{rel}","templated":true}]}}