{"id":20621,"date":"2023-11-18T12:56:30","date_gmt":"2023-11-18T18:56:30","guid":{"rendered":"https:\/\/noticiasveracruz.com\/?p=20621"},"modified":"2023-11-18T12:56:30","modified_gmt":"2023-11-18T18:56:30","slug":"actividades-culturales-generan-1-4-millones-de-empleos-segun-el-inegi","status":"publish","type":"post","link":"https:\/\/noticiasveracruz.com\/index.php\/2023\/11\/18\/actividades-culturales-generan-1-4-millones-de-empleos-segun-el-inegi\/","title":{"rendered":"Actividades culturales generan 1.4 millones de empleos, seg\u00fan el Inegi"},"content":{"rendered":"<div class=\"col col1\">\n<p class=\"s-s\"><span style=\"font-size: 14pt;\">El sector de la cultura aport\u00f3 2.9 por ciento de la econom\u00eda mexicana en 2022, pues el producto interno bruto (PIB) generado por los bienes y servicios sum\u00f3 815 mil 902 millones de pesos, inform\u00f3 este viernes el Instituto Nacional de Estad\u00edstica y Geograf\u00eda (Inegi).<\/span><\/p>\n<p><span style=\"font-size: 14pt;\">El organismo aut\u00f3nomo detall\u00f3 que las \u00e1reas con mayor contribuci\u00f3n al PIB del sector fueron las artesan\u00edas, que generaron 19.3 por ciento; los contenidos digitales e Internet \u2013como el acceso y la transmisi\u00f3n de contenidos digitales\u2013 contribuyeron con 18.6 por ciento; los medios audiovisuales, como televisi\u00f3n o cine, aportaron 18 por ciento, y la participaci\u00f3n del dise\u00f1o y servicios creativos fue de 12.8 por ciento.<\/span><\/p>\n<p><span style=\"font-size: 14pt;\">Por etapas del ciclo cultural, el PIB del sector se conform\u00f3 por creaci\u00f3n, que se refiere a las actividades como propiedad intelectual, que contribuy\u00f3 con 15.9 por ciento; producci\u00f3n, con 14.7 por ciento; transmisi\u00f3n y difusi\u00f3n \u2013como espect\u00e1culos en vivo o radiodifusi\u00f3n\u2013 aport\u00f3 35.7 por ciento; consumo, 22.3 por ciento; preservaci\u00f3n, 3.6, y formaci\u00f3n \u2013como la educaci\u00f3n relacionada con el sector cultural\u2014 aport\u00f3 7.8 por ciento.\u00a0<\/span><\/p>\n<p class=\"sumario\"><span style=\"font-size: 14pt;\"><strong>El sector gener\u00f3 m\u00e1s de un mill\u00f3n 494 mil plazas<\/strong><\/span><\/p>\n<p class=\"s-s\"><span style=\"font-size: 14pt;\">En el a\u00f1o de referencia, las \u00e1reas del sector cultura con mayor crecimiento fueron artes visuales y pl\u00e1sticas, con 37.5 por ciento; medios audiovisuales, con 27.4 por ciento; artes esc\u00e9nicas y espect\u00e1culos, con 26; libros, impresiones y prensa, con 14.9; patrimonio cultural y natural, con 14.6, y dise\u00f1o y servicios creativos, con 10.6 por ciento. El resto de las \u00e1reas del sector presentaron crecimientos menores a 10 por ciento.<\/span><\/p>\n<\/div>\n<div class=\"col col2\">\n<p><span style=\"font-size: 14pt;\">El Inegi se\u00f1al\u00f3 que el a\u00f1o pasado, las actividades econ\u00f3micas del sector cultural generaron m\u00e1s de un mill\u00f3n 494 mil puestos de trabajo, dato que representa 3.6 por ciento del total nacional.<\/span><\/p>\n<p><span style=\"font-size: 14pt;\">Adem\u00e1s, se observ\u00f3 un incremento de 2.5 por ciento en dicho a\u00f1o, lo que representa un aumento de 36 mil 725 puestos respecto a 2021.<\/span><\/p>\n<p><span style=\"font-size: 14pt;\">Las \u00e1reas que generan mayor aportaci\u00f3n a los puestos de trabajo del sector cultural son las artesan\u00edas que generaron 31.4 por ciento; el dise\u00f1o y los servicios creativos aportaron 14.1 por ciento; los medios audiovisuales, 12.4 por ciento y los libros, impresiones y prensa, 8.3 por ciento del sector.<\/span><\/p>\n<\/div>\n","protected":false},"excerpt":{"rendered":"<p>El sector de la cultura aport\u00f3 2.9 por ciento de la econom\u00eda mexicana en 2022, pues el producto interno bruto<\/p>\n","protected":false},"author":4,"featured_media":20622,"comment_status":"closed","ping_status":"closed","sticky":false,"template":"","format":"standard","meta":{"colormag_page_container_layout":"default_layout","colormag_page_sidebar_layout":"default_layout","_jetpack_memberships_contains_paid_content":false,"footnotes":"","jetpack_publicize_message":"","jetpack_publicize_feature_enabled":true,"jetpack_social_post_already_shared":true,"jetpack_social_options":{"image_generator_settings":{"template":"highway","default_image_id":0,"font":"","enabled":false},"version":2}},"categories":[1947],"tags":[],"class_list":["post-20621","post","type-post","status-publish","format-standard","has-post-thumbnail","hentry","category-economia"],"jetpack_publicize_connections":[],"jetpack_featured_media_url":"https:\/\/noticiasveracruz.com\/wp-content\/uploads\/2023\/11\/31052022-KARINA-Flavio-Gonzalez-Mello-1.jpg","jetpack_sharing_enabled":true,"publishpress_future_action":{"enabled":false,"date":"2026-05-07 06:12:07","action":"change-status","newStatus":"draft","terms":[],"taxonomy":"category","extraData":[]},"publishpress_future_workflow_manual_trigger":{"enabledWorkflows":[]},"_links":{"self":[{"href":"https:\/\/noticiasveracruz.com\/index.php\/wp-json\/wp\/v2\/posts\/20621","targetHints":{"allow":["GET"]}}],"collection":[{"href":"https:\/\/noticiasveracruz.com\/index.php\/wp-json\/wp\/v2\/posts"}],"about":[{"href":"https:\/\/noticiasveracruz.com\/index.php\/wp-json\/wp\/v2\/types\/post"}],"author":[{"embeddable":true,"href":"https:\/\/noticiasveracruz.com\/index.php\/wp-json\/wp\/v2\/users\/4"}],"replies":[{"embeddable":true,"href":"https:\/\/noticiasveracruz.com\/index.php\/wp-json\/wp\/v2\/comments?post=20621"}],"version-history":[{"count":0,"href":"https:\/\/noticiasveracruz.com\/index.php\/wp-json\/wp\/v2\/posts\/20621\/revisions"}],"wp:featuredmedia":[{"embeddable":true,"href":"https:\/\/noticiasveracruz.com\/index.php\/wp-json\/wp\/v2\/media\/20622"}],"wp:attachment":[{"href":"https:\/\/noticiasveracruz.com\/index.php\/wp-json\/wp\/v2\/media?parent=20621"}],"wp:term":[{"taxonomy":"category","embeddable":true,"href":"https:\/\/noticiasveracruz.com\/index.php\/wp-json\/wp\/v2\/categories?post=20621"},{"taxonomy":"post_tag","embeddable":true,"href":"https:\/\/noticiasveracruz.com\/index.php\/wp-json\/wp\/v2\/tags?post=20621"}],"curies":[{"name":"wp","href":"https:\/\/api.w.org\/{rel}","templated":true}]}}