{"id":20618,"date":"2023-11-18T12:52:22","date_gmt":"2023-11-18T18:52:22","guid":{"rendered":"https:\/\/noticiasveracruz.com\/?p=20618"},"modified":"2023-11-18T12:52:22","modified_gmt":"2023-11-18T18:52:22","slug":"se-manifiestan-en-espana-contra-nuevo-gobierno-de-izquierdas","status":"publish","type":"post","link":"https:\/\/noticiasveracruz.com\/index.php\/2023\/11\/18\/se-manifiestan-en-espana-contra-nuevo-gobierno-de-izquierdas\/","title":{"rendered":"Se manifiestan en Espa\u00f1a contra nuevo gobierno de izquierdas"},"content":{"rendered":"<p class=\"western\" lang=\"en-US\"><span style=\"font-size: 14pt;\">Centenares de miles de personas se manifestaron por las calles de Madrid en el marco de las protestas convocadas por la derecha y la extrema derecha espa\u00f1olas para repudiar al nuevo gobierno de coalici\u00f3n de izquierdas, que preside el socialista Pedro S\u00e1nchez, y a su pacto de alianzas estrat\u00e9gicas con los partidos independentistas vascos, catalanes y gallegos. La protesta de este s\u00e1bado es la m\u00e1s multitudinaria hasta ahora desde que un sector de la poblaci\u00f3n espa\u00f1ola, el m\u00e1s conservador, decidi\u00f3 expresar en la calle su indignaci\u00f3n y rabia ante cuatro a\u00f1os de gobierno de la izquierda.<\/span><\/p>\n<p class=\"western\" lang=\"en-US\"><span style=\"font-size: 14pt;\">Con las consignas que se han popularizado en los \u00faltimos d\u00edas, como \u201cPedro S\u00e1nchez, hijo de puta\u201d, \u201cPuigdemont a prisi\u00f3n\u201d, \u201cNo nos enga\u00f1an, Catalu\u00f1a es Espa\u00f1a\u201d o \u201cUnidad nacional\u201d, las calles del centro de Madrid se volvieron a llenar de ciudadanos indignados, que portaban sus banderas espa\u00f1olas o carteles en los que se atacaba directamente a la figura de S\u00e1nchez o de sus aliados en el Parlamento. Seg\u00fan la Delegaci\u00f3n del gobierno en Madrid, que depende de la administraci\u00f3n central, la manifestaci\u00f3n congreg\u00f3 a m\u00e1s de 170 mil personas, m\u00e1s de 100 mil que la registrada el domingo pasado y si se toma como referencia el calculo de esta dependencia oficial.<\/span><\/p>\n<p class=\"western\" lang=\"en-US\"><span style=\"font-size: 14pt;\">En esta ocasi\u00f3n la convocatoria la lanzaron una serie de plataformas de la sociedad civil, algunas de ellas asentadas en Catalu\u00f1a y que se han convertido en los principales opositores al proyecto independentista de los partidos nacionalistas catalanes. Los plataformas que llamaron a esta movilizaci\u00f3n masiva fueron Foro Libertad y Alternativa, Uni\u00f3n 78, Foro Espa\u00f1a C\u00edvica, Catalu\u00f1a Suma, Pie en Pared, S&#8217;ha Acabat!, NEOS, Asociaci\u00f3n por la Tolerancia, Convivencia C\u00edvica Catalana, De Espa\u00f1ol a Espa\u00f1ol por la Constituci\u00f3n, OLE (Otra Ley Electoral), Resiste Espa\u00f1a, Nuevo Esp\u00edritu de Ermua y un centenar de organizaciones m\u00e1s.<\/span><\/p>\n<p class=\"western\" lang=\"en-US\"><span style=\"font-size: 14pt;\">Los pol\u00edticos de la derecha asistieron a la manifestaci\u00f3n, como el l\u00edder de la oposici\u00f3n, Alberto N\u00fa\u00f1ez Feij\u00f3o, del PP, o Santiago Abascal, de Vox, pero ninguno de ellos tom\u00f3 la palabra durante el mitin, que estaba reservado para representantes de la sociedad civil convocante. En cualquier caso, ante los micr\u00f3fonos de la prensa, N\u00fa\u00f1ez Feij\u00f3o, inst\u00f3 a S\u00e1nchez \u201cno levantar muros ni tensionar m\u00e1s a la sociedad porque una cosa es tener el poder y otra muy diferente tener raz\u00f3n\u201d.<\/span><\/p>\n<p class=\"western\" lang=\"en-US\"><span style=\"font-size: 14pt;\">Pero los discursos m\u00e1s aplaudidos fueron lo de los representantes de la sociedad civil, como la catalana Julia Calvet, de la organizaci\u00f3n S\u00b4ha Acabat!, quien apel\u00f3 a \u201clas instituciones con poder suficiente para que act\u00faen: Que no nos abandonen, que levanten el tel\u00e9fono y detengan el golpe\u201d. El escritor y periodista F\u00e9lix Ovejero se\u00f1al\u00f3 que \u201cel PSOE est\u00e1 ideol\u00f3gicamente muerto, y bien muerto. Hoy todo ha cambiado y las leyes las escriben los delincuentes\u201d. El tambi\u00e9n escritor Andr\u00e9s Trapiello advirti\u00f3 que \u201ca Pedro S\u00e1nchez le espera un imposible, convencer a los espa\u00f1oles de que lo blanco es negro. Ya que la amnist\u00eda es una burla moral e indecente. Ese atropello, \u00a1no en mi nombre! Ni amnist\u00eda, ni autodeterminaci\u00f3n\u201d.<\/span><\/p>\n<p class=\"western\" lang=\"en-US\"><span style=\"font-size: 14pt;\">El dramaturgo catal\u00e1n Albert Boadella se\u00f1al\u00f3 por su parte \u201cEspa\u00f1a va camino hacia una dictadura. Y me jode que primero tuve que luchar contra una dictadura militar y ahora tendr\u00e9 que batallar contra una dictadura progre\u201d. El fil\u00f3sofo Fernando Savater cerr\u00f3 los discursos apelando a mantener las movilizaciones ante lo que defini\u00f3 como \u201cel primer paso de una resistencia que tiene que continuar\u201d e ironiz\u00f3 sobre la versi\u00f3n que han dado sobre la ley de amnist\u00eda: \u201c\u00bfA qui\u00e9n le vamos a creer, a Felix Bola\u00f1os (ministro de la Presidencia), al diario El Pa\u00eds (peri\u00f3dico af\u00edn al gobierno y del que \u00e9l mismo el articulista), o a los jueces?\u201d<\/span><\/p>\n<p class=\"western\" lang=\"en-US\"><span style=\"font-size: 14pt;\">Al final de la manifestaci\u00f3n, un grupo de unas 300 personas intentaron protestar frente a las puertas de La Moncloa, la residencia oficial del presidente del gobierno, para lo que llegaron incluso a bloquear durante casi 30 minutos la autopista de comunica Madrid con A Coru\u00f1a, una de las m\u00e1s transitadas de la ciudad. Finalmente la polic\u00eda los disolvi\u00f3 y se liber\u00f3 la circulaci\u00f3n. Tambi\u00e9n se volvieron a registraron concentraciones de centenares de personas en las inmediaciones de la sede central del PSOE en Madrid.\u00a0<\/span><\/p>\n","protected":false},"excerpt":{"rendered":"<p>Centenares de miles de personas se manifestaron por las calles de Madrid en el marco de las protestas convocadas por<\/p>\n","protected":false},"author":4,"featured_media":20619,"comment_status":"closed","ping_status":"closed","sticky":false,"template":"","format":"standard","meta":{"colormag_page_container_layout":"default_layout","colormag_page_sidebar_layout":"default_layout","_jetpack_memberships_contains_paid_content":false,"footnotes":"","jetpack_publicize_message":"","jetpack_publicize_feature_enabled":true,"jetpack_social_post_already_shared":true,"jetpack_social_options":{"image_generator_settings":{"template":"highway","default_image_id":0,"font":"","enabled":false},"version":2}},"categories":[355],"tags":[],"class_list":["post-20618","post","type-post","status-publish","format-standard","has-post-thumbnail","hentry","category-internacional"],"jetpack_publicize_connections":[],"jetpack_featured_media_url":"https:\/\/noticiasveracruz.com\/wp-content\/uploads\/2023\/11\/2023111812124044492.jpg","jetpack_sharing_enabled":true,"publishpress_future_action":{"enabled":false,"date":"2026-05-09 04:08:29","action":"change-status","newStatus":"draft","terms":[],"taxonomy":"category","extraData":[]},"publishpress_future_workflow_manual_trigger":{"enabledWorkflows":[]},"_links":{"self":[{"href":"https:\/\/noticiasveracruz.com\/index.php\/wp-json\/wp\/v2\/posts\/20618","targetHints":{"allow":["GET"]}}],"collection":[{"href":"https:\/\/noticiasveracruz.com\/index.php\/wp-json\/wp\/v2\/posts"}],"about":[{"href":"https:\/\/noticiasveracruz.com\/index.php\/wp-json\/wp\/v2\/types\/post"}],"author":[{"embeddable":true,"href":"https:\/\/noticiasveracruz.com\/index.php\/wp-json\/wp\/v2\/users\/4"}],"replies":[{"embeddable":true,"href":"https:\/\/noticiasveracruz.com\/index.php\/wp-json\/wp\/v2\/comments?post=20618"}],"version-history":[{"count":0,"href":"https:\/\/noticiasveracruz.com\/index.php\/wp-json\/wp\/v2\/posts\/20618\/revisions"}],"wp:featuredmedia":[{"embeddable":true,"href":"https:\/\/noticiasveracruz.com\/index.php\/wp-json\/wp\/v2\/media\/20619"}],"wp:attachment":[{"href":"https:\/\/noticiasveracruz.com\/index.php\/wp-json\/wp\/v2\/media?parent=20618"}],"wp:term":[{"taxonomy":"category","embeddable":true,"href":"https:\/\/noticiasveracruz.com\/index.php\/wp-json\/wp\/v2\/categories?post=20618"},{"taxonomy":"post_tag","embeddable":true,"href":"https:\/\/noticiasveracruz.com\/index.php\/wp-json\/wp\/v2\/tags?post=20618"}],"curies":[{"name":"wp","href":"https:\/\/api.w.org\/{rel}","templated":true}]}}