{"id":20616,"date":"2023-11-18T12:44:22","date_gmt":"2023-11-18T18:44:22","guid":{"rendered":"https:\/\/noticiasveracruz.com\/?p=20616"},"modified":"2023-11-18T12:44:22","modified_gmt":"2023-11-18T18:44:22","slug":"los-dos-proyectos-de-nacion","status":"publish","type":"post","link":"https:\/\/noticiasveracruz.com\/index.php\/2023\/11\/18\/los-dos-proyectos-de-nacion\/","title":{"rendered":"Los dos proyectos de naci\u00f3n"},"content":{"rendered":"<p><span style=\"font-size: 14pt;\"><strong>Por Ricardo Homs<\/strong><\/span><\/p>\n<p><span style=\"font-size: 14pt;\">Si usted piensa que me refiero a las grandes diferencias entre el proyecto de la 4T y el de la oposici\u00f3n, esta vez me refiero a otro\u2026 a los dos que est\u00e1n dentro de la 4T.<\/span><\/p>\n<p><span style=\"font-size: 14pt;\">Si usted cree que el proyecto de Claudia Sheinbaum ser\u00e1 una copia del de Andr\u00e9s Manuel L\u00f3pez Obrador, seguramente no ha analizado este asunto a fondo.<\/span><\/p>\n<p><span style=\"font-size: 14pt;\">El gobierno actual se ha caracterizado por impulsar la consolidaci\u00f3n de los sue\u00f1os pol\u00edticos personales de nuestro presidente, que nacen de sus ideas acumuladas a lo largo de poco m\u00e1s de 40 a\u00f1os, e impuestas ahora desde la presidencia de la rep\u00fablica voluntariosamente al pa\u00eds. Es un proyecto que nace en la visi\u00f3n echeverrista de hace cuatro d\u00e9cadas. No trae una ideolog\u00eda clara, sino los caprichos personales impuestos desde el poder y convertidos hoy en pol\u00edticas p\u00fablicas.<\/span><\/p>\n<p><span style=\"font-size: 14pt;\">Sin embargo, lo que podr\u00eda venir a partir de Claudia Sheinbaum es una nueva versi\u00f3n, &#8211; m\u00e1s radical-, de pol\u00edticas p\u00fablicas de corte socialista cargadas de ideolog\u00eda.<\/span><\/p>\n<p><span style=\"font-size: 14pt;\">En el actual gobierno est\u00e1n incrustados personajes de izquierda radical como el subsecretario de educaci\u00f3n superior Luciano Concheiro, quien en eventos ha declarado: \u201cDebemos proponernos el comunismo como sociedad emancipada de toda explotaci\u00f3n del ser humano\u201d. Sin embargo, en este sexenio no han tenido la oportunidad consolidar su visi\u00f3n ideol\u00f3gica.<\/span><\/p>\n<p><span style=\"font-size: 14pt;\">Es precisamente en la SEP donde se gesta en este sexenio esta visi\u00f3n de izquierda, plasmada por otros dos funcionarios muy cercanos a la casa presidencial, Marx Arriaga y el venezolano, -ex funcionario del gobierno de Nicol\u00e1s Maduro-, Sady Loaiza. Ambos son art\u00edfices de los nuevos libros de texto gratuitos, que pretenden rescatar la trasnochada \u201clucha de clases\u201d.<\/span><\/p>\n<p><span style=\"font-size: 14pt;\">Sin embargo, el nuevo perfil de funcionarios que vendr\u00edan con la candidata Sheinbaum seguramente tendr\u00e1n un tipo m\u00e1s intelectual y muchos de ellos, con formaci\u00f3n acad\u00e9mica de posgrado, lo que les da cercan\u00eda con ideolog\u00edas de fuerte contenido socialista.<\/span><\/p>\n<p><span style=\"font-size: 14pt;\">En cambio, los de hoy, pragm\u00e1ticos y sin ideolog\u00eda, son proclives a la negociaci\u00f3n y a los vicios del poder.<\/span><\/p>\n<p><span style=\"font-size: 14pt;\">El origen de la carrera pol\u00edtica de la virtual candidata de MORENA, Claudia Sheinbaum podr\u00edamos ubicarlo en su participaci\u00f3n en el Consejo Estudiantil Universitario, el CEU, surgido en el seno de la UNAM en octubre de 1986 para oponerse a las reformas estructurales y acad\u00e9micas que planteaba el rector Jorge Carpizo, entre las que se consideraba un aumento en el importe de las colegiaturas, as\u00ed como eliminar el denominado \u201cpase autom\u00e1tico\u201d de bachillerato a licenciatura. Con ella participaron Hugo L\u00f3pez Gatell, -representando a la Facultad de Medicina-, Mart\u00ed Batres, -a la ENEP Acatl\u00e1n-, y Carlos Imaz, -por la Facultad de Ciencias Pol\u00edtica y Sociales-, entre otros.<\/span><\/p>\n<p><span style=\"font-size: 14pt;\">Es evidente que en este sexenio no hemos logrado ver instrumentadas pol\u00edticas socialistas radicales. Adem\u00e1s, la econom\u00eda se ha mantenido s\u00f3lida sobre las bases de pol\u00edticas econ\u00f3micas de tipo neoliberal en un contexto internacional que ha favorecido a nuestro pa\u00eds, lo cual ha generado estabilidad. Adem\u00e1s, la confiscaci\u00f3n de fideicomisos y los ahorros en los presupuestos, han permitido liquidez para sufragar gasto corriente. Sin embargo\u2026 \u00bfQu\u00e9 suceder\u00e1 cuando se agoten los recursos econ\u00f3micos y no haya dinero para pagar los programas sociales?<\/span><\/p>\n<p><span style=\"font-size: 14pt;\">Este gobierno, -m\u00e1s all\u00e1 de la utilizaci\u00f3n de una narrativa ret\u00f3rica-, no ha emprendido cambios radicales. Sin embargo, eso no significa que de llegar a la presidencia Claudia Sheinbaum, -rodeada del sector duro de su partido y funcionarios con un perfil fundamentalista y fuerte motivaci\u00f3n ideol\u00f3gica-, no emprendan acciones dr\u00e1sticas.<\/span><\/p>\n<p><span style=\"font-size: 14pt;\">Creo en la sabidur\u00eda de la frase de Antonio Gramsci: \u201cUn pa\u00eds entra en crisis cuando lo viejo no acaba de morir y lo nuevo no acaba de nacer\u201d.<\/span><\/p>\n<p><span style=\"font-size: 14pt;\">\u00a0Realmente M\u00e9xico requiere un nuevo modelo de gobierno, muy cercano a las necesidades de la sociedad. Pero lo que M\u00e9xico necesita no es un proyecto trasnochado y maquillado como el de la 4T, sino uno nuevo de principio a fin, sin ideolog\u00eda. La ideolog\u00eda es una camisa de fuerza que termina ajustando todo a las pol\u00edticas impuestas desde otros pa\u00edses de izquierda, como el Foro de Sao Paulo o Grupo Puebla, donde participan las dictaduras m\u00e1s longevas de nuestro continente, como son Cuba y Venezuela, a las cuales este gobierno ha estado apoyando con v\u00edveres y petr\u00f3leo mientras niega ayuda a los damnificados del Estado de Guerrero y espec\u00edficamente, de Acapulco.<\/span><\/p>\n<p><span style=\"font-size: 14pt;\">Necesitamos un proyecto de naci\u00f3n \u201cHecho en M\u00e9xico\u201d, para las necesidades y circunstancias de este pa\u00eds.<\/span><\/p>\n<p><span style=\"font-size: 14pt;\">Frente a estos retos los tres partidos de la coalici\u00f3n, PAN, PRI y PRD, -as\u00ed como MC-, deben \u201cponerse las pilas\u201d y entender que por esta vez deben dejar de lado sus intereses partidistas y los particulares de su \u00e9lite y abrirse a candidaturas ciudadanas.<\/span><\/p>\n<p><span style=\"font-size: 14pt;\">Defender nuestra democracia es fundamental para garantizar la alternancia partidista. Porque ya lo dec\u00eda el subsecretario Concheiro: M\u00e9xico necesita transitar de la democracia al comunismo, y este es precisamente el riesgo que se asoma en el 2024.<\/span><\/p>\n<p><span style=\"font-size: 14pt;\">Los reg\u00edmenes totalitarios hoy no llegan al poder desde la lucha armada, -como suced\u00eda hace varias d\u00e9cadas-, sino civilizadamente, a trav\u00e9s del voto ciudadano, vendiendo esperanzas. Sin embargo, cuando llegan al poder\u2026 se eternizan manipulando elecciones, como hoy sucede en Venezuela y Cuba.<\/span><\/p>\n<p><span style=\"font-size: 14pt;\">El reto de hoy es definir cu\u00e1l es el modelo de pa\u00eds que queremos heredar a las nuevas generaciones de mexicanos.<\/span><\/p>\n<p><span style=\"font-size: 14pt;\"><strong>EL LADO M\u00c1S OSCURO DE LA JUSTICIA<\/strong><\/span><\/p>\n<p><span style=\"font-size: 14pt;\">Los diputados de oposici\u00f3n, principalmente del PAN empiezan a denunciar el lado m\u00e1s oscuro de este r\u00e9gimen: las amenazas con expedientes judiciales si votan en contra de la ratificaci\u00f3n de Ernestina Godoy como fiscal general de la Ciudad de M\u00e9xico, as\u00ed como las denuncias de espionaje publicadas por el New York Times en contra de la fiscal\u00eda encabezada por Godoy.<\/span><\/p>\n<p><span style=\"font-size: 14pt;\">La diputada panista Luisa Guti\u00e9rrez denunci\u00f3 que hay un expediente en su contra por narcomenudeo. \u00bfEsta es la confianza que nos debe inspirar la responsable de la fiscal\u00eda?<\/span><\/p>\n<p><span style=\"font-size: 14pt;\">\u00bfA Usted qu\u00e9 le parece?<\/span><\/p>\n<p><img loading=\"lazy\" decoding=\"async\" class=\"alignnone wp-image-20600 size-full\" src=\"http:\/\/noticiasveracruz.com\/wp-content\/uploads\/2023\/11\/FIRMA-EDITORIAL-PD-2.jpg\" alt=\"\" width=\"1024\" height=\"125\" srcset=\"https:\/\/noticiasveracruz.com\/wp-content\/uploads\/2023\/11\/FIRMA-EDITORIAL-PD-2.jpg 1024w, https:\/\/noticiasveracruz.com\/wp-content\/uploads\/2023\/11\/FIRMA-EDITORIAL-PD-2-300x37.jpg 300w, https:\/\/noticiasveracruz.com\/wp-content\/uploads\/2023\/11\/FIRMA-EDITORIAL-PD-2-768x94.jpg 768w\" sizes=\"auto, (max-width: 1024px) 100vw, 1024px\" \/><\/p>\n","protected":false},"excerpt":{"rendered":"<p>Por Ricardo Homs Si usted piensa que me refiero a las grandes diferencias entre el proyecto de la 4T y<\/p>\n","protected":false},"author":4,"featured_media":3190,"comment_status":"closed","ping_status":"closed","sticky":false,"template":"","format":"standard","meta":{"colormag_page_container_layout":"default_layout","colormag_page_sidebar_layout":"default_layout","_jetpack_memberships_contains_paid_content":false,"footnotes":"","jetpack_publicize_message":"","jetpack_publicize_feature_enabled":true,"jetpack_social_post_already_shared":true,"jetpack_social_options":{"image_generator_settings":{"template":"highway","default_image_id":0,"font":"","enabled":false},"version":2}},"categories":[6],"tags":[],"class_list":["post-20616","post","type-post","status-publish","format-standard","has-post-thumbnail","hentry","category-columnistas"],"jetpack_publicize_connections":[],"jetpack_featured_media_url":"https:\/\/noticiasveracruz.com\/wp-content\/uploads\/2022\/04\/NV-RICARDO-HOMS.png","jetpack_sharing_enabled":true,"publishpress_future_action":{"enabled":false,"date":"2026-05-07 02:57:51","action":"change-status","newStatus":"draft","terms":[],"taxonomy":"category","extraData":[]},"publishpress_future_workflow_manual_trigger":{"enabledWorkflows":[]},"_links":{"self":[{"href":"https:\/\/noticiasveracruz.com\/index.php\/wp-json\/wp\/v2\/posts\/20616","targetHints":{"allow":["GET"]}}],"collection":[{"href":"https:\/\/noticiasveracruz.com\/index.php\/wp-json\/wp\/v2\/posts"}],"about":[{"href":"https:\/\/noticiasveracruz.com\/index.php\/wp-json\/wp\/v2\/types\/post"}],"author":[{"embeddable":true,"href":"https:\/\/noticiasveracruz.com\/index.php\/wp-json\/wp\/v2\/users\/4"}],"replies":[{"embeddable":true,"href":"https:\/\/noticiasveracruz.com\/index.php\/wp-json\/wp\/v2\/comments?post=20616"}],"version-history":[{"count":0,"href":"https:\/\/noticiasveracruz.com\/index.php\/wp-json\/wp\/v2\/posts\/20616\/revisions"}],"wp:featuredmedia":[{"embeddable":true,"href":"https:\/\/noticiasveracruz.com\/index.php\/wp-json\/wp\/v2\/media\/3190"}],"wp:attachment":[{"href":"https:\/\/noticiasveracruz.com\/index.php\/wp-json\/wp\/v2\/media?parent=20616"}],"wp:term":[{"taxonomy":"category","embeddable":true,"href":"https:\/\/noticiasveracruz.com\/index.php\/wp-json\/wp\/v2\/categories?post=20616"},{"taxonomy":"post_tag","embeddable":true,"href":"https:\/\/noticiasveracruz.com\/index.php\/wp-json\/wp\/v2\/tags?post=20616"}],"curies":[{"name":"wp","href":"https:\/\/api.w.org\/{rel}","templated":true}]}}