{"id":20613,"date":"2023-11-18T01:45:43","date_gmt":"2023-11-18T07:45:43","guid":{"rendered":"https:\/\/noticiasveracruz.com\/?p=20613"},"modified":"2023-11-18T01:45:43","modified_gmt":"2023-11-18T07:45:43","slug":"se-acabaron-consideraciones-politicas-en-la-fgj-dice-ernestina-godoy","status":"publish","type":"post","link":"https:\/\/noticiasveracruz.com\/index.php\/2023\/11\/18\/se-acabaron-consideraciones-politicas-en-la-fgj-dice-ernestina-godoy\/","title":{"rendered":"Se acabaron consideraciones pol\u00edticas en la FGJ, dice Ernestina Godoy"},"content":{"rendered":"<p><span style=\"font-size: 14pt;\">En la Fiscal\u00eda General de Justicia de la Ciudad de M\u00e9xico se acabaron las consideraciones pol\u00edticas y se cumplir\u00e1 con el deber a pesar de que ello implique la ratificaci\u00f3n, advirti\u00f3 la titular de la dependencia Ernestina Godoy Ramos.<\/span><\/p>\n<p><span style=\"font-size: 14pt;\">En la conmemoraci\u00f3n de los 104 a\u00f1os de la Polic\u00eda de Investigaci\u00f3n la abogada de la ciudad expuso que la corrupci\u00f3n es un delito que se debe castigar a quien lo cometa, sin importar que el trabajo resulte inc\u00f3modo para pol\u00edticos que desean el privilegio de la impunidad, \u201ceso no pasar\u00e1, que lo oigan bien, cumpliremos nuestro deber sin consideraciones pol\u00edticas\u201d.<\/span><\/p>\n<p><span style=\"font-size: 14pt;\">Asimismo, expuso que se acab\u00f3 \u201cel tiempo de la arbitrariedad y el abuso como medio para esclarecer los delitos; se acab\u00f3 la fabricaci\u00f3n de culpables o la creaci\u00f3n de chivos expiatorios para responder al reclamo social de justicia; se acab\u00f3 el uso de la polic\u00eda y los aparatos de investigaci\u00f3n criminal para realizar actos de espionaje pol\u00edtico\u201d.<\/span><\/p>\n<p><span style=\"font-size: 14pt;\">Record\u00f3 que en una sociedad democr\u00e1tica la funci\u00f3n policial tiene como objetivo esencial proteger los derechos y las libertades de las personas, por lo que combatir la impunidad es una contribuci\u00f3n de la FGJCDMX a la seguridad, convivencia y democracia en la capital del pa\u00eds, en apego a la Ley.<\/span><\/p>\n<p><span style=\"font-size: 14pt;\">Durante su discurso resalt\u00f3 el trabajo de la Polic\u00eda de Investigaci\u00f3n que durante est\u00e1 administraci\u00f3n se fortaleci\u00f3 a fin de formar un agrupamiento cient\u00edfico y profesional, que la ha convertida en la mejor polic\u00eda del pa\u00eds.<\/span><\/p>\n<p><span style=\"font-size: 14pt;\">En la ceremonia tambi\u00e9n se hizo un reconocimiento a los integrantes de este cuerpo policial que esta certificado al cien por ciento en perspectiva de g\u00e9nero, lo que convierte a la fiscal\u00eda en la primera instituci\u00f3n que tiene a sus investigadores con esta caracter\u00edstica, en coadyuvancia a las tareas encaminadas a erradicar la violencia contra las mujeres.<\/span><\/p>\n<p><span style=\"font-size: 14pt;\">Por su parte el Jefe General de la agrupaci\u00f3n, Francisco Almaz\u00e1n Barocio dio a conocer que se han ejecutado m\u00e1s de cinco mil mandamientos judiciales este a\u00f1o, lo que representa, dijo, un incremento mayor al 42 por ciento con relaci\u00f3n a 2018.<\/span><\/p>\n<p><span style=\"font-size: 14pt;\">Destac\u00f3 que de 2018 a la fecha se han cumplimentado 23 mil 800 \u00f3rdenes de aprensi\u00f3n, de las cuales mil 450 corresponden al delito de homicidio y nueve mil 500 a delitos de alto impacto, lo que ha contribuido a la disminuci\u00f3n de estos il\u00edcitos.<\/span><\/p>\n","protected":false},"excerpt":{"rendered":"<p>En la Fiscal\u00eda General de Justicia de la Ciudad de M\u00e9xico se acabaron las consideraciones pol\u00edticas y se cumplir\u00e1 con<\/p>\n","protected":false},"author":4,"featured_media":20614,"comment_status":"closed","ping_status":"closed","sticky":false,"template":"","format":"standard","meta":{"colormag_page_container_layout":"default_layout","colormag_page_sidebar_layout":"default_layout","_jetpack_memberships_contains_paid_content":false,"footnotes":"","jetpack_publicize_message":"","jetpack_publicize_feature_enabled":true,"jetpack_social_post_already_shared":true,"jetpack_social_options":{"image_generator_settings":{"template":"highway","default_image_id":0,"font":"","enabled":false},"version":2}},"categories":[4],"tags":[],"class_list":["post-20613","post","type-post","status-publish","format-standard","has-post-thumbnail","hentry","category-nacional"],"jetpack_publicize_connections":[],"jetpack_featured_media_url":"https:\/\/noticiasveracruz.com\/wp-content\/uploads\/2023\/11\/ERNESTINA-GODOY-696x415-1.jpg","jetpack_sharing_enabled":true,"publishpress_future_action":{"enabled":false,"date":"2026-05-07 02:13:55","action":"change-status","newStatus":"draft","terms":[],"taxonomy":"category","extraData":[]},"publishpress_future_workflow_manual_trigger":{"enabledWorkflows":[]},"_links":{"self":[{"href":"https:\/\/noticiasveracruz.com\/index.php\/wp-json\/wp\/v2\/posts\/20613","targetHints":{"allow":["GET"]}}],"collection":[{"href":"https:\/\/noticiasveracruz.com\/index.php\/wp-json\/wp\/v2\/posts"}],"about":[{"href":"https:\/\/noticiasveracruz.com\/index.php\/wp-json\/wp\/v2\/types\/post"}],"author":[{"embeddable":true,"href":"https:\/\/noticiasveracruz.com\/index.php\/wp-json\/wp\/v2\/users\/4"}],"replies":[{"embeddable":true,"href":"https:\/\/noticiasveracruz.com\/index.php\/wp-json\/wp\/v2\/comments?post=20613"}],"version-history":[{"count":0,"href":"https:\/\/noticiasveracruz.com\/index.php\/wp-json\/wp\/v2\/posts\/20613\/revisions"}],"wp:featuredmedia":[{"embeddable":true,"href":"https:\/\/noticiasveracruz.com\/index.php\/wp-json\/wp\/v2\/media\/20614"}],"wp:attachment":[{"href":"https:\/\/noticiasveracruz.com\/index.php\/wp-json\/wp\/v2\/media?parent=20613"}],"wp:term":[{"taxonomy":"category","embeddable":true,"href":"https:\/\/noticiasveracruz.com\/index.php\/wp-json\/wp\/v2\/categories?post=20613"},{"taxonomy":"post_tag","embeddable":true,"href":"https:\/\/noticiasveracruz.com\/index.php\/wp-json\/wp\/v2\/tags?post=20613"}],"curies":[{"name":"wp","href":"https:\/\/api.w.org\/{rel}","templated":true}]}}