{"id":20610,"date":"2023-11-18T01:42:18","date_gmt":"2023-11-18T07:42:18","guid":{"rendered":"https:\/\/noticiasveracruz.com\/?p=20610"},"modified":"2023-11-18T01:42:18","modified_gmt":"2023-11-18T07:42:18","slug":"fiscal-de-georgia-pide-que-juicio-electoral-a-trump-inicie-en-agosto","status":"publish","type":"post","link":"https:\/\/noticiasveracruz.com\/index.php\/2023\/11\/18\/fiscal-de-georgia-pide-que-juicio-electoral-a-trump-inicie-en-agosto\/","title":{"rendered":"Fiscal de Georgia pide que juicio electoral a Trump inicie en agosto"},"content":{"rendered":"<p><span style=\"font-size: 14pt;\">Washington.- Una fiscal de Georgia pidi\u00f3 este viernes a un juez que fije agosto de 2024 como fecha del comienzo del juicio contra el expresidente Donald Trump por presuntamente haber conspirado para alterar los resultados de las elecciones de 2020 en este estado del sur de Estados Unidos.<\/span><\/p>\n<p><span style=\"font-size: 14pt;\">La fiscal de distrito del condado de Fulton, Fani Willis, pidi\u00f3 que el juicio del ex mandatario republicano y sus 14 coacusados comenzar\u00e1 el 5 de agosto de 2024, tres meses antes de las elecciones presidenciales en las que Trump es favorito para la nominaci\u00f3n de su partido.<\/span><\/p>\n<p><span style=\"font-size: 14pt;\">Willis le dijo al juez Scott McAfee que ha elegido esa fecha para no interferir con \u00ablos otros juicios penales del acusado Trump\u00bb.<\/span><\/p>\n<p><span style=\"font-size: 14pt;\">En una entrevista con el Washington Post, Willis estim\u00f3 que el juicio durar\u00e1 \u00abmuchos meses\u00bb, quiz\u00e1 \u00abhasta el invierno o principios de 2025\u00bb. Trump y los dem\u00e1s est\u00e1n acusados de extorsi\u00f3n y otros delitos.<\/span><\/p>\n<p><span style=\"font-size: 14pt;\">Cuatro coacusados, incluidos tres ex abogados de la campa\u00f1a de Trump, ya se han declarado culpables de cargos menores en acuerdos que les evitaron penas de prisi\u00f3n.<\/span><\/p>\n<p><span style=\"font-size: 14pt;\">Trump se ha declarado no culpable de los cargos de implicaci\u00f3n en una conspiraci\u00f3n criminal para cambiar el resultado en Georgia, donde el dem\u00f3crata Joe Biden gan\u00f3 por unos 12 mil votos.<\/span><\/p>\n<p><span style=\"font-size: 14pt;\">El expresidente tambi\u00e9n se enfrenta a cargos federales por presuntamente haber intentado alterar el resultado de las elecciones de 2020 y obstruido la sesi\u00f3n del Congreso del 6 de enero de 2021 para certificar la victoria de Biden. Ese juicio comenzar\u00e1 en Washington en marzo de 2024.<\/span><\/p>\n<p><span style=\"font-size: 14pt;\">En mayo ser\u00e1 juzgado en Florida por presunta mala gesti\u00f3n de documentos secretos despu\u00e9s de partir de la Casa Blanca. Trump y sus dos hijos mayores est\u00e1n siendo juzgados actualmente en Nueva York por fraude empresarial.<\/span><\/p>\n","protected":false},"excerpt":{"rendered":"<p>Washington.- Una fiscal de Georgia pidi\u00f3 este viernes a un juez que fije agosto de 2024 como fecha del comienzo<\/p>\n","protected":false},"author":4,"featured_media":20611,"comment_status":"closed","ping_status":"closed","sticky":false,"template":"","format":"standard","meta":{"colormag_page_container_layout":"default_layout","colormag_page_sidebar_layout":"default_layout","_jetpack_memberships_contains_paid_content":false,"footnotes":"","jetpack_publicize_message":"","jetpack_publicize_feature_enabled":true,"jetpack_social_post_already_shared":true,"jetpack_social_options":{"image_generator_settings":{"template":"highway","default_image_id":0,"font":"","enabled":false},"version":2}},"categories":[355],"tags":[],"class_list":["post-20610","post","type-post","status-publish","format-standard","has-post-thumbnail","hentry","category-internacional"],"jetpack_publicize_connections":[],"jetpack_featured_media_url":"https:\/\/noticiasveracruz.com\/wp-content\/uploads\/2023\/11\/20230815174449419_1692255405_asset_still-scaled.jpeg","jetpack_sharing_enabled":true,"publishpress_future_action":{"enabled":false,"date":"2026-05-07 02:21:54","action":"change-status","newStatus":"draft","terms":[],"taxonomy":"category","extraData":[]},"publishpress_future_workflow_manual_trigger":{"enabledWorkflows":[]},"_links":{"self":[{"href":"https:\/\/noticiasveracruz.com\/index.php\/wp-json\/wp\/v2\/posts\/20610","targetHints":{"allow":["GET"]}}],"collection":[{"href":"https:\/\/noticiasveracruz.com\/index.php\/wp-json\/wp\/v2\/posts"}],"about":[{"href":"https:\/\/noticiasveracruz.com\/index.php\/wp-json\/wp\/v2\/types\/post"}],"author":[{"embeddable":true,"href":"https:\/\/noticiasveracruz.com\/index.php\/wp-json\/wp\/v2\/users\/4"}],"replies":[{"embeddable":true,"href":"https:\/\/noticiasveracruz.com\/index.php\/wp-json\/wp\/v2\/comments?post=20610"}],"version-history":[{"count":0,"href":"https:\/\/noticiasveracruz.com\/index.php\/wp-json\/wp\/v2\/posts\/20610\/revisions"}],"wp:featuredmedia":[{"embeddable":true,"href":"https:\/\/noticiasveracruz.com\/index.php\/wp-json\/wp\/v2\/media\/20611"}],"wp:attachment":[{"href":"https:\/\/noticiasveracruz.com\/index.php\/wp-json\/wp\/v2\/media?parent=20610"}],"wp:term":[{"taxonomy":"category","embeddable":true,"href":"https:\/\/noticiasveracruz.com\/index.php\/wp-json\/wp\/v2\/categories?post=20610"},{"taxonomy":"post_tag","embeddable":true,"href":"https:\/\/noticiasveracruz.com\/index.php\/wp-json\/wp\/v2\/tags?post=20610"}],"curies":[{"name":"wp","href":"https:\/\/api.w.org\/{rel}","templated":true}]}}