{"id":20607,"date":"2023-11-18T01:39:29","date_gmt":"2023-11-18T07:39:29","guid":{"rendered":"https:\/\/noticiasveracruz.com\/?p=20607"},"modified":"2023-11-18T01:39:29","modified_gmt":"2023-11-18T07:39:29","slug":"anuncia-alejandro-murat-su-renuncia-al-pri","status":"publish","type":"post","link":"https:\/\/noticiasveracruz.com\/index.php\/2023\/11\/18\/anuncia-alejandro-murat-su-renuncia-al-pri\/","title":{"rendered":"Anuncia Alejandro Murat su renuncia al PRI"},"content":{"rendered":"<p><span style=\"font-size: 14pt;\">El ex gobernador de Oaxaca, Alejandro Murat anunci\u00f3 anoche su \u201crenuncia irrevocable\u201d al PRI, su salida junto con un grupo de simpatizantes, ya que , advirti\u00f3, \u201cno puedo ser parte de algo que no me define como persona ni como pol\u00edtico y que no corresponde a la visi\u00f3n de M\u00e9xico que me anima a a seguir participando en la vida p\u00fablica\u201d.<\/span><\/p>\n<p><span style=\"font-size: 14pt;\">Luis Donaldo Colosio \u201cnos lo advirti\u00f3, M\u00e9xico no quiere aventuras pol\u00edticas, no quiere saltos al vac\u00edo\u201d, dijo y anunci\u00f3 la creaci\u00f3n de la Alianza Progresista por M\u00e9xico, que ser\u00e1 \u201cun espacio abierto de discusi\u00f3n, di\u00e1logo y reflexi\u00f3n para todos los mexicanos sin distinci\u00f3n, para que puedan participar, con el \u00fanico objetivo de aportar a la creaci\u00f3n del modelo de pa\u00eds que nos merecemos\u201d.<\/span><\/p>\n<p><span style=\"font-size: 14pt;\">Lo que menos necesita M\u00e9xico en estos momentos, insisti\u00f3, \u201c es la pol\u00edtica del miedo y del odio como estrategia electoral para ganar una elecci\u00f3n\u201d y al final en el proceso electoral del 2024, \u201cnos encontraremos en la disyuntiva de elegir participar entre la pol\u00edtica del cinismo o la pol\u00edtica de la esperanza\u201d.<\/span><\/p>\n<p><span style=\"font-size: 14pt;\">A trav\u00e9s de un video en redes sociales, el ex tambi\u00e9n ex legislador del PRI expres\u00f3 argumentos que explican por qu\u00e9 no avala el rumbo que la actual dirigencia del tricolor ha dado al partido. ni la alianza con PAN y PRD. \u201cCreo en el di\u00e1logo como la herramienta principal de la democracia, creo en las alianzas, pero en la alianzas con el pueblo\u201d.<\/span><\/p>\n<p><span style=\"font-size: 14pt;\">Como persona y pol\u00edtico \u201cme definen las acciones y los resultados. As\u00ed lo hice cuando fui diputado federal, director del Infonavit y gobernador de Oaxaca. Ejemplo de ello es el proyecto del Corredor Interoce\u00e1nico, producto de un acuerdo pol\u00edtico de los tres niveles de gobierno que permitir\u00e1 de una vez por todas, que el sureste de M\u00e9xico se incorpore al desarrollo nacional\u201d.<\/span><\/p>\n<p><span style=\"font-size: 14pt;\">Alejandro Murat resalt\u00f3 que la visi\u00f3n por la que siempre trabajo en el PRI \u201cse enmarcaba en una visi\u00f3n de los derechos del pueblo de M\u00e9xico, como una educaci\u00f3n p\u00fablica y gratuita, de calidad, que le permita a la ni\u00f1ez y la juventud hacer sus sue\u00f1os realidad. El derecho de cada familia mexicana acceder a un sistema de salud digno, el derecho de cada regi\u00f3n del pa\u00eds para poder consolidar su vocaci\u00f3n productiva y as\u00ed generar plataformas de inclusi\u00f3n social, laboral y de desarrollo\u201d.<\/span><\/p>\n<p><span style=\"font-size: 14pt;\">Asimismo, \u201cel derecho a un empleo digno para que cada familia mexicana y cada mexicano alcance la libertad plena que da un ingreso a su familia. El derecho a un campo con apoyos y mayor productividad, el derecho de los pueblos originarios a su libre determinaci\u00f3n, el derecho de las mujeres a una vida sin violencia\u201d.<\/span><\/p>\n<p><span style=\"font-size: 14pt;\">El derecho a un medio ambiente que de viabilidad a las presentes y futuras generaciones, el derecho a respetar las libertades, instituciones y la democracia. el derecho a un M\u00e9xico que crezca, pero de manera mas igual, \u201c en un contexto de seguridad, de justicia social para nuestras familias\u201d, lineamientos que guiar\u00e1n, resalt\u00f3. a la Alianza Progresista por M\u00e9xico.<\/span><\/p>\n","protected":false},"excerpt":{"rendered":"<p>El ex gobernador de Oaxaca, Alejandro Murat anunci\u00f3 anoche su \u201crenuncia irrevocable\u201d al PRI, su salida junto con un grupo<\/p>\n","protected":false},"author":4,"featured_media":20608,"comment_status":"closed","ping_status":"closed","sticky":false,"template":"","format":"standard","meta":{"colormag_page_container_layout":"default_layout","colormag_page_sidebar_layout":"default_layout","_jetpack_memberships_contains_paid_content":false,"footnotes":"","jetpack_publicize_message":"","jetpack_publicize_feature_enabled":true,"jetpack_social_post_already_shared":true,"jetpack_social_options":{"image_generator_settings":{"template":"highway","default_image_id":0,"font":"","enabled":false},"version":2}},"categories":[4],"tags":[],"class_list":["post-20607","post","type-post","status-publish","format-standard","has-post-thumbnail","hentry","category-nacional"],"jetpack_publicize_connections":[],"jetpack_featured_media_url":"https:\/\/noticiasveracruz.com\/wp-content\/uploads\/2023\/11\/Alejandro-Murat-7.jpg","jetpack_sharing_enabled":true,"publishpress_future_action":{"enabled":false,"date":"2026-05-07 00:26:23","action":"change-status","newStatus":"draft","terms":[],"taxonomy":"category","extraData":[]},"publishpress_future_workflow_manual_trigger":{"enabledWorkflows":[]},"_links":{"self":[{"href":"https:\/\/noticiasveracruz.com\/index.php\/wp-json\/wp\/v2\/posts\/20607","targetHints":{"allow":["GET"]}}],"collection":[{"href":"https:\/\/noticiasveracruz.com\/index.php\/wp-json\/wp\/v2\/posts"}],"about":[{"href":"https:\/\/noticiasveracruz.com\/index.php\/wp-json\/wp\/v2\/types\/post"}],"author":[{"embeddable":true,"href":"https:\/\/noticiasveracruz.com\/index.php\/wp-json\/wp\/v2\/users\/4"}],"replies":[{"embeddable":true,"href":"https:\/\/noticiasveracruz.com\/index.php\/wp-json\/wp\/v2\/comments?post=20607"}],"version-history":[{"count":0,"href":"https:\/\/noticiasveracruz.com\/index.php\/wp-json\/wp\/v2\/posts\/20607\/revisions"}],"wp:featuredmedia":[{"embeddable":true,"href":"https:\/\/noticiasveracruz.com\/index.php\/wp-json\/wp\/v2\/media\/20608"}],"wp:attachment":[{"href":"https:\/\/noticiasveracruz.com\/index.php\/wp-json\/wp\/v2\/media?parent=20607"}],"wp:term":[{"taxonomy":"category","embeddable":true,"href":"https:\/\/noticiasveracruz.com\/index.php\/wp-json\/wp\/v2\/categories?post=20607"},{"taxonomy":"post_tag","embeddable":true,"href":"https:\/\/noticiasveracruz.com\/index.php\/wp-json\/wp\/v2\/tags?post=20607"}],"curies":[{"name":"wp","href":"https:\/\/api.w.org\/{rel}","templated":true}]}}