{"id":20604,"date":"2023-11-18T01:36:36","date_gmt":"2023-11-18T07:36:36","guid":{"rendered":"https:\/\/noticiasveracruz.com\/?p=20604"},"modified":"2023-11-18T01:36:36","modified_gmt":"2023-11-18T07:36:36","slug":"designan-a-taboada-precandidato-unico-del-fam-a-la-cdmx","status":"publish","type":"post","link":"https:\/\/noticiasveracruz.com\/index.php\/2023\/11\/18\/designan-a-taboada-precandidato-unico-del-fam-a-la-cdmx\/","title":{"rendered":"Designan a Taboada precandidato \u00fanico del FAM a la CDMX"},"content":{"rendered":"<p><span style=\"font-size: 14pt;\">En un acuerdo cupular, los presidentes nacionales de la coalici\u00f3n integrada por el PAN, PRI y PRD, anunciaron anoche que su precandidato al gobierno capitalino es el panista Santiago Taboada Cortina, qui\u00e9n \u201crecibi\u00f3 el respaldo de la totalidad de los integrantes del \u00f3rgano de gobierno\u201d de esa alianza opositora.<\/span><\/p>\n<p class=\"western\"><span style=\"font-size: 14pt;\">A trav\u00e9s de un breve comunicado, se informa que \u201cconforme a la convocatoria correspondiente, el \u00f3rgano de gobierno de la coalici\u00f3n, que presiden Marko Cort\u00e9s, Alejandro Moreno y Jes\u00fas Zambrano, determin\u00f3 que solo uno de los aspirantes logr\u00f3 el consenso de los tres integrantes de esa instancia para ser considerado precandidato\u201d.<\/span><\/p>\n<p class=\"western\"><span style=\"font-size: 14pt;\">Se trata \u201cdel ciudadano Santiago Taboada Cortina, qui\u00e9n recibi\u00f3 el respaldo y, por lo tanto, es considerado precandidato de la Coalici\u00f3n Va X la Ciudad de M\u00e9xico a la Jefatura de Gobierno\u201d.<\/span><\/p>\n<p class=\"western\"><span style=\"font-size: 14pt;\">Se comunicar\u00e1 al Partido Acci\u00f3n Nacional el resultado de las deliberaciones para que bajo su orden estatutario se contin\u00fae el procedimiento de selecci\u00f3n, as\u00ed como a las dirigencias de los partidos Revolucionario Institucional y de la Revoluci\u00f3n Democr\u00e1tica, para los efectos legales correspondientes, se concluye.<\/span><\/p>\n","protected":false},"excerpt":{"rendered":"<p>En un acuerdo cupular, los presidentes nacionales de la coalici\u00f3n integrada por el PAN, PRI y PRD, anunciaron anoche que<\/p>\n","protected":false},"author":4,"featured_media":20605,"comment_status":"closed","ping_status":"closed","sticky":false,"template":"","format":"standard","meta":{"colormag_page_container_layout":"default_layout","colormag_page_sidebar_layout":"default_layout","_jetpack_memberships_contains_paid_content":false,"footnotes":"","jetpack_publicize_message":"","jetpack_publicize_feature_enabled":true,"jetpack_social_post_already_shared":true,"jetpack_social_options":{"image_generator_settings":{"template":"highway","default_image_id":0,"font":"","enabled":false},"version":2}},"categories":[145],"tags":[],"class_list":["post-20604","post","type-post","status-publish","format-standard","has-post-thumbnail","hentry","category-estados"],"jetpack_publicize_connections":[],"jetpack_featured_media_url":"https:\/\/noticiasveracruz.com\/wp-content\/uploads\/2023\/11\/Captura-de-Pantalla-2023-11-11-a-8.png","jetpack_sharing_enabled":true,"publishpress_future_action":{"enabled":false,"date":"2026-05-06 23:36:22","action":"change-status","newStatus":"draft","terms":[],"taxonomy":"category","extraData":[]},"publishpress_future_workflow_manual_trigger":{"enabledWorkflows":[]},"_links":{"self":[{"href":"https:\/\/noticiasveracruz.com\/index.php\/wp-json\/wp\/v2\/posts\/20604","targetHints":{"allow":["GET"]}}],"collection":[{"href":"https:\/\/noticiasveracruz.com\/index.php\/wp-json\/wp\/v2\/posts"}],"about":[{"href":"https:\/\/noticiasveracruz.com\/index.php\/wp-json\/wp\/v2\/types\/post"}],"author":[{"embeddable":true,"href":"https:\/\/noticiasveracruz.com\/index.php\/wp-json\/wp\/v2\/users\/4"}],"replies":[{"embeddable":true,"href":"https:\/\/noticiasveracruz.com\/index.php\/wp-json\/wp\/v2\/comments?post=20604"}],"version-history":[{"count":0,"href":"https:\/\/noticiasveracruz.com\/index.php\/wp-json\/wp\/v2\/posts\/20604\/revisions"}],"wp:featuredmedia":[{"embeddable":true,"href":"https:\/\/noticiasveracruz.com\/index.php\/wp-json\/wp\/v2\/media\/20605"}],"wp:attachment":[{"href":"https:\/\/noticiasveracruz.com\/index.php\/wp-json\/wp\/v2\/media?parent=20604"}],"wp:term":[{"taxonomy":"category","embeddable":true,"href":"https:\/\/noticiasveracruz.com\/index.php\/wp-json\/wp\/v2\/categories?post=20604"},{"taxonomy":"post_tag","embeddable":true,"href":"https:\/\/noticiasveracruz.com\/index.php\/wp-json\/wp\/v2\/tags?post=20604"}],"curies":[{"name":"wp","href":"https:\/\/api.w.org\/{rel}","templated":true}]}}